{"id":138830,"date":"2026-01-10T18:09:08","date_gmt":"2026-01-10T18:09:08","guid":{"rendered":"https:\/\/www.europesays.com\/fi\/138830\/"},"modified":"2026-01-10T18:09:08","modified_gmt":"2026-01-10T18:09:08","slug":"joel-hallikaisen-ja-heikki-hilanderin-show-on-kielletty-alle-60-vuotiailta-kaikki-silti-tervetulleita","status":"publish","type":"post","link":"https:\/\/www.europesays.com\/fi\/138830\/","title":{"rendered":"Joel Hallikaisen ja Heikki Hilanderin show on kielletty alle 60-vuotiailta &#8211; Kaikki silti tervetulleita!"},"content":{"rendered":"<p>\n            Joel Hallikaisen esitys on saanut nimekseen &#8221;Kielletty alle 60-vuotiailta!&#8221;.<br \/>\n            HarriHinkka\n        <\/p>\n<p class=\"subtitle \">Laulajan faneille luvataan, ettei ovella tarvitse n\u00e4ytt\u00e4\u00e4 henkkareita.<\/p>\n<p class=\"article-content article-content-width !bg-background\">Kuurankukka-hitist\u00e4 tunnetun laulaja  tulevien esitysten mainoksista voi saada hieman harhaanjohtavan kuvan.<\/p>\n<p class=\"article-content article-content-width !bg-background\">Joelin ja\u00a0koomikko\u2013imitaattori\u00a0\u00a0yhteinen show on saanut nimekseen Kielletty alle 60-vuotiailta!\u00a0<\/p>\n<p class=\"article-content article-content-width !bg-background\">Esimerkiksi Joelin <a href=\"https:\/\/www.facebook.com\/joelhallikainen.virallinensivusto\" target=\"_blank\" rel=\"nofollow noopener\">Facebook-tilill\u00e4<\/a> kysell\u00e4\u00e4nkin nauruemojien kera, saakohan paikalle tulla.<\/p>\n<p class=\"article-content article-content-width !bg-background\">Mainokseen onkin lis\u00e4tty varmuuden vuoksi, ettei ovella kysyt\u00e4 kenelt\u00e4k\u00e4\u00e4n henkkareita.<\/p>\n<p class=\"article-content article-content-width !bg-background\">\u2013\u00a0PS. Nuoremmatkin ovat l\u00e4mpim\u00e4sti tervetulleita, painotetaan my\u00f6s esimerkiksi yhten\u00e4 esityspaikkana toimivan\u00a0<a href=\"https:\/\/tkteatteri.fi\/ohjelmisto\/esitykset\/kielletty-alle-60-vuotiailta\/\" target=\"_blank\" rel=\"nofollow noopener\">Turun Kaupunginteatterin sivuilla<\/a>.<\/p>\n<p class=\"article-content article-content-width !bg-background\">Esityksi\u00e4 on helmi-maaliskuun aikana Turun lis\u00e4ksi muun muassa Raahessa. My\u00f6s Tampereen seudulla luvataan j\u00e4rjest\u00e4\u00e4 esitys kev\u00e4\u00e4n aikana.\u00a0Elokuussa on vuorossa Mustion kes\u00e4teatteri Raaseporissa. <\/p>\n<p>                <img loading=\"lazy\" decoding=\"async\" src=\"https:\/\/www.europesays.com\/fi\/wp-content\/uploads\/2026\/01\/2041896.webp.jpeg\" width=\"576\" height=\"600\" title=\"Joel Hallikaisen esitys on saanut nimekseen 'Kielletty alle 60-vuotiailta!'.\" alt=\"Joel Hallikainen kitara syliss\u00e4\u00e4n.\" \/>            <\/p>\n<p>\n            Joel Hallikaisen esitys on saanut nimekseen &#8221;Kielletty alle 60-vuotiailta!&#8221;.<br \/>\n            HarriHinkka\n        <\/p>\n<p>        <a itemprop=\"url\" href=\"https:\/\/www.seiska.fi\/kotimaa\/joel-hallikaiselta-64-pysayttava-paljastus\/2034324\" rel=\"nofollow noopener\" target=\"_blank\"><\/p>\n<p>\nHallikaisen, 64\n<\/p>\n<p class=\"section-date\">\n        <strong class=\"article-section\" data-section=\"kotimaa\"><br \/>\n            kotimaa<br \/>\n        <\/strong><br \/>\n        30.12.2025 17:30\n    <\/p>\n<p>Joel Hallikaiselta, 64, pys\u00e4ytt\u00e4v\u00e4 paljastus\n    <\/p>\n<p itemprop=\"description\" class=\"subtitle \">\n    Laulaja kuvailee hauta-arkkuaan Hapsuyksi\u00f6ksi.\n<\/p>\n<p>        <\/a><\/p>\n<p>Joelilla on aihetta juhlaan<\/p>\n<p class=\"article-content article-content-width !bg-background\">64-vuotias Joel kertoo omilla\u00a0<a href=\"http:\/\/joelhallikainen.com\/\" target=\"_blank\" rel=\"nofollow noopener\">nettisivuillaan<\/a>, ett\u00e4 alkanut vuosi on h\u00e4nelle erityinen.<\/p>\n<p class=\"article-content article-content-width !bg-background\">\u2013\u00a0Olen ollut 45 vuotta estradilla \u2013 yleis\u00f6n edess\u00e4. N\u00e4m\u00e4 vuodet ovat tuoneet mukanaan lukemattomia lauluja, keikkoja ja kohtaamisia, joista jokainen on ollut mahdollinen yleis\u00f6n ansiosta. Kiitos, ett\u00e4 olet ollut mukana matkassani, Joel kiitt\u00e4\u00e4.<\/p>\n<p class=\"article-content article-content-width !bg-background\">Joel aloitti soolouransa vuonna 1981, jolloin h\u00e4n erosi Korroosio-yhtyeest\u00e4. Uuden aallon yhtyeen suurin hitti oli Joelin s\u00e4velt\u00e4m\u00e4 Hei hei hei.<\/p>\n<p class=\"article-content article-content-width !bg-background\">Soolouransa isoimman hitin Joel julkaisi vuonna 1992, kun Kuurankukan sis\u00e4lt\u00e4nyt Joel Hallikainen -levy ilmestyi.<\/p>\n<p class=\"article-content article-content-width !bg-background\">Monipuolisen uransa aikana Joel on levytt\u00e4nyt my\u00f6s esimerkiksi hengellist\u00e4 musiikkia sek\u00e4 lastenmusiikkia Taikuri Telmuksen hahmossa.<\/p>\n<p class=\"article-content article-content-width !bg-background\">Musiikkiuransa ohella Joel muistetaan 90-luvun Tuttu juttu -suosikkiohjelman juontajana.<\/p>\n<p>        <a itemprop=\"url\" href=\"https:\/\/www.seiska.fi\/kotimaa\/joel-hallikainen-ja-timo-koivusalo-ystavyydelle-tyly-loppu\/1919011\" rel=\"nofollow noopener\" target=\"_blank\"><\/p>\n<p>\nHallikainen ja Koivusalo:\n<\/p>\n<p class=\"section-date\">\n        <strong class=\"article-section\" data-section=\"kotimaa\"><br \/>\n            kotimaa<br \/>\n        <\/strong><br \/>\n        21.9.2025 09:00\n    <\/p>\n<p>Joel Hallikainen ja Timo Koivusalo: Yst\u00e4vyydelle tyly loppu\n    <\/p>\n<p itemprop=\"description\" class=\"subtitle \">\n    Ys\u00e4rin superkaksikon v\u00e4lirikko vain syveni vuosien mittaan.\n<\/p>\n<p>        <\/a><\/p>\n","protected":false},"excerpt":{"rendered":"Joel Hallikaisen esitys on saanut nimekseen &#8221;Kielletty alle 60-vuotiailta!&#8221;. HarriHinkka Laulajan faneille luvataan, ettei ovella tarvitse n\u00e4ytt\u00e4\u00e4 henkkareita.&hellip;\n","protected":false},"author":2,"featured_media":138831,"comment_status":"","ping_status":"","sticky":false,"template":"","format":"standard","meta":{"footnotes":""},"categories":[136],"tags":[407,137,33,31,30,24108,3831,2093,408,22928,32,24107,11022,109],"class_list":{"0":"post-138830","1":"post","2":"type-post","3":"status-publish","4":"format-standard","5":"has-post-thumbnail","7":"category-julkkikset","8":"tag-celebrities","9":"tag-entertainment","10":"tag-fi","11":"tag-finland","12":"tag-finnish","13":"tag-heikki-hilander","14":"tag-iskelmatahti","15":"tag-joel-hallikainen","16":"tag-julkkikset","17":"tag-kuurankukka","18":"tag-suomi","19":"tag-turun-kaupunginteatteri","20":"tag-tuttu-juttu","21":"tag-viihde"},"share_on_mastodon":{"url":"https:\/\/pubeurope.com\/@fi\/115872147872292656","error":""},"_links":{"self":[{"href":"https:\/\/www.europesays.com\/fi\/wp-json\/wp\/v2\/posts\/138830","targetHints":{"allow":["GET"]}}],"collection":[{"href":"https:\/\/www.europesays.com\/fi\/wp-json\/wp\/v2\/posts"}],"about":[{"href":"https:\/\/www.europesays.com\/fi\/wp-json\/wp\/v2\/types\/post"}],"author":[{"embeddable":true,"href":"https:\/\/www.europesays.com\/fi\/wp-json\/wp\/v2\/users\/2"}],"replies":[{"embeddable":true,"href":"https:\/\/www.europesays.com\/fi\/wp-json\/wp\/v2\/comments?post=138830"}],"version-history":[{"count":0,"href":"https:\/\/www.europesays.com\/fi\/wp-json\/wp\/v2\/posts\/138830\/revisions"}],"wp:featuredmedia":[{"embeddable":true,"href":"https:\/\/www.europesays.com\/fi\/wp-json\/wp\/v2\/media\/138831"}],"wp:attachment":[{"href":"https:\/\/www.europesays.com\/fi\/wp-json\/wp\/v2\/media?parent=138830"}],"wp:term":[{"taxonomy":"category","embeddable":true,"href":"https:\/\/www.europesays.com\/fi\/wp-json\/wp\/v2\/categories?post=138830"},{"taxonomy":"post_tag","embeddable":true,"href":"https:\/\/www.europesays.com\/fi\/wp-json\/wp\/v2\/tags?post=138830"}],"curies":[{"name":"wp","href":"https:\/\/api.w.org\/{rel}","templated":true}]}}