{"id":138834,"date":"2026-01-10T18:15:09","date_gmt":"2026-01-10T18:15:09","guid":{"rendered":"https:\/\/www.europesays.com\/fi\/138834\/"},"modified":"2026-01-10T18:15:09","modified_gmt":"2026-01-10T18:15:09","slug":"etela-karjalassa-influenssahuippu-saattaa-olla-kasilla-paikalliset","status":"publish","type":"post","link":"https:\/\/www.europesays.com\/fi\/138834\/","title":{"rendered":"Etel\u00e4-Karjalassa influenssahuippu saattaa olla k\u00e4sill\u00e4 | Paikalliset"},"content":{"rendered":"<p>Eniten sairastetaan influenssan A-virusta. Liikkeell\u00e4 on my\u00f6s koronaa, rhino-, entero-, adeno- ja RS-virusta.<\/p>\n<p>Influenssan A-virusta sairastetaan nyt paljon Etel\u00e4-Karjalassa. Viime viikolla maakunnan influenssatartunnat olivat nousussa, Etel\u00e4-Karjalan hyvinvointialueen (Ekhva) infektioylil\u00e4\u00e4k\u00e4ri <strong>Annika Luukkainen<\/strong> sanoo. T\u00e4m\u00e4n viikon tilastoja ei ole viel\u00e4 saatu.<\/p>\n","protected":false},"excerpt":{"rendered":"Eniten sairastetaan influenssan A-virusta. Liikkeell\u00e4 on my\u00f6s koronaa, rhino-, entero-, adeno- ja RS-virusta. Influenssan A-virusta sairastetaan nyt paljon&hellip;\n","protected":false},"author":2,"featured_media":138835,"comment_status":"","ping_status":"","sticky":false,"template":"","format":"standard","meta":{"footnotes":""},"categories":[165],"tags":[4509,33,31,30,166,6313,764,32,767,765,679,167,769],"class_list":{"0":"post-138834","1":"post","2":"type-post","3":"status-publish","4":"format-standard","5":"has-post-thumbnail","7":"category-terveys","8":"tag-etela-karjalan-maakunta","9":"tag-fi","10":"tag-finland","11":"tag-finnish","12":"tag-health","13":"tag-influenssa","14":"tag-sairaudet","15":"tag-suomi","16":"tag-tartuntataudit","17":"tag-taudit-ja-hairiot","18":"tag-terveydenhuollon-toimintalaitokset","19":"tag-terveys","20":"tag-virussairaudet"},"share_on_mastodon":{"url":"https:\/\/pubeurope.com\/@fi\/115872171597307464","error":""},"_links":{"self":[{"href":"https:\/\/www.europesays.com\/fi\/wp-json\/wp\/v2\/posts\/138834","targetHints":{"allow":["GET"]}}],"collection":[{"href":"https:\/\/www.europesays.com\/fi\/wp-json\/wp\/v2\/posts"}],"about":[{"href":"https:\/\/www.europesays.com\/fi\/wp-json\/wp\/v2\/types\/post"}],"author":[{"embeddable":true,"href":"https:\/\/www.europesays.com\/fi\/wp-json\/wp\/v2\/users\/2"}],"replies":[{"embeddable":true,"href":"https:\/\/www.europesays.com\/fi\/wp-json\/wp\/v2\/comments?post=138834"}],"version-history":[{"count":0,"href":"https:\/\/www.europesays.com\/fi\/wp-json\/wp\/v2\/posts\/138834\/revisions"}],"wp:featuredmedia":[{"embeddable":true,"href":"https:\/\/www.europesays.com\/fi\/wp-json\/wp\/v2\/media\/138835"}],"wp:attachment":[{"href":"https:\/\/www.europesays.com\/fi\/wp-json\/wp\/v2\/media?parent=138834"}],"wp:term":[{"taxonomy":"category","embeddable":true,"href":"https:\/\/www.europesays.com\/fi\/wp-json\/wp\/v2\/categories?post=138834"},{"taxonomy":"post_tag","embeddable":true,"href":"https:\/\/www.europesays.com\/fi\/wp-json\/wp\/v2\/tags?post=138834"}],"curies":[{"name":"wp","href":"https:\/\/api.w.org\/{rel}","templated":true}]}}