{"id":13884,"date":"2025-08-23T07:59:08","date_gmt":"2025-08-23T07:59:08","guid":{"rendered":"https:\/\/www.europesays.com\/fi\/13884\/"},"modified":"2025-08-23T07:59:08","modified_gmt":"2025-08-23T07:59:08","slug":"vuonna-1983-kirka-lauloi-eraan-kappaleen-yhdella-otolla-nauhalle-nyt-biisi-tuli-viimein-julki","status":"publish","type":"post","link":"https:\/\/www.europesays.com\/fi\/13884\/","title":{"rendered":"Vuonna 1983 Kirka lauloi er\u00e4\u00e4n kappaleen yhdell\u00e4 otolla nauhalle \u2013 nyt biisi tuli viimein julki"},"content":{"rendered":"<p>N\u00e4in saatiin viel\u00e4 vuonna 2025 uutta Kirkaa kuunneltavaksi. Sony Music nimitt\u00e4in julkaisi p\u00f6yt\u00e4laatikkoon unohtuneen Kirkan levytyksen yli 40 vuoden takaa. Kappale on nimelt\u00e4\u00e4n Lady t\u00e4\u00e4 on el\u00e4m\u00e4\u00e4, ja sen synnyintarina on melkoinen sattumusten summa.<\/p>\n<p>29. joulukuuta 1983 muusikko ja tuottaja Kimmo Salovaara oli nimitt\u00e4in ty\u00f6skentelem\u00e4ss\u00e4 yhtyeens\u00e4\u00a0The Buddiesin\u00a0biisin parissa, kun h\u00e4n sai idean. Salovaara tuumasi, ett\u00e4 kappale voisi sopia hyvin Kirkalle, ja kun h\u00e4n tunsi t\u00e4m\u00e4n maineikkaan artistin omistamansa Millbrook Musiikki -soitinkaupan asiakkaana, Salovaara p\u00e4\u00e4tti soittaa t\u00e4lle. <\/p>\n<p>\u201cSoitin Kirkalle studion lankapuhelimesta ja kysyin, haluaisiko h\u00e4n tulla kokeilemaan yht\u00e4 biisi\u00e4. Yll\u00e4ttyksekseni h\u00e4n suostui ja olikin kohta jo paikan p\u00e4\u00e4ll\u00e4. H\u00e4n kuunteli ja treenasi biisin kerran l\u00e4pi ja sitten biisi vedettiinkin yhdell\u00e4 otolla narulle\u201d, Salovaara kertoo tiedotteessa.<\/p>\n<p>Syyst\u00e4 tai toisesta kappale unohtui arkistojen k\u00e4tk\u00f6ihin yli nelj\u00e4ksikymmeneksi vuodeksi. Aika ajoin biisi kuitenkin muistui tekij\u00e4n mieleen, ja viimein Salovaara otti yhteytt\u00e4 muusikko-tuottaja\u00a0V\u00e4in\u00f6 Walleniukseen ja kysyi, l\u00e4htisik\u00f6 t\u00e4m\u00e4 rakentamaan kappaletta uudestaan Kirkan lauluraidan ymp\u00e4rille. Wallenius tarttui haasteeseen ja otti mukaansa tuottaja\u00a0Jouni Aslakin. Walleniuksen kautta biisi p\u00e4\u00e4tyi lopulta my\u00f6s Sony Musicin ty\u00f6l\u00e4isten korviin, ja t\u00e4ss\u00e4 sit\u00e4 nyt ollaan. Kuuntele biisi alempaa:<\/p>\n<p><img loading=\"lazy\" decoding=\"async\" alt=\"YouTube video\" width=\"480\" height=\"360\" data-pin-nopin=\"true\" nopin=\"nopin\" class=\"perfmatters-lazy\" src=\"https:\/\/www.europesays.com\/fi\/wp-content\/uploads\/2025\/08\/1755935948_645_hqdefault.jpg\"\/><\/p>\n","protected":false},"excerpt":{"rendered":"N\u00e4in saatiin viel\u00e4 vuonna 2025 uutta Kirkaa kuunneltavaksi. Sony Music nimitt\u00e4in julkaisi p\u00f6yt\u00e4laatikkoon unohtuneen Kirkan levytyksen yli 40&hellip;\n","protected":false},"author":2,"featured_media":13885,"comment_status":"","ping_status":"","sticky":false,"template":"","format":"standard","meta":{"footnotes":""},"categories":[132],"tags":[137,33,31,30,195,47,32,109],"class_list":{"0":"post-13884","1":"post","2":"type-post","3":"status-publish","4":"format-standard","5":"has-post-thumbnail","7":"category-musiikki","8":"tag-entertainment","9":"tag-fi","10":"tag-finland","11":"tag-finnish","12":"tag-music","13":"tag-musiikki","14":"tag-suomi","15":"tag-viihde"},"share_on_mastodon":{"url":"","error":""},"_links":{"self":[{"href":"https:\/\/www.europesays.com\/fi\/wp-json\/wp\/v2\/posts\/13884","targetHints":{"allow":["GET"]}}],"collection":[{"href":"https:\/\/www.europesays.com\/fi\/wp-json\/wp\/v2\/posts"}],"about":[{"href":"https:\/\/www.europesays.com\/fi\/wp-json\/wp\/v2\/types\/post"}],"author":[{"embeddable":true,"href":"https:\/\/www.europesays.com\/fi\/wp-json\/wp\/v2\/users\/2"}],"replies":[{"embeddable":true,"href":"https:\/\/www.europesays.com\/fi\/wp-json\/wp\/v2\/comments?post=13884"}],"version-history":[{"count":0,"href":"https:\/\/www.europesays.com\/fi\/wp-json\/wp\/v2\/posts\/13884\/revisions"}],"wp:featuredmedia":[{"embeddable":true,"href":"https:\/\/www.europesays.com\/fi\/wp-json\/wp\/v2\/media\/13885"}],"wp:attachment":[{"href":"https:\/\/www.europesays.com\/fi\/wp-json\/wp\/v2\/media?parent=13884"}],"wp:term":[{"taxonomy":"category","embeddable":true,"href":"https:\/\/www.europesays.com\/fi\/wp-json\/wp\/v2\/categories?post=13884"},{"taxonomy":"post_tag","embeddable":true,"href":"https:\/\/www.europesays.com\/fi\/wp-json\/wp\/v2\/tags?post=13884"}],"curies":[{"name":"wp","href":"https:\/\/api.w.org\/{rel}","templated":true}]}}