{"id":138842,"date":"2026-01-10T18:21:08","date_gmt":"2026-01-10T18:21:08","guid":{"rendered":"https:\/\/www.europesays.com\/fi\/138842\/"},"modified":"2026-01-10T18:21:08","modified_gmt":"2026-01-10T18:21:08","slug":"trumpilta-uusi-asetus-venezuelan-oljysta","status":"publish","type":"post","link":"https:\/\/www.europesays.com\/fi\/138842\/","title":{"rendered":"Trumpilta uusi asetus Venezuelan \u00f6ljyst\u00e4"},"content":{"rendered":"<p>Trump sanoo est\u00e4neens\u00e4 venezuelalaisen \u00f6ljyn takavarikoinnin.<\/p>\n<p class=\"article-body mb-nof-24 px-nof-16\">Yhdysvaltain presidentti <a class=\"font-bold underline-offset-[0.12em] [text-decoration:var(--person-link-text-decoration)] ![text-decoration-color:var(--person-link-text-decoration-color)]\" href=\"https:\/\/www.is.fi\/haku\/?query=Donald%20Trump\" rel=\"nofollow noopener\" target=\"_blank\">Donald Trump <\/a>on allekirjoittanut asetuksen, jonka tarkoituksena on suojata Yhdysvaltain valtiovarainministeri\u00f6n tileill\u00e4 olevat Venezuelan \u00f6ljyn myynnist\u00e4 saadut tulot \u201dtakavarikolta tai oikeudellisilta menettelyilt\u00e4\u201d, Valkoinen talo ilmoitti lauantaina.<\/p>\n<p class=\"article-body mb-nof-24 px-nof-16\">Asiasta uutisoi Reuters.<\/p>\n<p class=\"article-body mb-nof-24 px-nof-16\">\u2013\u2009Presidentti Trump est\u00e4\u00e4 Venezuelan \u00f6ljytulojen takavarikoinnin, joka voisi heikent\u00e4\u00e4 Yhdysvaltojen t\u00e4rkeit\u00e4 pyrkimyksi\u00e4 varmistaa Venezuelan taloudellinen ja poliittinen vakaus, Valkoinen talo ilmoitti tiedotteessaan.<\/p>\n<p class=\"article-body mb-nof-24 px-nof-16\">Valkoisen talon<a class=\"underline underline-offset-[0.12em] [text-decoration-thickness:var(--generic-link-underline-thickness)] [text-decoration-color:var(--generic-link-underline-color)] [text-decoration-skip-ink:var(--generic-link-underline-skip-ink)] break-words\" href=\"https:\/\/www.whitehouse.gov\/fact-sheets\/2026\/01\/fact-sheet-president-donald-j-trump-safeguards-venezuelan-oil-revenue-for-the-good-of-the-american-and-venezuelan-people\/\" rel=\"nofollow noopener\" target=\"_blank\"> tiedotteen mukaan<\/a> presidentti Trump est\u00e4\u00e4 Venezuelan \u00f6ljytulojen takavarikoinnin, joka voisi heikent\u00e4\u00e4 Yhdysvaltain \u201dt\u00e4rkeit\u00e4 pyrkimyksi\u00e4 varmistaa Venezuelan taloudellinen ja poliittinen vakaus\u201d.<\/p>\n<p class=\"article-body mb-nof-24 px-nof-16\">Valkoisen talon mukaan n\u00e4iden varojen takavarikointi vaarantaisi suoraan Yhdysvaltojen tavoitteet, kuten laittomien maahanmuuttajien virran pys\u00e4ytt\u00e4misen ja laittomien huumeiden tulvan pys\u00e4ytt\u00e4misen.<\/p>\n<p class=\"article-body mb-nof-24 px-nof-16\">Huumeiden laajamittainen salakuljetus Yhdysvaltoihin Venezuelasta on yleisesti kumottu. Suuri syy huumekuolemien on fentanyyli, jota valmistetaan Meksikossa kiinalaisista raaka-aineista.<\/p>\n<p class=\"article-body mb-nof-24 px-nof-16\">Valkoinen talo tiedottaa, ett\u00e4 varat on varattu yksinomaan suvereeneihin tarkoituksiin, ja niiden suojelu vahvistaa Yhdysvaltojen kansainv\u00e4listen velvoitteiden noudattamista ja tukee laajempia diplomaattisia tavoitteita.<\/p>\n<p class=\"article-body mb-nof-24 px-nof-16\">Useat tahot ovat ilmoittaneet, ett\u00e4 Yhdysvaltain Venezuelan \u00f6ljyvarantojen haltuun ottaminen on kansainv\u00e4lisen oikeuden vastaista.<\/p>\n","protected":false},"excerpt":{"rendered":"Trump sanoo est\u00e4neens\u00e4 venezuelalaisen \u00f6ljyn takavarikoinnin. Yhdysvaltain presidentti Donald Trump on allekirjoittanut asetuksen, jonka tarkoituksena on suojata Yhdysvaltain&hellip;\n","protected":false},"author":2,"featured_media":138843,"comment_status":"","ping_status":"","sticky":false,"template":"","format":"standard","meta":{"footnotes":""},"categories":[14],"tags":[22,23,26,27,33,31,30,17,34,24,25,28,29,15,18,21,32,19,20,56,16,59,60,61],"class_list":{"0":"post-138842","1":"post","2":"type-post","3":"status-publish","4":"format-standard","5":"has-post-thumbnail","7":"category-ulkomaat","8":"tag-breaking-news","9":"tag-breakingnews","10":"tag-featured-news","11":"tag-featurednews","12":"tag-fi","13":"tag-finland","14":"tag-finnish","15":"tag-headlines","16":"tag-ilta-sanomat","17":"tag-latest-news","18":"tag-latestnews","19":"tag-main-news","20":"tag-mainnews","21":"tag-news","22":"tag-otsikot","23":"tag-paauutiset","24":"tag-suomi","25":"tag-top-stories","26":"tag-topstories","27":"tag-ulkomaat","28":"tag-uutiset","29":"tag-world","30":"tag-world-news","31":"tag-worldnews"},"share_on_mastodon":{"url":"https:\/\/pubeurope.com\/@fi\/115872195073041847","error":""},"_links":{"self":[{"href":"https:\/\/www.europesays.com\/fi\/wp-json\/wp\/v2\/posts\/138842","targetHints":{"allow":["GET"]}}],"collection":[{"href":"https:\/\/www.europesays.com\/fi\/wp-json\/wp\/v2\/posts"}],"about":[{"href":"https:\/\/www.europesays.com\/fi\/wp-json\/wp\/v2\/types\/post"}],"author":[{"embeddable":true,"href":"https:\/\/www.europesays.com\/fi\/wp-json\/wp\/v2\/users\/2"}],"replies":[{"embeddable":true,"href":"https:\/\/www.europesays.com\/fi\/wp-json\/wp\/v2\/comments?post=138842"}],"version-history":[{"count":0,"href":"https:\/\/www.europesays.com\/fi\/wp-json\/wp\/v2\/posts\/138842\/revisions"}],"wp:featuredmedia":[{"embeddable":true,"href":"https:\/\/www.europesays.com\/fi\/wp-json\/wp\/v2\/media\/138843"}],"wp:attachment":[{"href":"https:\/\/www.europesays.com\/fi\/wp-json\/wp\/v2\/media?parent=138842"}],"wp:term":[{"taxonomy":"category","embeddable":true,"href":"https:\/\/www.europesays.com\/fi\/wp-json\/wp\/v2\/categories?post=138842"},{"taxonomy":"post_tag","embeddable":true,"href":"https:\/\/www.europesays.com\/fi\/wp-json\/wp\/v2\/tags?post=138842"}],"curies":[{"name":"wp","href":"https:\/\/api.w.org\/{rel}","templated":true}]}}