{"id":138844,"date":"2026-01-10T18:22:08","date_gmt":"2026-01-10T18:22:08","guid":{"rendered":"https:\/\/www.europesays.com\/fi\/138844\/"},"modified":"2026-01-10T18:22:08","modified_gmt":"2026-01-10T18:22:08","slug":"huippuopiskelija-haki-oikeustieteelliseen-sitten-helsingin-yliopiston-epailyt-herasivat","status":"publish","type":"post","link":"https:\/\/www.europesays.com\/fi\/138844\/","title":{"rendered":"Huippuopiskelija haki oikeustieteelliseen \u2013 Sitten Helsingin yliopiston ep\u00e4ilyt her\u00e4siv\u00e4t"},"content":{"rendered":"<p>Kolmekymppisen naisen keplottelu k\u00e4vi verrattain kalliiksi.<\/p>\n<p><img decoding=\"async\" class=\"image image-show image-preview\" src=\"https:\/\/www.europesays.com\/fi\/wp-content\/uploads\/2026\/01\/09408d512e1a39d34a04612ddf65e9326ff8f5ad9bc7e96bb359301dab896cd2.jpg\" alt=\"\"\/><img decoding=\"async\" class=\"image image-show\" src=\"https:\/\/www.europesays.com\/fi\/wp-content\/uploads\/2026\/01\/1768069328_40_09408d512e1a39d34a04612ddf65e9326ff8f5ad9bc7e96bb359301dab896cd2.jpg\" alt=\"\"\/><\/p>\n<p>Helsingin yliopisto my\u00f6nsi naiselle opiskelupaikan. P\u00e4\u00e4t\u00f6s oli peruttava ja hakemus hyl\u00e4tt\u00e4v\u00e4. Kuvituskuva. Outi J\u00e4rvinen<\/p>\n<p class=\"paragraph\">32-vuotias nainen haki Helsingin yliopiston oikeustieteen maisterin koulutusohjelmaan maaliskuussa 2023.<\/p>\n<p class=\"paragraph\">Nainen oli opiskellut lakia kahdessa eri yliopistossa Lontoossa ja saanut kiitett\u00e4vi\u00e4 arvosanoja. Tai silt\u00e4 vaikutti.<\/p>\n<p class=\"paragraph\">Totuus oli kuitenkin toinen.<\/p>\n<p class=\"paragraph\">Nainen oli v\u00e4\u00e4rent\u00e4nyt arvosanojaan Helsingin yliopistolle luovuttamiinsa tutkintotodistuksiin: h\u00e4n oli korottanut niit\u00e4 roimasti.<\/p>\n<p class=\"paragraph\">Vilppi vaikutti hetken aikaa kannattaneen. Nainen valittiin oikeustieteelliseen tiedekuntaan maisteriohjelmaan.<\/p>\n<p class=\"paragraph\">Koulutusohjelma alkoi kuitenkin ep\u00e4ill\u00e4 ep\u00e4rehellisyytt\u00e4. Yliopisto pyysi lontoolaisilta oppilaitoksilta kopiot naisen todistuksista ja vertasi asiakirjoja naisen toimittamiin.<\/p>\n<p class=\"paragraph\">T\u00e4m\u00e4n j\u00e4lkeen koulutusohjelma arvioi uudelleen naisen sijoittumista suhteessa muihin valituiksi tulleisiin. Naisen todelliset arvosanat eiv\u00e4t riitt\u00e4neet opintopaikkaan, vaan varasijaan.<\/p>\n<p class=\"paragraph\">Yliopisto perui opiskelupaikan ja j\u00e4tti tutkintapyynn\u00f6n poliisille. Asia eteni syytt\u00e4j\u00e4lle ja lopulta k\u00e4r\u00e4j\u00e4oikeuteen.<\/p>\n<p class=\"paragraph\">Nainen ei saapunut oikeuden istuntoon, mutta asia ratkaistiin siit\u00e4 huolimatta.<\/p>\n<p class=\"paragraph\">Helsingin k\u00e4r\u00e4j\u00e4oikeus tuomitsi 35-vuotiaan naisen v\u00e4\u00e4rennyksest\u00e4 sakkorangaistukseen. 60 p\u00e4iv\u00e4sakkoa tekee h\u00e4nen tuloillaan yhteens\u00e4 1\u202f140 euroa.<\/p>\n","protected":false},"excerpt":{"rendered":"Kolmekymppisen naisen keplottelu k\u00e4vi verrattain kalliiksi. Helsingin yliopisto my\u00f6nsi naiselle opiskelupaikan. P\u00e4\u00e4t\u00f6s oli peruttava ja hakemus hyl\u00e4tt\u00e4v\u00e4. Kuvituskuva.&hellip;\n","protected":false},"author":2,"featured_media":138845,"comment_status":"","ping_status":"","sticky":false,"template":"","format":"standard","meta":{"footnotes":""},"categories":[12],"tags":[35,22,23,26,27,33,31,30,17,603,615,96,53,24,25,28,29,15,18,21,38,32,19,20,16],"class_list":{"0":"post-138844","1":"post","2":"type-post","3":"status-publish","4":"format-standard","5":"has-post-thumbnail","7":"category-suomi","8":"tag-24h","9":"tag-breaking-news","10":"tag-breakingnews","11":"tag-featured-news","12":"tag-featurednews","13":"tag-fi","14":"tag-finland","15":"tag-finnish","16":"tag-headlines","17":"tag-korkeakoulu","18":"tag-koulut","19":"tag-koulutus","20":"tag-laki-oikeus-ja-rikos","21":"tag-latest-news","22":"tag-latestnews","23":"tag-main-news","24":"tag-mainnews","25":"tag-news","26":"tag-otsikot","27":"tag-paauutiset","28":"tag-rikos","29":"tag-suomi","30":"tag-top-stories","31":"tag-topstories","32":"tag-uutiset"},"share_on_mastodon":{"url":"https:\/\/pubeurope.com\/@fi\/115872199094010975","error":""},"_links":{"self":[{"href":"https:\/\/www.europesays.com\/fi\/wp-json\/wp\/v2\/posts\/138844","targetHints":{"allow":["GET"]}}],"collection":[{"href":"https:\/\/www.europesays.com\/fi\/wp-json\/wp\/v2\/posts"}],"about":[{"href":"https:\/\/www.europesays.com\/fi\/wp-json\/wp\/v2\/types\/post"}],"author":[{"embeddable":true,"href":"https:\/\/www.europesays.com\/fi\/wp-json\/wp\/v2\/users\/2"}],"replies":[{"embeddable":true,"href":"https:\/\/www.europesays.com\/fi\/wp-json\/wp\/v2\/comments?post=138844"}],"version-history":[{"count":0,"href":"https:\/\/www.europesays.com\/fi\/wp-json\/wp\/v2\/posts\/138844\/revisions"}],"wp:featuredmedia":[{"embeddable":true,"href":"https:\/\/www.europesays.com\/fi\/wp-json\/wp\/v2\/media\/138845"}],"wp:attachment":[{"href":"https:\/\/www.europesays.com\/fi\/wp-json\/wp\/v2\/media?parent=138844"}],"wp:term":[{"taxonomy":"category","embeddable":true,"href":"https:\/\/www.europesays.com\/fi\/wp-json\/wp\/v2\/categories?post=138844"},{"taxonomy":"post_tag","embeddable":true,"href":"https:\/\/www.europesays.com\/fi\/wp-json\/wp\/v2\/tags?post=138844"}],"curies":[{"name":"wp","href":"https:\/\/api.w.org\/{rel}","templated":true}]}}