{"id":138846,"date":"2026-01-10T18:23:08","date_gmt":"2026-01-10T18:23:08","guid":{"rendered":"https:\/\/www.europesays.com\/fi\/138846\/"},"modified":"2026-01-10T18:23:08","modified_gmt":"2026-01-10T18:23:08","slug":"itasuomalaiselle-yritykselle-sataa-tilauksia-maailmalta-kun-aseiden-kaytto-lisaantyy-pohjois-savo","status":"publish","type":"post","link":"https:\/\/www.europesays.com\/fi\/138846\/","title":{"rendered":"It\u00e4\u00adsuomalaiselle yritykselle sataa tilauksia maailmalta, kun aseiden k\u00e4ytt\u00f6 lis\u00e4\u00e4ntyy | Pohjois-Savo"},"content":{"rendered":"<p class=\"aw-1gybjub aw-5vja16 kEtdKx kmuxyA yle__article__paragraph\">Ukrainan sota on kasvattanut suomalaisten vaimennin\u00advalmistajien myynti\u00e4. Kysynt\u00e4\u00e4 on erityisesti sotilask\u00e4ytt\u00f6\u00f6n tehdyille \u00e4\u00e4nen\u00advaimentimille.<\/p>\n<p><img decoding=\"async\" alt=\"Mies t\u00e4ht\u00e4\u00e4 aseella jossa on \u00e4\u00e4nenvaimennin kiinnitettyn\u00e4.\" src=\"https:\/\/www.europesays.com\/fi\/wp-content\/uploads\/2026\/01\/39-1578162695f55a3c012a.jpeg\" class=\"aw-1l9m598 hKVVvP\"\/><\/p>\n<p>Avaa kuvien katselu<\/p>\n<p>Suomalaisten \u00e4\u00e4nenvaimentimien kysynt\u00e4 on viime vuosina kasvanut maailmalla. Kuva: Sami Takkinen \/ Yle<\/p>\n<ul class=\"aw-1jjocuh iJTSwP yle__article__list yle__article__list--ul\">\n<li class=\"aw-1j7gwms gNYKfi\">Kontiolahtelaisen Ase Utran \u00e4\u00e4nenvaimentimien kysynt\u00e4 on kasvanut voimakkaasti Ukrainan sodan takia.<\/li>\n<li class=\"aw-1j7gwms gNYKfi\">Yhti\u00f6n liikevaihto kasvoi viime vuonna 45 prosenttia 7,4 miljoonaan euroon sotilask\u00e4yt\u00f6n ansiosta.<\/li>\n<li class=\"aw-1j7gwms gNYKfi\">My\u00f6s varkautelainen Jaki Tuote on laajentamassa tuotantoaan sotilask\u00e4ytt\u00f6\u00f6n tarkoitettuihin vaimentimiin.<\/li>\n<\/ul>\n<p class=\"aw-1gybjub aw-1p7kakr kEtdKx cEmitX yle__article__paragraph\">Pohjois-Karjalan Kontiolahdella \u00e4\u00e4nenvaimentimia valmistava Ase Utra on esimerkki siit\u00e4, miten kansainv\u00e4lisen turvallisuustilanteen kiristyminen voi n\u00e4ky\u00e4 my\u00f6nteisesti Suomessa.<\/p>\n<p class=\"aw-1gybjub aw-1p7kakr kEtdKx cEmitX yle__article__paragraph\">Ase Utra on Euroopan suurimpia vaimentimien valmistajia. Sen tuotteiden kysynt\u00e4 on Ukrainan sodan aikana jatkuvasti lis\u00e4\u00e4ntynyt. T\u00e4m\u00e4 n\u00e4kyy my\u00f6s yhti\u00f6n liikevaihdossa, joka kasvoi vuonna 2024 per\u00e4ti 41,5 prosenttia.<\/p>\n<p><img decoding=\"async\" alt=\"Valmiita \u00e4\u00e4nenvaimentajia hyllyyn lajiteltuna.\" src=\"https:\/\/www.europesays.com\/fi\/wp-content\/uploads\/2026\/01\/39-1577687695e1d4f12d1d.jpeg\" loading=\"lazy\" class=\"aw-1l9m598 hKVVvP\"\/><\/p>\n<p>Avaa kuvien katselu<\/p>\n<p>Ase Utra valmisti vuonna 2025 noin 35 000 vaimenninta. Kuva: Sami Takkinen \/ Yle<\/p>\n<p class=\"aw-1gybjub aw-1p7kakr kEtdKx cEmitX yle__article__paragraph\">Tahti on jatkunut samana my\u00f6s vuonna 2025. Toimitusjohtaja <strong class=\"aw-ak79eh KyCXm yle__article__strong\">Lauri Kakkosen<\/strong> mukaan yhti\u00f6n liikevaihto kasvoi vahvistamattoman tilinp\u00e4\u00e4t\u00f6ksen mukaan viime vuonna runsaat 45 prosenttia 7,4 miljoonaan euroon.<\/p>\n<p class=\"aw-1gybjub aw-1p7kakr kEtdKx cEmitX yle__article__paragraph\">\u2013 Kaikki viime vuosien suunnitellut myyntibudjetit ovat menneet alakanttiin. My\u00f6s t\u00e4lle vuodelle on yli 40 prosentin kasvuennuste.<\/p>\n<p class=\"aw-1gybjub aw-1p7kakr kEtdKx cEmitX yle__article__paragraph\"><strong class=\"aw-ak79eh KyCXm yle__article__strong\">Toimitusjohtaja Lauri Kakkonen kertoo t\u00e4ll\u00e4 videolla, miksi \u00e4\u00e4nenvaimentimien kysynt\u00e4 sotilask\u00e4ytt\u00f6\u00f6n on lis\u00e4\u00e4ntynyt.<\/strong><\/p>\n<p>Video: Sami Takkinen \/ Yle<\/p>\n<p class=\"aw-1gybjub aw-1p7kakr kEtdKx cEmitX yle__article__paragraph\">Ase Utra ty\u00f6llisti vuodenvaihteessa 26 henkil\u00f6\u00e4. Ty\u00f6ntekij\u00e4m\u00e4\u00e4r\u00e4 kasvaa alkuvuodesta kahdella.<\/p>\n<p>Taustalla sota Ukrainassa<\/p>\n<p class=\"aw-1gybjub aw-1p7kakr kEtdKx cEmitX yle__article__paragraph\">Maailmalla on kysynt\u00e4\u00e4 erityisesti sotilas- ja viranomaisk\u00e4ytt\u00f6\u00f6n tuleville vaimentimille. Ne muodostavat valtaosan Ase Utran tuotannosta.<\/p>\n<p class=\"aw-1gybjub aw-1p7kakr kEtdKx cEmitX yle__article__paragraph\">Toimitusjohtaja Lauri Kakkosen mukaan vaimentimia menee p\u00e4\u00e4asiassa Keski-Eurooppaan, mutta yrityksen tuotteita k\u00e4ytet\u00e4\u00e4n my\u00f6s Ukrainassa.<\/p>\n<p class=\"aw-1gybjub aw-1p7kakr kEtdKx cEmitX yle__article__paragraph\">\u2013 Kyse oli aikaisemmin erikoisjoukkojen kamppeista, mutta nyt niit\u00e4 k\u00e4ytt\u00e4\u00e4 jo ihan perusjalkav\u00e4ki.<\/p>\n<p><img decoding=\"async\" alt=\"Ase Utran valmistama \u00e4\u00e4nenvaimennin aseeseen kiinnitettyn\u00e4.\" src=\"https:\/\/www.europesays.com\/fi\/wp-content\/uploads\/2026\/01\/39-1577681695e1d4a2125a.jpeg\" loading=\"lazy\" class=\"aw-1l9m598 hKVVvP\"\/><\/p>\n<p>Avaa kuvien katselu<\/p>\n<p>Sotilask\u00e4ytt\u00f6\u00f6n tarkoitetussa vaimentimessa on l\u00e4pivirtauksen mahdollistava rakenne. R\u00f6pel\u00f6inen p\u00e4\u00e4 soveltuu tarvittaessa ikkunan rikkomiseen. Kuva: Sami Takkinen \/ YleVaimentimia my\u00f6s reservil\u00e4isille<\/p>\n<p class=\"aw-1gybjub aw-1p7kakr kEtdKx cEmitX yle__article__paragraph\">Ase Utran kanssa samoille apajille t\u00e4hy\u00e4\u00e4 my\u00f6s Suomen toiseksi suurin vaimenninvalmistaja Jaki Tuote Pohjois-Savossa. Varkautelainen perheyritys on valmistanut vaimentimia mets\u00e4stys- ja kilpa-ammuntaan vuodesta 2007 alkaen.<\/p>\n<p class=\"aw-1gybjub aw-1p7kakr kEtdKx cEmitX yle__article__paragraph\">Viisi ihmist\u00e4 ty\u00f6llist\u00e4v\u00e4n yrityksen liikevaihto on pysytellyt noin miljoonassa eurossa. Vuonna 2025 yrityksen liikevaihto nousi vahvistamattoman tilinp\u00e4\u00e4t\u00f6ksen mukaan 1,3 miljoonaan euroon.<\/p>\n<p class=\"aw-1gybjub aw-1p7kakr kEtdKx cEmitX yle__article__paragraph\">Toimitusjohtaja Aki Nyyss\u00f6nen selitt\u00e4\u00e4 kasvua lains\u00e4\u00e4d\u00e4nn\u00f6n muuttumisella keskieurooppalaisissa vientimaissa. Niiss\u00e4 \u00e4\u00e4nenvaimentimen k\u00e4ytt\u00f6 mets\u00e4styksess\u00e4 on ollut aiemmin kielletty.<\/p>\n<p class=\"aw-1gybjub aw-1p7kakr kEtdKx cEmitX yle__article__paragraph\"><strong class=\"aw-ak79eh KyCXm yle__article__strong\">T\u00e4ll\u00e4 videolla Jussi ja Aki Nyyss\u00f6nen kertovat, mihin \u00e4\u00e4nenvaimentimia tarvitaan.<\/strong><\/p>\n<p>Video: Sami Takkinen \/ Yle<\/p>\n<p class=\"aw-1gybjub aw-1p7kakr kEtdKx cEmitX yle__article__paragraph\">Nyt Jaki Tuote haluaa p\u00e4\u00e4st\u00e4 osaksi sotilaspuolen kasvavasta kysynn\u00e4st\u00e4.<\/p>\n<p class=\"aw-1gybjub aw-1p7kakr kEtdKx cEmitX yle__article__paragraph\">\u2013 Olemme t\u00e4m\u00e4n vuoden aikana siirtym\u00e4ss\u00e4 valmistamaan vaimentimia my\u00f6s sotilask\u00e4ytt\u00f6\u00f6n, Aki Nyyss\u00f6nen kertoo.<\/p>\n<p class=\"aw-1gybjub aw-1p7kakr kEtdKx cEmitX yle__article__paragraph\">H\u00e4nen mukaansa my\u00f6s monien maiden reservil\u00e4iset haluavat vaimentimia.<\/p>\n<p class=\"aw-1gybjub aw-1p7kakr kEtdKx cEmitX yle__article__paragraph\">\u2013 Puoliautomaattiaseiden k\u00e4ytt\u00f6 on lis\u00e4\u00e4ntynyt.<\/p>\n<p>Investointeja hillitysti<\/p>\n<p class=\"aw-1gybjub aw-1p7kakr kEtdKx cEmitX yle__article__paragraph\">Jaki Tuotteen toisen omistajan <strong class=\"aw-ak79eh KyCXm yle__article__strong\">Jussi Nyyss\u00f6sen<\/strong> mukaan sotilask\u00e4ytt\u00f6\u00f6n tarkoitettujen vaimentimien valmistaminen ei onnistu entisill\u00e4 koneilla.<\/p>\n<p class=\"aw-1gybjub aw-1p7kakr kEtdKx cEmitX yle__article__paragraph\">\u2013 Se on t\u00e4ysin erilainen tuote. Tarvitaan 3D-tulostus, ett\u00e4 vaimennin olisi kest\u00e4v\u00e4 ja saumaton.<\/p>\n<p class=\"aw-1gybjub aw-1p7kakr kEtdKx cEmitX yle__article__paragraph\">Nyyss\u00f6sten mukaan kyseess\u00e4 olisi kallis investointi. Sen vuoksi suunnitelmissa on ainakin alkuvaiheessa turvautua alihankintaan.<\/p>\n<p class=\"aw-1gybjub aw-1p7kakr kEtdKx cEmitX yle__article__paragraph\">\u2013 Pelk\u00e4st\u00e4\u00e4n suunnitteluun ja testaukseen uppoaa kymmeni\u00e4 tuhansia euroja, Jussi Nyyss\u00f6nen arvioi.<\/p>\n<p><img decoding=\"async\" alt=\"Jussi Nyyss\u00f6nen tarkastaa \u00e4\u00e4nenvaimentimen suoruuden.\" src=\"https:\/\/www.europesays.com\/fi\/wp-content\/uploads\/2026\/01\/39-1578173695f55aa37665.jpeg\" loading=\"lazy\" class=\"aw-1l9m598 hKVVvP\"\/><\/p>\n<p>Avaa kuvien katselu<\/p>\n<p>Jussi Nyyss\u00f6nen tarkistaa, ett\u00e4 \u00e4\u00e4nenvaimentimen laatu on kunnossa. Kuva: Sami Takkinen \/ Yle<\/p>\n","protected":false},"excerpt":{"rendered":"Ukrainan sota on kasvattanut suomalaisten vaimennin\u00advalmistajien myynti\u00e4. Kysynt\u00e4\u00e4 on erityisesti sotilask\u00e4ytt\u00f6\u00f6n tehdyille \u00e4\u00e4nen\u00advaimentimille. Avaa kuvien katselu Suomalaisten \u00e4\u00e4nenvaimentimien&hellip;\n","protected":false},"author":2,"featured_media":138847,"comment_status":"","ping_status":"","sticky":false,"template":"","format":"standard","meta":{"footnotes":""},"categories":[5],"tags":[24115,3981,24114,22,23,26,27,33,31,30,17,1686,71,24,25,28,29,15,18,21,1137,1136,7551,32,19,20,16,2915],"class_list":{"0":"post-138846","1":"post","2":"type-post","3":"status-publish","4":"format-standard","5":"has-post-thumbnail","7":"category-otsikot","8":"tag-aanenvaimentimet","9":"tag-ampuminen","10":"tag-aseen-aanenvaimennin","11":"tag-breaking-news","12":"tag-breakingnews","13":"tag-featured-news","14":"tag-featurednews","15":"tag-fi","16":"tag-finland","17":"tag-finnish","18":"tag-headlines","19":"tag-kontiolahti","20":"tag-kotimaa","21":"tag-latest-news","22":"tag-latestnews","23":"tag-main-news","24":"tag-mainnews","25":"tag-news","26":"tag-otsikot","27":"tag-paauutiset","28":"tag-pohjois-karjala","29":"tag-pohjois-savo","30":"tag-puolustustarviketeollisuus","31":"tag-suomi","32":"tag-top-stories","33":"tag-topstories","34":"tag-uutiset","35":"tag-varkaus"},"share_on_mastodon":{"url":"https:\/\/pubeurope.com\/@fi\/115872202973942498","error":""},"_links":{"self":[{"href":"https:\/\/www.europesays.com\/fi\/wp-json\/wp\/v2\/posts\/138846","targetHints":{"allow":["GET"]}}],"collection":[{"href":"https:\/\/www.europesays.com\/fi\/wp-json\/wp\/v2\/posts"}],"about":[{"href":"https:\/\/www.europesays.com\/fi\/wp-json\/wp\/v2\/types\/post"}],"author":[{"embeddable":true,"href":"https:\/\/www.europesays.com\/fi\/wp-json\/wp\/v2\/users\/2"}],"replies":[{"embeddable":true,"href":"https:\/\/www.europesays.com\/fi\/wp-json\/wp\/v2\/comments?post=138846"}],"version-history":[{"count":0,"href":"https:\/\/www.europesays.com\/fi\/wp-json\/wp\/v2\/posts\/138846\/revisions"}],"wp:featuredmedia":[{"embeddable":true,"href":"https:\/\/www.europesays.com\/fi\/wp-json\/wp\/v2\/media\/138847"}],"wp:attachment":[{"href":"https:\/\/www.europesays.com\/fi\/wp-json\/wp\/v2\/media?parent=138846"}],"wp:term":[{"taxonomy":"category","embeddable":true,"href":"https:\/\/www.europesays.com\/fi\/wp-json\/wp\/v2\/categories?post=138846"},{"taxonomy":"post_tag","embeddable":true,"href":"https:\/\/www.europesays.com\/fi\/wp-json\/wp\/v2\/tags?post=138846"}],"curies":[{"name":"wp","href":"https:\/\/api.w.org\/{rel}","templated":true}]}}