{"id":138850,"date":"2026-01-10T18:35:08","date_gmt":"2026-01-10T18:35:08","guid":{"rendered":"https:\/\/www.europesays.com\/fi\/138850\/"},"modified":"2026-01-10T18:35:08","modified_gmt":"2026-01-10T18:35:08","slug":"anni-vuohijoen-pysayttava-teksti-en-halua-olla-aiti","status":"publish","type":"post","link":"https:\/\/www.europesays.com\/fi\/138850\/","title":{"rendered":"Anni Vuohijoen pys\u00e4ytt\u00e4v\u00e4 teksti: \u201dEn halua olla \u00e4iti\u201d"},"content":{"rendered":"<p>Ex-painonnostaja <strong>Anni Vuohijoki<\/strong> on tehnyt \u00e4itiyteen liittyv\u00e4n julkaisun. Se liittyy samalla h\u00e4nen veljeens\u00e4, joka menehtyi ollessaan vain 23-vuotias. Vuohijoella on poika nimelt\u00e4\u00e4n <strong>Lauri<\/strong>. H\u00e4n on saanut nimen \u00e4itins\u00e4 kuolleelta veljelt\u00e4.<\/p>\n<p>\u2013 Kerron teille salaisuuden. Veljeni kuoleman suurin trauma ei ollut se v\u00e4kivalta ja pelot vaan suru, joka valtasi vanhempani. Se suru ja tuska on asia, joka salpaa hengitykseni edelleen, alustaa Vuohijoki aihetta.<\/p>\n<p>Annin poika on kaatunut ja ly\u00f6nyt p\u00e4\u00e4ns\u00e4. Se on tuonut Annin mieleen tuskallisia ajatuksia.<\/p>\n<p>\u2013 En halua olla \u00e4iti. Se ajatus hiipi mieleen. Ei siksi etten rakastaisi poikaani vaan siksi, etten halua joutua kohtaamaan sit\u00e4 tuskaa mit\u00e4 oman lapsensa menett\u00e4minen tai sen pelko minussa aiheutti, kirjoittaa Vuohijoki.<\/p>\n<p>Lue my\u00f6s: <a href=\"https:\/\/www.como.fi\/uutiset\/anni-vuohijoki-menetti-hermot-menopeli-vaihtui-hyvasta-syysta\/\" title=\"Anni Vuohijoki menetti hermot \u2013 menopeli vaihtui hyv\u00e4st\u00e4 syyst\u00e4\" class=\"underline-custom !font-montserrat !font-bold !underline-offset-4 !decoration-4 !decoration-red-600 !text-md\" rel=\"nofollow noopener\" target=\"_blank\">Anni Vuohijoki menetti hermot \u2013 menopeli vaihtui hyv\u00e4st\u00e4 syyst\u00e4<\/a><\/p>\n<p>Anni oli valvonut y\u00f6n valvoen poikansa unta. H\u00e4nen mielest\u00e4\u00e4n \u201dvanhemmuus tekee pahimmat pelot ja traumat n\u00e4kyviksi\u201d.<\/p>\n<p>\u2013 T\u00e4m\u00e4 tie on ollut el\u00e4m\u00e4ni raskain mutta samalla opettavaisin. Lauri on parantava voima. Ja joka p\u00e4iv\u00e4 olen kiitollinen siit\u00e4, ett\u00e4 h\u00e4n pakotti minut tutustumaan siihen ihmiseen, joka sisimmiss\u00e4ni haluan olla, lukee viel\u00e4 julkaisun lopussa.<\/p>\n<p>Annin julkaisu n\u00e4kyy t\u00e4ss\u00e4 alla ja <a href=\"https:\/\/www.instagram.com\/p\/DTPftjCigQ5\/?utm_source=ig_web_copy_link&amp;igsh=MzRlODBiNWFlZA==\" target=\"_blank\" rel=\"noreferrer noopener nofollow\">t\u00e4\u00e4ll\u00e4<\/a>.<\/p>\n<p>Lue my\u00f6s: <a href=\"https:\/\/www.como.fi\/tilaa-comon-uutiskirje\/\" title=\"Tilaa Comon uutiskirje ja tied\u00e4t mist\u00e4 kahvitauolla puhutaan! Nappaa kotimaan tv-vinkit ja puheenaiheet suoraan s\u00e4hk\u00f6postiin t\u00e4st\u00e4.\" class=\"underline-custom !font-montserrat !font-bold !underline-offset-4 !decoration-4 !decoration-red-600 !text-md\" rel=\"nofollow noopener\" target=\"_blank\">Tilaa Comon uutiskirje ja tied\u00e4t mist\u00e4 kahvitauolla puhutaan! Nappaa kotimaan tv-vinkit ja puheenaiheet suoraan s\u00e4hk\u00f6postiin t\u00e4st\u00e4.<\/a><\/p>\n<p>\t\t\t<script async src=\"\/\/www.instagram.com\/embed.js\"><\/script><\/p>\n","protected":false},"excerpt":{"rendered":"Ex-painonnostaja Anni Vuohijoki on tehnyt \u00e4itiyteen liittyv\u00e4n julkaisun. Se liittyy samalla h\u00e4nen veljeens\u00e4, joka menehtyi ollessaan vain 23-vuotias.&hellip;\n","protected":false},"author":2,"featured_media":138851,"comment_status":"","ping_status":"","sticky":false,"template":"","format":"standard","meta":{"footnotes":""},"categories":[136],"tags":[17354,407,137,33,31,30,408,32,109],"class_list":{"0":"post-138850","1":"post","2":"type-post","3":"status-publish","4":"format-standard","5":"has-post-thumbnail","7":"category-julkkikset","8":"tag-anni-vuohijoki","9":"tag-celebrities","10":"tag-entertainment","11":"tag-fi","12":"tag-finland","13":"tag-finnish","14":"tag-julkkikset","15":"tag-suomi","16":"tag-viihde"},"share_on_mastodon":{"url":"https:\/\/pubeurope.com\/@fi\/115872250083357468","error":""},"_links":{"self":[{"href":"https:\/\/www.europesays.com\/fi\/wp-json\/wp\/v2\/posts\/138850","targetHints":{"allow":["GET"]}}],"collection":[{"href":"https:\/\/www.europesays.com\/fi\/wp-json\/wp\/v2\/posts"}],"about":[{"href":"https:\/\/www.europesays.com\/fi\/wp-json\/wp\/v2\/types\/post"}],"author":[{"embeddable":true,"href":"https:\/\/www.europesays.com\/fi\/wp-json\/wp\/v2\/users\/2"}],"replies":[{"embeddable":true,"href":"https:\/\/www.europesays.com\/fi\/wp-json\/wp\/v2\/comments?post=138850"}],"version-history":[{"count":0,"href":"https:\/\/www.europesays.com\/fi\/wp-json\/wp\/v2\/posts\/138850\/revisions"}],"wp:featuredmedia":[{"embeddable":true,"href":"https:\/\/www.europesays.com\/fi\/wp-json\/wp\/v2\/media\/138851"}],"wp:attachment":[{"href":"https:\/\/www.europesays.com\/fi\/wp-json\/wp\/v2\/media?parent=138850"}],"wp:term":[{"taxonomy":"category","embeddable":true,"href":"https:\/\/www.europesays.com\/fi\/wp-json\/wp\/v2\/categories?post=138850"},{"taxonomy":"post_tag","embeddable":true,"href":"https:\/\/www.europesays.com\/fi\/wp-json\/wp\/v2\/tags?post=138850"}],"curies":[{"name":"wp","href":"https:\/\/api.w.org\/{rel}","templated":true}]}}