{"id":138856,"date":"2026-01-10T18:44:08","date_gmt":"2026-01-10T18:44:08","guid":{"rendered":"https:\/\/www.europesays.com\/fi\/138856\/"},"modified":"2026-01-10T18:44:08","modified_gmt":"2026-01-10T18:44:08","slug":"pirkanmaan-susitilanne-muutoksessa-sastamalan-lauma-levittaytymassa-nokialle-2","status":"publish","type":"post","link":"https:\/\/www.europesays.com\/fi\/138856\/","title":{"rendered":"Pirkanmaan susitilanne muutoksessa \u2013 Sastamalan lauma levitt\u00e4ytym\u00e4ss\u00e4 Nokialle"},"content":{"rendered":"<p>Stormi on uusi perhelaumareviiri.<\/p>\n<p class=\"article-body mb-nof-24 px-nof-16\">Nokian seudun riistanhoitoyhdistyksen mukaan osa suurempaa susilaumaa saattaa olla siirtym\u00e4ss\u00e4 Sastamalasta Nokialle. Asiasta kertoo yhdistyksen toiminnanjohtaja <a class=\"font-bold underline-offset-[0.12em] [text-decoration:var(--person-link-text-decoration)] ![text-decoration-color:var(--person-link-text-decoration-color)]\" href=\"https:\/\/www.tyrvaansanomat.fi\/haku\/?query=Kimmo%20Alakoski\" rel=\"nofollow noopener\" target=\"_blank\">Kimmo Alakoski<\/a>.<\/p>\n<p class=\"article-body mb-nof-24 px-nof-16\">\u201dNokialla on ollut monen vuoden ajan vain yksitt\u00e4isi\u00e4 susik\u00e4vij\u00f6it\u00e4. Nuoria yksil\u00f6it\u00e4 on havaittu erityisesti kev\u00e4ttalvisin. Nyt on havaittu s\u00e4\u00e4nn\u00f6llisemp\u00e4\u00e4 liikennett\u00e4 Tottij\u00e4rven-Sarkolan suunnalla.\u201d<\/p>\n","protected":false},"excerpt":{"rendered":"Stormi on uusi perhelaumareviiri. Nokian seudun riistanhoitoyhdistyksen mukaan osa suurempaa susilaumaa saattaa olla siirtym\u00e4ss\u00e4 Sastamalasta Nokialle. Asiasta kertoo&hellip;\n","protected":false},"author":2,"featured_media":138857,"comment_status":"","ping_status":"","sticky":false,"template":"","format":"standard","meta":{"footnotes":""},"categories":[112],"tags":[33,31,30,118,32,119,3885],"class_list":{"0":"post-138856","1":"post","2":"type-post","3":"status-publish","4":"format-standard","5":"has-post-thumbnail","7":"category-tiede","8":"tag-fi","9":"tag-finland","10":"tag-finnish","11":"tag-science","12":"tag-suomi","13":"tag-tiede","14":"tag-tyrvaan-sanomat"},"share_on_mastodon":{"url":"https:\/\/pubeurope.com\/@fi\/115872285504609314","error":""},"_links":{"self":[{"href":"https:\/\/www.europesays.com\/fi\/wp-json\/wp\/v2\/posts\/138856","targetHints":{"allow":["GET"]}}],"collection":[{"href":"https:\/\/www.europesays.com\/fi\/wp-json\/wp\/v2\/posts"}],"about":[{"href":"https:\/\/www.europesays.com\/fi\/wp-json\/wp\/v2\/types\/post"}],"author":[{"embeddable":true,"href":"https:\/\/www.europesays.com\/fi\/wp-json\/wp\/v2\/users\/2"}],"replies":[{"embeddable":true,"href":"https:\/\/www.europesays.com\/fi\/wp-json\/wp\/v2\/comments?post=138856"}],"version-history":[{"count":0,"href":"https:\/\/www.europesays.com\/fi\/wp-json\/wp\/v2\/posts\/138856\/revisions"}],"wp:featuredmedia":[{"embeddable":true,"href":"https:\/\/www.europesays.com\/fi\/wp-json\/wp\/v2\/media\/138857"}],"wp:attachment":[{"href":"https:\/\/www.europesays.com\/fi\/wp-json\/wp\/v2\/media?parent=138856"}],"wp:term":[{"taxonomy":"category","embeddable":true,"href":"https:\/\/www.europesays.com\/fi\/wp-json\/wp\/v2\/categories?post=138856"},{"taxonomy":"post_tag","embeddable":true,"href":"https:\/\/www.europesays.com\/fi\/wp-json\/wp\/v2\/tags?post=138856"}],"curies":[{"name":"wp","href":"https:\/\/api.w.org\/{rel}","templated":true}]}}