{"id":138860,"date":"2026-01-10T18:47:08","date_gmt":"2026-01-10T18:47:08","guid":{"rendered":"https:\/\/www.europesays.com\/fi\/138860\/"},"modified":"2026-01-10T18:47:08","modified_gmt":"2026-01-10T18:47:08","slug":"usan-ex-ministeri-trump-uhkaa-koko-ihmiskuntaa","status":"publish","type":"post","link":"https:\/\/www.europesays.com\/fi\/138860\/","title":{"rendered":"USA:n ex-ministeri: Trump uhkaa koko ihmiskuntaa"},"content":{"rendered":"<p>Yhdysvaltain entinen ty\u00f6ministeri ei s\u00e4\u00e4stele sanojaan tuoreessa kolumnissaan.<\/p>\n<p><img decoding=\"async\" class=\"image image-show image-preview\" src=\"https:\/\/www.europesays.com\/fi\/wp-content\/uploads\/2026\/01\/cf92a2aa0fa94e359fc849fc91ab02ef71674746f7acff389e956bf77ea5c188.jpg\" alt=\"\"\/><img decoding=\"async\" class=\"image image-show\" src=\"https:\/\/www.europesays.com\/fi\/wp-content\/uploads\/2026\/01\/1768070828_699_cf92a2aa0fa94e359fc849fc91ab02ef71674746f7acff389e956bf77ea5c188.jpg\" alt=\"\"\/><\/p>\n<p>Demokraattipuoluetta edustanut Robert Reich ty\u00f6skenteli Yhdysvaltain ty\u00f6ministerin\u00e4 vuosina 1993\u20131997. Nykyisin h\u00e4n on kirjailija. ERIK S. LESSER, EPA\/AOP<\/p>\n<p class=\"paragraph\">\u2013 Donald Trump uhkaa koko ihmiskuntaa.<\/p>\n<p class=\"paragraph\">N\u00e4in Yhdysvaltain entinen ty\u00f6ministeri <strong>Robert Reich<\/strong> otsikoi kolumninsa brittilehti <a href=\"https:\/\/www.theguardian.com\/commentisfree\/2026\/jan\/06\/donald-trump-threat-civilization\" target=\"_blank\" rel=\"noopener nofollow\">The Guardianissa<\/a>.<\/p>\n<p class=\"paragraph\">Reichin mukaan Trumpin hy\u00f6kk\u00e4ys Venezuelaan ja uhkaukset Kuubaa, Kolumbiaa ja Gr\u00f6nlantia vastaan heikent\u00e4v\u00e4t kotimaista ja kansainv\u00e4list\u00e4 oikeutta.<\/p>\n<p class=\"paragraph\">\u2013 Sivistyneen yhteiskunnan moraalinen tarkoitus on est\u00e4\u00e4 vahvempia hy\u00f6kk\u00e4\u00e4m\u00e4st\u00e4 ja riist\u00e4m\u00e4st\u00e4 heikompia, Reich kirjoittaa.<\/p>\n<p class=\"paragraph\">Reichin mukaan kyseess\u00e4 on periaate, joka on Yhdysvaltojen perustamisasiakirjojen ja perustuslain ytimess\u00e4. Periaate on kuitenkin Reichin mukaan hauras, jonka valtaansa hyv\u00e4ksik\u00e4ytt\u00e4v\u00e4t rikkovat helposti.<\/p>\n<p class=\"paragraph\">\u2013 El\u00e4mme nyt yhteiskunnassa ja maailmassa, joka on kasvanut huomattavasti ep\u00e4tasa-arvoisemmaksi. Poliittinen ja taloudellinen valta on keskittyneemp\u00e4\u00e4 kuin koskaan ennen. T\u00e4m\u00e4 houkuttelee vaikutusvaltaisia hy\u00f6dynt\u00e4m\u00e4\u00e4n heikompia, koska vaikutusvaltaiset tuntevat olevansa kaikkivoipaisia.<\/p>\n<p>Vertaus Putiniin<\/p>\n<p class=\"paragraph\">Reich kuvailee osaa Yhdysvaltojen republikaaniedustajia \u201dpelkurimaisiksi\u201d. H\u00e4n arvioi, ett\u00e4 Venezuelan presidentin <strong>Nicol\u00e1s Maduron<\/strong> vangitseminen viime viikonloppuna oli laitonta.<\/p>\n<p class=\"paragraph\">H\u00e4n sanoo, ett\u00e4 Trump on k\u00e4ytt\u00e4nyt v\u00e4\u00e4rin valtaa my\u00f6s uhkauksissaan Kuubaa, Kolumbiaa ja Gr\u00f6nlantia vastaan.<\/p>\n<p class=\"paragraph\">\u2013 N\u00e4et paljon samaa Putinin sodassa Ukrainaa vastaan. Ja Xin uhkauksissa Taiwania vastaan. Ven\u00e4l\u00e4isiss\u00e4, kiinalaisissa ja amerikkalaisissa oligarkeissa, jotka ovat yhdist\u00e4neet julkisen vallan henkil\u00f6kohtaiseen varallisuuteensa, h\u00e4n luettelee.<\/p>\n<p class=\"paragraph\">Reichin mukaan \u201drajoittamaton mahti\u201d johtaa ep\u00e4vakauteen, mullistuksiin ja sotaan.<\/p>\n<p class=\"paragraph\">\u2013 Trumpin r\u00e4ike\u00e4 laittomuus kummittelee Amerikkaa, maailmaa ja sivilisaatiota tulevina vuosina.<\/p>\n","protected":false},"excerpt":{"rendered":"Yhdysvaltain entinen ty\u00f6ministeri ei s\u00e4\u00e4stele sanojaan tuoreessa kolumnissaan. Demokraattipuoluetta edustanut Robert Reich ty\u00f6skenteli Yhdysvaltain ty\u00f6ministerin\u00e4 vuosina 1993\u20131997. Nykyisin&hellip;\n","protected":false},"author":2,"featured_media":138861,"comment_status":"","ping_status":"","sticky":false,"template":"","format":"standard","meta":{"footnotes":""},"categories":[14],"tags":[35,22,23,26,27,33,31,30,17,24,25,28,29,15,18,21,142,639,637,144,32,19,20,56,16,638,59,60,61],"class_list":{"0":"post-138860","1":"post","2":"type-post","3":"status-publish","4":"format-standard","5":"has-post-thumbnail","7":"category-ulkomaat","8":"tag-24h","9":"tag-breaking-news","10":"tag-breakingnews","11":"tag-featured-news","12":"tag-featurednews","13":"tag-fi","14":"tag-finland","15":"tag-finnish","16":"tag-headlines","17":"tag-latest-news","18":"tag-latestnews","19":"tag-main-news","20":"tag-mainnews","21":"tag-news","22":"tag-otsikot","23":"tag-paauutiset","24":"tag-poliitikot","25":"tag-poliittiset-johtajat","26":"tag-politiikka","27":"tag-presidentti","28":"tag-suomi","29":"tag-top-stories","30":"tag-topstories","31":"tag-ulkomaat","32":"tag-uutiset","33":"tag-valtiovalta","34":"tag-world","35":"tag-world-news","36":"tag-worldnews"},"share_on_mastodon":{"url":"https:\/\/pubeurope.com\/@fi\/115872297346537846","error":""},"_links":{"self":[{"href":"https:\/\/www.europesays.com\/fi\/wp-json\/wp\/v2\/posts\/138860","targetHints":{"allow":["GET"]}}],"collection":[{"href":"https:\/\/www.europesays.com\/fi\/wp-json\/wp\/v2\/posts"}],"about":[{"href":"https:\/\/www.europesays.com\/fi\/wp-json\/wp\/v2\/types\/post"}],"author":[{"embeddable":true,"href":"https:\/\/www.europesays.com\/fi\/wp-json\/wp\/v2\/users\/2"}],"replies":[{"embeddable":true,"href":"https:\/\/www.europesays.com\/fi\/wp-json\/wp\/v2\/comments?post=138860"}],"version-history":[{"count":0,"href":"https:\/\/www.europesays.com\/fi\/wp-json\/wp\/v2\/posts\/138860\/revisions"}],"wp:featuredmedia":[{"embeddable":true,"href":"https:\/\/www.europesays.com\/fi\/wp-json\/wp\/v2\/media\/138861"}],"wp:attachment":[{"href":"https:\/\/www.europesays.com\/fi\/wp-json\/wp\/v2\/media?parent=138860"}],"wp:term":[{"taxonomy":"category","embeddable":true,"href":"https:\/\/www.europesays.com\/fi\/wp-json\/wp\/v2\/categories?post=138860"},{"taxonomy":"post_tag","embeddable":true,"href":"https:\/\/www.europesays.com\/fi\/wp-json\/wp\/v2\/tags?post=138860"}],"curies":[{"name":"wp","href":"https:\/\/api.w.org\/{rel}","templated":true}]}}