{"id":138862,"date":"2026-01-10T18:48:07","date_gmt":"2026-01-10T18:48:07","guid":{"rendered":"https:\/\/www.europesays.com\/fi\/138862\/"},"modified":"2026-01-10T18:48:07","modified_gmt":"2026-01-10T18:48:07","slug":"il-perjantaina-poliisioperaatiossa-vantaalla-loukkaantunut-mies-on-tuomittu-useista-torkeista-rikoksista","status":"publish","type":"post","link":"https:\/\/www.europesays.com\/fi\/138862\/","title":{"rendered":"IL: Perjantaina poliisioperaatiossa Vantaalla loukkaantunut mies on tuomittu useista t\u00f6rkeist\u00e4 rikoksista"},"content":{"rendered":"<p>Poliisi ampui perjantaina Vantaan L\u00e4nsim\u00e4ess\u00e4 yksityisasunnossa miest\u00e4, joka ei k\u00e4skyst\u00e4 huolimatta luopunut ter\u00e4aseesta.<\/p>\n<p class=\"article-body mb-nof-24 px-nof-16\">Perjantaina poliisioperaatiossa Vantaan L\u00e4nsim\u00e4ess\u00e4 haavoittunut mies on tuomittu aiemmin useista t\u00f6rkeist\u00e4 rikoksista, kertoo <a class=\"underline underline-offset-[0.12em] [text-decoration-thickness:var(--generic-link-underline-thickness)] [text-decoration-color:var(--generic-link-underline-color)] [text-decoration-skip-ink:var(--generic-link-underline-skip-ink)] break-words\" href=\"https:\/\/www.iltalehti.fi\/kotimaa\/a\/d5220f0c-f410-49d9-860b-e148463b1411\" rel=\"nofollow noopener\" target=\"_blank\">Iltalehti<\/a>.<\/p>\n<p class=\"article-body mb-nof-24 px-nof-16\">Iltalehden mukaan vakavimmassa tapauksessa mies ampui kiinnioton yhteydess\u00e4 kaksi laukausta metroasemalla Helsingiss\u00e4 joulukuussa 2020. Laukausten seurauksena ikkunasta lensi sirpaleita, jotka tekiv\u00e4t viiltohaavoja j\u00e4rjestyksenvalvojan k\u00e4siin. Poliisi ep\u00e4ili miest\u00e4 tapon yrityksest\u00e4.<\/p>\n<p class=\"article-body mb-nof-24 px-nof-16\">IL kertoo, ett\u00e4 miehen mukaan ase laukesi vahingossa, ja ett\u00e4 Helsingin k\u00e4r\u00e4j\u00e4oikeus piti miehen kertomusta mahdollisena. Mies tuomittiin vuoden ja kahdeksan kuukauden pituiseen vankeuteen t\u00f6rke\u00e4sti vammantuottamuksesta, vaaran aiheuttamisesta, laittomasta uhkauksesta, ampuma-aserikoksesta ja huumausainerikoksesta.<\/p>\n<p class=\"article-body mb-nof-24 px-nof-16\">Lehden mukaan mies on tuomittu my\u00f6s muun muassa nelj\u00e4ksi ja puoleksi vuodeksi vankeuteen rikosvyyhdist\u00e4, johon liittyi v\u00e4kivaltaisia ry\u00f6st\u00f6j\u00e4. Miehen viimeisimm\u00e4t rikosasiat ovat IL:n mukaan viime vuodelta.<\/p>\n<p class=\"article-body mb-nof-24 px-nof-16\">Perjantai-iltana poliisilla oli iso operaatio Vantaalla sijaitsevassa kerrostalossa, kun mies liikkui rappuk\u00e4yt\u00e4v\u00e4ss\u00e4 aseistettuna.<\/p>\n<p class=\"article-body mb-nof-24 px-nof-16\">Poliisi kohtasi miehen yksityisasunnossa ja k\u00e4ytti tilanteessa ampuma-asetta, kun mies ei k\u00e4skytyksest\u00e4 huolimatta luopunut ter\u00e4aseesta.<\/p>\n<p class=\"article-body mb-nof-24 px-nof-16\">Aikuinen mies loukkaantui tilanteessa. H\u00e4nelle annettiin tapahtumapaikalla ensiapua ja h\u00e4net toimitettiin sairaalahoitoon. Poliisi on kertonut, ettei miehell\u00e4 ole hengenvaaraa.<\/p>\n<p class=\"article-body mb-nof-24 px-nof-16\">IS:n tietojen mukaan asunnossa asuva henkil\u00f6 ja ammuttu mies ovat sukua toisilleen.<\/p>\n<p class=\"article-body mb-nof-24 px-nof-16\">Helsingin poliisilaitos tutkii tapausta virkamiehen v\u00e4kivaltaisena vastustamisena. Poliisin aseenk\u00e4ytt\u00f6\u00f6n liittyen asian selvitt\u00e4misest\u00e4 vastaa tutkinnanjohtajaksi nimitett\u00e4v\u00e4 syytt\u00e4j\u00e4 Valtakunnansyytt\u00e4j\u00e4n toimiston poliisirikosyksik\u00f6st\u00e4.<\/p>\n","protected":false},"excerpt":{"rendered":"Poliisi ampui perjantaina Vantaan L\u00e4nsim\u00e4ess\u00e4 yksityisasunnossa miest\u00e4, joka ei k\u00e4skyst\u00e4 huolimatta luopunut ter\u00e4aseesta. Perjantaina poliisioperaatiossa Vantaan L\u00e4nsim\u00e4ess\u00e4 haavoittunut&hellip;\n","protected":false},"author":2,"featured_media":138863,"comment_status":"","ping_status":"","sticky":false,"template":"","format":"standard","meta":{"footnotes":""},"categories":[12],"tags":[22,23,26,27,33,31,30,17,34,24,25,28,29,15,18,21,32,19,20,16],"class_list":{"0":"post-138862","1":"post","2":"type-post","3":"status-publish","4":"format-standard","5":"has-post-thumbnail","7":"category-suomi","8":"tag-breaking-news","9":"tag-breakingnews","10":"tag-featured-news","11":"tag-featurednews","12":"tag-fi","13":"tag-finland","14":"tag-finnish","15":"tag-headlines","16":"tag-ilta-sanomat","17":"tag-latest-news","18":"tag-latestnews","19":"tag-main-news","20":"tag-mainnews","21":"tag-news","22":"tag-otsikot","23":"tag-paauutiset","24":"tag-suomi","25":"tag-top-stories","26":"tag-topstories","27":"tag-uutiset"},"share_on_mastodon":{"url":"https:\/\/pubeurope.com\/@fi\/115872301360668575","error":""},"_links":{"self":[{"href":"https:\/\/www.europesays.com\/fi\/wp-json\/wp\/v2\/posts\/138862","targetHints":{"allow":["GET"]}}],"collection":[{"href":"https:\/\/www.europesays.com\/fi\/wp-json\/wp\/v2\/posts"}],"about":[{"href":"https:\/\/www.europesays.com\/fi\/wp-json\/wp\/v2\/types\/post"}],"author":[{"embeddable":true,"href":"https:\/\/www.europesays.com\/fi\/wp-json\/wp\/v2\/users\/2"}],"replies":[{"embeddable":true,"href":"https:\/\/www.europesays.com\/fi\/wp-json\/wp\/v2\/comments?post=138862"}],"version-history":[{"count":0,"href":"https:\/\/www.europesays.com\/fi\/wp-json\/wp\/v2\/posts\/138862\/revisions"}],"wp:featuredmedia":[{"embeddable":true,"href":"https:\/\/www.europesays.com\/fi\/wp-json\/wp\/v2\/media\/138863"}],"wp:attachment":[{"href":"https:\/\/www.europesays.com\/fi\/wp-json\/wp\/v2\/media?parent=138862"}],"wp:term":[{"taxonomy":"category","embeddable":true,"href":"https:\/\/www.europesays.com\/fi\/wp-json\/wp\/v2\/categories?post=138862"},{"taxonomy":"post_tag","embeddable":true,"href":"https:\/\/www.europesays.com\/fi\/wp-json\/wp\/v2\/tags?post=138862"}],"curies":[{"name":"wp","href":"https:\/\/api.w.org\/{rel}","templated":true}]}}