{"id":138870,"date":"2026-01-10T19:04:07","date_gmt":"2026-01-10T19:04:07","guid":{"rendered":"https:\/\/www.europesays.com\/fi\/138870\/"},"modified":"2026-01-10T19:04:07","modified_gmt":"2026-01-10T19:04:07","slug":"hanna-pakarinen-voitti-idolsin-22-vuotta-sitten-tunnistaisitko","status":"publish","type":"post","link":"https:\/\/www.europesays.com\/fi\/138870\/","title":{"rendered":"Hanna Pakarinen: voitti Idolsin 22 vuotta sitten \u2013 tunnistaisitko?"},"content":{"rendered":"<p>\n            20240820, Helsinki. Vain el\u00e4m\u00e4\u00e4 pressi. Kuvassa Hanna Pakarinen.<br \/>\n            Timo Korhonen\n        <\/p>\n<p class=\"subtitle \">Hanna voitti laulukilpailun ensimm\u00e4isen kauden.<\/p>\n<p class=\"article-content article-content-width !bg-background\">Laulaja , 44, voitti Idols-kilpailun ensimm\u00e4isen kauden vuonna 2003.<\/p>\n<p class=\"font-weight-bold m-font-weight-bold article-content article-content-width !bg-background\">Katso video \u2013 Bisneshaukka: Vain el\u00e4m\u00e4\u00e4 -osallistujien tulot:<\/p>\n<p>&#8221;Idoli puolet el\u00e4m\u00e4st\u00e4ni&#8221;<\/p>\n<p class=\"article-content article-content-width !bg-background\">22 vuotta sitten k\u00e4ydyss\u00e4 finaalissa Hanna voitti .\u00a0Hanna muisteli Instagram-tilill\u00e4\u00e4n Idols-voittop\u00e4iv\u00e4\u00e4ns\u00e4.\u00a0<\/p>\n<p>        <a itemprop=\"url\" href=\"https:\/\/www.seiska.fi\/kotimaa\/tassa-on-hanna-pakarisen-harvoin-nahty-aviomies\/1918971\" rel=\"nofollow noopener\" target=\"_blank\"><\/p>\n<p>\nKuva!\n<\/p>\n<p class=\"section-date\">\n        <strong class=\"article-section\" data-section=\"kotimaa\"><br \/>\n            kotimaa<br \/>\n        <\/strong><br \/>\n        3.9.2025 12:02\n    <\/p>\n<p>T\u00e4ss\u00e4 on Hanna Pakarisen harvoin n\u00e4hty aviomies\n    <\/p>\n<p itemprop=\"description\" class=\"subtitle \">\n    Hanna suuntasi tapaamaan puolisoaan ulkomaille.\n<\/p>\n<p>        <\/a><\/p>\n<p class=\"article-content article-content-width !bg-background\">H\u00e4n jakoi kuvan itsest\u00e4\u00e4n, jossa n\u00e4ytt\u00e4\u00e4 sormillaan rauhanmerkki\u00e4. Parikymppisell\u00e4 Hannalla on yll\u00e4\u00e4n vaalea paita pitkine, liehuvahelmaisine hihoineen, mustat housut sek\u00e4 ajan henkeen sopiva, kimmelt\u00e4v\u00e4 lantiolla roikkuva vy\u00f6.<\/p>\n<p>        <a itemprop=\"url\" href=\"https:\/\/www.seiska.fi\/kotimaa\/hanna-pakarisen-uusi-yllattava-aluevaltaus\/1934434\" rel=\"nofollow noopener\" target=\"_blank\"><\/p>\n<p>\nHanna Pakarinen\n<\/p>\n<p class=\"section-date\">\n        <strong class=\"article-section\" data-section=\"kotimaa\"><br \/>\n            kotimaa<br \/>\n        <\/strong><br \/>\n        17.9.2025 20:00\n    <\/p>\n<p>Hanna Pakarisen uusi yll\u00e4tt\u00e4v\u00e4 aluevaltaus!\n    <\/p>\n<p itemprop=\"description\" class=\"subtitle \">\n    Hanna yll\u00e4tti k\u00e4dentaidoillaan.\n<\/p>\n<p>        <\/a><\/p>\n<p class=\"article-content article-content-width !bg-background\">\u2013 T\u00e4n\u00e4\u00e4n, 9.1.2026 tulee kuluneeksi 22 vuotta siit\u00e4 kun voitin Suomen ensimm\u00e4isen Idols-ohjelman. Olen siis ollut &#8221;Idoli&#8221; tasan puolet el\u00e4m\u00e4st\u00e4ni, Hanna kirjoitti perjantaina (9.1.) julkaisussaan.<\/p>\n<p class=\"article-content article-content-width !bg-background\">Taustalla soi Tulin voittamaan -kappale Hannan esitt\u00e4m\u00e4n\u00e4. Kappale julkaistiin Hannan debyyttialbumilla When I Become Me vuonna 2004.<\/p>\n<p>                <img decoding=\"async\" src=\"https:\/\/www.europesays.com\/fi\/wp-content\/uploads\/2026\/01\/1934527.webp.jpeg\" width=\"576\" height=\"720\" alt=\"Hanna oli mukana Vain el\u00e4m\u00e4\u00e4 -ohjelman 15. kaudella.\" loading=\"lazy\" \/>            <\/p>\n<p>\n            Hanna oli mukana Vain el\u00e4m\u00e4\u00e4 -ohjelman 15. kaudella.<br \/>\n            Timo Korhonen\n        <\/p>\n<p>&#8221;Aikaa, rahaa, kyyneli\u00e4&#8230;&#8221;<\/p>\n<p class=\"article-content article-content-width !bg-background\">\u2013 Vasta nyt, 44-vuotiaana naisena, voin seisoa t\u00e4ysin t\u00e4m\u00e4n voittokappaleen 2. s\u00e4keist\u00f6n tekstin takana. Tai ymm\u00e4rr\u00e4n nyt paremmin mit\u00e4 kaikkea se tarkoittaa.\u00a0<\/p>\n<p class=\"article-content article-content-width !bg-background\">Laulun toinen s\u00e4keist\u00f6 kuuluu n\u00e4in: &#8221;Ep\u00e4ilin ja pelk\u00e4sin,melkein toivon heitin, mutta jaksoin uskoo ihmeisiin. Hullu syd\u00e4n odottaa ja toivoo vaan ett\u00e4 kaikki muuttuu huomenna. Jossei virheist\u00e4 voi oppia mit\u00e4\u00e4n, silloin turhaa on kai el\u00e4\u00e4 el\u00e4m\u00e4\u00e4&#8221;.<\/p>\n<p class=\"article-content article-content-width !bg-background\">Hanna kertoo, ett\u00e4 laulu on ollut h\u00e4nelle aina ennen kaikkea laulu itselleen, ei niink\u00e4\u00e4n muille. Sen kautta h\u00e4n on oppinut rakastamaan itse\u00e4\u00e4n ja el\u00e4m\u00e4\u00e4n itsens\u00e4 kanssa.<\/p>\n<p class=\"article-content article-content-width !bg-background\">\u2013 Vaikka aikaa, rahaa, kyyneli\u00e4 ja jopa ihmissuhteitakin se vaati.. Nyt voi todeta, ett\u00e4 kannatti. Hanna paljastaa.<\/p>\n<p>        <a itemprop=\"url\" href=\"https:\/\/www.seiska.fi\/kotimaa\/hanna-pakariselta-raju-ulostulo-rahasta\/1875247\" rel=\"nofollow noopener\" target=\"_blank\"><\/p>\n<p>\nHanna Pakarinen\n<\/p>\n<p class=\"section-date\">\n        <strong class=\"article-section\" data-section=\"kotimaa\"><br \/>\n            kotimaa<br \/>\n        <\/strong><br \/>\n        22.7.2025 11:07\n    <\/p>\n<p>Hanna Pakariselta raju ulostulo rahasta\n    <\/p>\n<p itemprop=\"description\" class=\"subtitle \">\n    Hanna kertoo, ett\u00e4 keikkapalkkioissa on monia &#8221;v\u00e4list\u00e4vet\u00e4ji\u00e4&#8221;.\n<\/p>\n<p>        <\/a><\/p>\n<p class=\"article-content article-content-width !bg-background\">Idols-voittonsa j\u00e4lkeen Hanna on esiintynyt useissa televisio-ohjelmissa. Vuonna 2020 h\u00e4n osallistui T\u00e4hdet, t\u00e4hdet -ohjelmaan, jossa h\u00e4nen matkansa p\u00e4\u00e4ttyi semifinaaliin.<\/p>\n<p class=\"article-content article-content-width !bg-background\">Vuonna 2024 Hanna n\u00e4htiin Vain el\u00e4m\u00e4\u00e4 -ohjelman 15. tuotantokaudella yhdess\u00e4 muusikoiden , , , ,  ja  kanssa.<\/p>\n","protected":false},"excerpt":{"rendered":"20240820, Helsinki. Vain el\u00e4m\u00e4\u00e4 pressi. Kuvassa Hanna Pakarinen. Timo Korhonen Hanna voitti laulukilpailun ensimm\u00e4isen kauden. Laulaja , 44,&hellip;\n","protected":false},"author":2,"featured_media":138871,"comment_status":"","ping_status":"","sticky":false,"template":"","format":"standard","meta":{"footnotes":""},"categories":[133],"tags":[137,33,31,30,7903,198,32,206,24116,156,4914,109,24117],"class_list":{"0":"post-138870","1":"post","2":"type-post","3":"status-publish","4":"format-standard","5":"has-post-thumbnail","7":"category-televisiot","8":"tag-entertainment","9":"tag-fi","10":"tag-finland","11":"tag-finnish","12":"tag-hanna-pakarinen","13":"tag-idols","14":"tag-suomi","15":"tag-televisiot","16":"tag-tulin-voittamaan","17":"tag-tv","18":"tag-vain-elamaa","19":"tag-viihde","20":"tag-when-i-become-me"},"share_on_mastodon":{"url":"https:\/\/pubeurope.com\/@fi\/115872364182514873","error":""},"_links":{"self":[{"href":"https:\/\/www.europesays.com\/fi\/wp-json\/wp\/v2\/posts\/138870","targetHints":{"allow":["GET"]}}],"collection":[{"href":"https:\/\/www.europesays.com\/fi\/wp-json\/wp\/v2\/posts"}],"about":[{"href":"https:\/\/www.europesays.com\/fi\/wp-json\/wp\/v2\/types\/post"}],"author":[{"embeddable":true,"href":"https:\/\/www.europesays.com\/fi\/wp-json\/wp\/v2\/users\/2"}],"replies":[{"embeddable":true,"href":"https:\/\/www.europesays.com\/fi\/wp-json\/wp\/v2\/comments?post=138870"}],"version-history":[{"count":0,"href":"https:\/\/www.europesays.com\/fi\/wp-json\/wp\/v2\/posts\/138870\/revisions"}],"wp:featuredmedia":[{"embeddable":true,"href":"https:\/\/www.europesays.com\/fi\/wp-json\/wp\/v2\/media\/138871"}],"wp:attachment":[{"href":"https:\/\/www.europesays.com\/fi\/wp-json\/wp\/v2\/media?parent=138870"}],"wp:term":[{"taxonomy":"category","embeddable":true,"href":"https:\/\/www.europesays.com\/fi\/wp-json\/wp\/v2\/categories?post=138870"},{"taxonomy":"post_tag","embeddable":true,"href":"https:\/\/www.europesays.com\/fi\/wp-json\/wp\/v2\/tags?post=138870"}],"curies":[{"name":"wp","href":"https:\/\/api.w.org\/{rel}","templated":true}]}}