{"id":138872,"date":"2026-01-10T19:07:07","date_gmt":"2026-01-10T19:07:07","guid":{"rendered":"https:\/\/www.europesays.com\/fi\/138872\/"},"modified":"2026-01-10T19:07:07","modified_gmt":"2026-01-10T19:07:07","slug":"kulta-aivoinen-nainen-enteilee-hoitoa-alzheimerin-tautiin","status":"publish","type":"post","link":"https:\/\/www.europesays.com\/fi\/138872\/","title":{"rendered":"\u201dKulta-aivoinen\u201d nainen enteilee hoitoa Alzheimerin tautiin"},"content":{"rendered":"<p>Suuressa kolumbialaissuvussa Alzheimerin tauti puhkeaa kellontarkasti. Sukuun kuuluvat sairastuvat yksi toisensa j\u00e4lkeen nelikymppisen\u00e4, menett\u00e4v\u00e4t muistinsa viisikymppisen\u00e4 ja kuolevat ennen kuin he ehtiv\u00e4t t\u00e4ytt\u00e4\u00e4 60 vuotta. Aliria Rosa Piedrahita de Villegas rikkoi kuitenkin t\u00e4t\u00e4 s\u00e4\u00e4nt\u00f6\u00e4.<\/p>\n<p>Nainen hoiti ty\u00f6ns\u00e4 ja taloutensa sek\u00e4 muisti kaikkien syntym\u00e4p\u00e4iv\u00e4t, kunnes h\u00e4n kuoli sy\u00f6p\u00e4\u00e4n melkein 78-vuotiaana. H\u00e4n vitsaili hyv\u00e4n terveytens\u00e4 johtuvan \u201dkultaisista aivosta\u201d.  Aivokuvaukset osoittivat, ett\u00e4 ei niin pient\u00e4 pilaa, ettei totta toinen puoli.<\/p>\n<p>Tutkimukset paljastivat Alirian aivoista nimitt\u00e4in melkoisen yll\u00e4tyksen. Aivot olivat k\u00e4rsineet niin sanotuista plakeista, ja niiden takia h\u00e4nen olisi pit\u00e4nyt sairastua sukulaistensa tavoin.<\/p>\n<p>Pieni, l\u00e4hes huomaamaton yksityiskohta s\u00e4\u00e4sti kuitenkin h\u00e4net sairaudelta. L\u00f6yt\u00f6 mahdollisti lopulta mullistavan l\u00e4\u00e4kkeen kehitt\u00e4misen.<\/p>\n","protected":false},"excerpt":{"rendered":"Suuressa kolumbialaissuvussa Alzheimerin tauti puhkeaa kellontarkasti. Sukuun kuuluvat sairastuvat yksi toisensa j\u00e4lkeen nelikymppisen\u00e4, menett\u00e4v\u00e4t muistinsa viisikymppisen\u00e4 ja kuolevat&hellip;\n","protected":false},"author":2,"featured_media":138873,"comment_status":"","ping_status":"","sticky":false,"template":"","format":"standard","meta":{"footnotes":""},"categories":[165],"tags":[33,31,30,166,32,167],"class_list":{"0":"post-138872","1":"post","2":"type-post","3":"status-publish","4":"format-standard","5":"has-post-thumbnail","7":"category-terveys","8":"tag-fi","9":"tag-finland","10":"tag-finnish","11":"tag-health","12":"tag-suomi","13":"tag-terveys"},"share_on_mastodon":{"url":"https:\/\/pubeurope.com\/@fi\/115872376039003907","error":""},"_links":{"self":[{"href":"https:\/\/www.europesays.com\/fi\/wp-json\/wp\/v2\/posts\/138872","targetHints":{"allow":["GET"]}}],"collection":[{"href":"https:\/\/www.europesays.com\/fi\/wp-json\/wp\/v2\/posts"}],"about":[{"href":"https:\/\/www.europesays.com\/fi\/wp-json\/wp\/v2\/types\/post"}],"author":[{"embeddable":true,"href":"https:\/\/www.europesays.com\/fi\/wp-json\/wp\/v2\/users\/2"}],"replies":[{"embeddable":true,"href":"https:\/\/www.europesays.com\/fi\/wp-json\/wp\/v2\/comments?post=138872"}],"version-history":[{"count":0,"href":"https:\/\/www.europesays.com\/fi\/wp-json\/wp\/v2\/posts\/138872\/revisions"}],"wp:featuredmedia":[{"embeddable":true,"href":"https:\/\/www.europesays.com\/fi\/wp-json\/wp\/v2\/media\/138873"}],"wp:attachment":[{"href":"https:\/\/www.europesays.com\/fi\/wp-json\/wp\/v2\/media?parent=138872"}],"wp:term":[{"taxonomy":"category","embeddable":true,"href":"https:\/\/www.europesays.com\/fi\/wp-json\/wp\/v2\/categories?post=138872"},{"taxonomy":"post_tag","embeddable":true,"href":"https:\/\/www.europesays.com\/fi\/wp-json\/wp\/v2\/tags?post=138872"}],"curies":[{"name":"wp","href":"https:\/\/api.w.org\/{rel}","templated":true}]}}