{"id":138880,"date":"2026-01-10T19:13:07","date_gmt":"2026-01-10T19:13:07","guid":{"rendered":"https:\/\/www.europesays.com\/fi\/138880\/"},"modified":"2026-01-10T19:13:07","modified_gmt":"2026-01-10T19:13:07","slug":"valtavat-mielenosoitukset-iranissa-sairaalat-kriisitilassa-kymmenten-kerrotaan-kuolleen","status":"publish","type":"post","link":"https:\/\/www.europesays.com\/fi\/138880\/","title":{"rendered":"Valtavat mielenosoitukset Iranissa \u2013 sairaalat kriisitilassa, kymmenten kerrotaan kuolleen"},"content":{"rendered":"<p>Ainakin 50 mielenosoittajaa on saanut surmansa ihmisoikeusj\u00e4rjest\u00f6jen mukaan.<\/p>\n<p class=\"article-body mb-nof-24 px-nof-16\">Iranissa jatkuvat mielenosoitukset ja iranilaiset viranomaiset ovat antaneet mielenosoittajille yhteisi\u00e4 varoituksia. Kahden sairaalan l\u00e4\u00e4k\u00e4rit ja l\u00e4\u00e4kint\u00e4mies <a class=\"underline underline-offset-[0.12em] [text-decoration-thickness:var(--generic-link-underline-thickness)] [text-decoration-color:var(--generic-link-underline-color)] [text-decoration-skip-ink:var(--generic-link-underline-skip-ink)] break-words\" href=\"https:\/\/www.bbc.com\/news\/articles\/cj9rengvnp9o\" rel=\"nofollow noopener\" target=\"_blank\">kertoivat BBC:lle<\/a>, ett\u00e4 heid\u00e4n laitoksensa ovat t\u00e4ynn\u00e4 loukkaantuneita.<\/p>\n<p class=\"article-body mb-nof-24 px-nof-16\">Yksi l\u00e4\u00e4k\u00e4ri kertoi, ett\u00e4 Teheranin silm\u00e4sairaala oli siirtynyt kriisitoimintaan, ja BBC sai my\u00f6s viestin toisen sairaalan l\u00e4\u00e4k\u00e4rilt\u00e4, jonka mukaan sairaalalla ei ollut tarpeeksi kirurgeja hoitamaan potilasvirtaa.<\/p>\n<p class=\"article-body mb-nof-24 px-nof-16\">Perjantaina jatkuneet hallituksen vastaiset mielenosoitukset ovat levinneet kymmeniin paikkoihin, ja kahden ihmisoikeusj\u00e4rjest\u00f6n mukaan ainakin 50 mielenosoittajaa on saanut surmansa.<\/p>\n<p class=\"article-body mb-nof-24 px-nof-16\">BBC ja useimmat muut kansainv\u00e4liset uutistoimistot eiv\u00e4t saa raportoida Iranista, ja maassa on ollut l\u00e4hes t\u00e4ydellinen internetkatkos torstai-illasta l\u00e4htien, mik\u00e4 vaikeuttaa tiedon hankkimista ja tarkistamista.<\/p>\n<p class=\"article-body mb-nof-24 px-nof-16\">Iranilainen l\u00e4\u00e4k\u00e4ri, joka otti yhteytt\u00e4 BBC:hen Starlink-satelliitti-internetin kautta perjantai-iltana, kertoi, ett\u00e4 Farabi-sairaala, Teheranin t\u00e4rkein silm\u00e4tautien keskus, oli siirtynyt kriisitoimintaan, ja p\u00e4ivystyspalvelut olivat ylikuormittuneet.<\/p>\n<p class=\"article-body mb-nof-24 px-nof-16\">Yhdysvalloissa toimivan ihmisoikeusj\u00e4rjest\u00f6n Human Rights Activist News Agencyn (HRANA) mukaan 28. joulukuuta alkaneiden mielenosoitusten aikana on kuollut v\u00e4hint\u00e4\u00e4n 51 mielenosoittajaa, joista seitsem\u00e4n oli lapsia, ja 21 turvallisuusjoukkojen j\u00e4sent\u00e4. J\u00e4rjest\u00f6n mukaan yli 2\u202f311 henkil\u00f6\u00e4 on my\u00f6s pid\u00e4tetty.<\/p>\n<p class=\"article-body mb-nof-24 px-nof-16\">Iranin valtio on syytt\u00e4nyt mielenosoittajia vandalismista. Iranin ylin johtaja, ajatollah<a class=\"font-bold underline-offset-[0.12em] [text-decoration:var(--person-link-text-decoration)] ![text-decoration-color:var(--person-link-text-decoration-color)]\" href=\"https:\/\/www.is.fi\/haku\/?query=%20Ali%20Khamenei\" rel=\"nofollow noopener\" target=\"_blank\"> Ali Khamenei <\/a>uhosi perjantaina, ettei islamilainen tasavalta \u201dper\u00e4\u00e4nny vandaalien edess\u00e4\u201d.<\/p>\n<p class=\"article-body mb-nof-24 px-nof-16\">Teheranin yleinen syytt\u00e4j\u00e4 puolestaan uhkasi turvallisuusviranomaisten kanssa yhteen ottavia tai omaisuutta polttavia mielenosoittajia kuolemantuomiolla.<\/p>\n<p class=\"article-body mb-nof-24 px-nof-16\">Iranin hallinto on katkaissut kansalaisten p\u00e4\u00e4syn suureen osaan internetist\u00e4. Internetin vapautta valvova NetBlocks-organisaatio kertoi perjantaina illalla, ett\u00e4 maa on ollut k\u00e4yt\u00e4nn\u00f6ss\u00e4 irrotettu internetist\u00e4 jo yli vuorokauden ajan.<\/p>\n<p class=\"article-body mb-nof-24 px-nof-16\">Mielenosoittajat ovat vaatineet ajatollahia pois vallasta ja maan johtoon <a class=\"font-bold underline-offset-[0.12em] [text-decoration:var(--person-link-text-decoration)] ![text-decoration-color:var(--person-link-text-decoration-color)]\" href=\"https:\/\/www.is.fi\/haku\/?query=Reza%20Pahlavia\" rel=\"nofollow noopener\" target=\"_blank\">Reza Pahlavia<\/a>, joka on entisen shaahin maanpaossa el\u00e4v\u00e4 poika. Pahlavi on kehottanut kannattajiaan osoittamaan mielt\u00e4\u00e4n.<\/p>\n<p class=\"article-body mb-nof-24 px-nof-16\">Pahlavin is\u00e4 oli l\u00e4nsimielinen shaahi <a class=\"font-bold underline-offset-[0.12em] [text-decoration:var(--person-link-text-decoration)] ![text-decoration-color:var(--person-link-text-decoration-color)]\" href=\"https:\/\/www.is.fi\/haku\/?query=Mohammed%20Reza%20Pahlavi.\" rel=\"nofollow noopener\" target=\"_blank\">Mohammed Reza Pahlavi.<\/a> H\u00e4net sy\u00f6stiin vallasta Iranin vallankumouksessa vuonna 1979.<\/p>\n<p class=\"article-body mb-nof-24 px-nof-16\">Vallankumouksen j\u00e4lkeen Iranista tuli islamistinen teokratia, jonka ylin valta kuuluu ajatollahille.<\/p>\n","protected":false},"excerpt":{"rendered":"Ainakin 50 mielenosoittajaa on saanut surmansa ihmisoikeusj\u00e4rjest\u00f6jen mukaan. Iranissa jatkuvat mielenosoitukset ja iranilaiset viranomaiset ovat antaneet mielenosoittajille yhteisi\u00e4&hellip;\n","protected":false},"author":2,"featured_media":138881,"comment_status":"","ping_status":"","sticky":false,"template":"","format":"standard","meta":{"footnotes":""},"categories":[14],"tags":[22,23,26,27,33,31,30,17,34,24,25,28,29,15,18,21,32,19,20,56,16,59,60,61],"class_list":{"0":"post-138880","1":"post","2":"type-post","3":"status-publish","4":"format-standard","5":"has-post-thumbnail","7":"category-ulkomaat","8":"tag-breaking-news","9":"tag-breakingnews","10":"tag-featured-news","11":"tag-featurednews","12":"tag-fi","13":"tag-finland","14":"tag-finnish","15":"tag-headlines","16":"tag-ilta-sanomat","17":"tag-latest-news","18":"tag-latestnews","19":"tag-main-news","20":"tag-mainnews","21":"tag-news","22":"tag-otsikot","23":"tag-paauutiset","24":"tag-suomi","25":"tag-top-stories","26":"tag-topstories","27":"tag-ulkomaat","28":"tag-uutiset","29":"tag-world","30":"tag-world-news","31":"tag-worldnews"},"share_on_mastodon":{"url":"https:\/\/pubeurope.com\/@fi\/115872399610033599","error":""},"_links":{"self":[{"href":"https:\/\/www.europesays.com\/fi\/wp-json\/wp\/v2\/posts\/138880","targetHints":{"allow":["GET"]}}],"collection":[{"href":"https:\/\/www.europesays.com\/fi\/wp-json\/wp\/v2\/posts"}],"about":[{"href":"https:\/\/www.europesays.com\/fi\/wp-json\/wp\/v2\/types\/post"}],"author":[{"embeddable":true,"href":"https:\/\/www.europesays.com\/fi\/wp-json\/wp\/v2\/users\/2"}],"replies":[{"embeddable":true,"href":"https:\/\/www.europesays.com\/fi\/wp-json\/wp\/v2\/comments?post=138880"}],"version-history":[{"count":0,"href":"https:\/\/www.europesays.com\/fi\/wp-json\/wp\/v2\/posts\/138880\/revisions"}],"wp:featuredmedia":[{"embeddable":true,"href":"https:\/\/www.europesays.com\/fi\/wp-json\/wp\/v2\/media\/138881"}],"wp:attachment":[{"href":"https:\/\/www.europesays.com\/fi\/wp-json\/wp\/v2\/media?parent=138880"}],"wp:term":[{"taxonomy":"category","embeddable":true,"href":"https:\/\/www.europesays.com\/fi\/wp-json\/wp\/v2\/categories?post=138880"},{"taxonomy":"post_tag","embeddable":true,"href":"https:\/\/www.europesays.com\/fi\/wp-json\/wp\/v2\/tags?post=138880"}],"curies":[{"name":"wp","href":"https:\/\/api.w.org\/{rel}","templated":true}]}}