{"id":138882,"date":"2026-01-10T19:14:06","date_gmt":"2026-01-10T19:14:06","guid":{"rendered":"https:\/\/www.europesays.com\/fi\/138882\/"},"modified":"2026-01-10T19:14:06","modified_gmt":"2026-01-10T19:14:06","slug":"moottorikelkkaonnettomuus-kuusamossa-kaksi-jatkotutkimuksiin","status":"publish","type":"post","link":"https:\/\/www.europesays.com\/fi\/138882\/","title":{"rendered":"Moottorikelkkaonnettomuus Kuusamossa \u2013 kaksi jatkotutkimuksiin"},"content":{"rendered":"<p>Poliisi tutkii onnettomuuden syyt\u00e4.<\/p>\n<p class=\"article-body mb-nof-24 px-nof-16\">Kaksi ihmist\u00e4 loukkaantui Kuusamossa moottorikelkka\u00adonnettomuudessa l\u00e4hell\u00e4 Rukaa Vuosselij\u00e4rven it\u00e4puolella. Pelastuslaitos sai teht\u00e4v\u00e4n viiden aikaan illalla.<\/p>\n<p class=\"article-body mb-nof-24 px-nof-16\">Kelkkailijat olivat osuneet puuhun. Kelkkailijat olivat harhautuneet kelkkailureitilt\u00e4.<\/p>\n<p class=\"article-body mb-nof-24 px-nof-16\">He loukkaantuivat tilanteessa liev\u00e4sti. Kelkkailijat toimitettiin jatkotutkimuksiin.<\/p>\n<p class=\"article-body mb-nof-24 px-nof-16\">Poliisi tutkii onnettomuuden syyt\u00e4.<\/p>\n","protected":false},"excerpt":{"rendered":"Poliisi tutkii onnettomuuden syyt\u00e4. Kaksi ihmist\u00e4 loukkaantui Kuusamossa moottorikelkka\u00adonnettomuudessa l\u00e4hell\u00e4 Rukaa Vuosselij\u00e4rven it\u00e4puolella. Pelastuslaitos sai teht\u00e4v\u00e4n viiden aikaan&hellip;\n","protected":false},"author":2,"featured_media":138883,"comment_status":"","ping_status":"","sticky":false,"template":"","format":"standard","meta":{"footnotes":""},"categories":[12],"tags":[22,23,26,27,33,31,30,17,34,24,25,28,29,15,18,21,32,19,20,16],"class_list":{"0":"post-138882","1":"post","2":"type-post","3":"status-publish","4":"format-standard","5":"has-post-thumbnail","7":"category-suomi","8":"tag-breaking-news","9":"tag-breakingnews","10":"tag-featured-news","11":"tag-featurednews","12":"tag-fi","13":"tag-finland","14":"tag-finnish","15":"tag-headlines","16":"tag-ilta-sanomat","17":"tag-latest-news","18":"tag-latestnews","19":"tag-main-news","20":"tag-mainnews","21":"tag-news","22":"tag-otsikot","23":"tag-paauutiset","24":"tag-suomi","25":"tag-top-stories","26":"tag-topstories","27":"tag-uutiset"},"share_on_mastodon":{"url":"https:\/\/pubeurope.com\/@fi\/115872403612338034","error":""},"_links":{"self":[{"href":"https:\/\/www.europesays.com\/fi\/wp-json\/wp\/v2\/posts\/138882","targetHints":{"allow":["GET"]}}],"collection":[{"href":"https:\/\/www.europesays.com\/fi\/wp-json\/wp\/v2\/posts"}],"about":[{"href":"https:\/\/www.europesays.com\/fi\/wp-json\/wp\/v2\/types\/post"}],"author":[{"embeddable":true,"href":"https:\/\/www.europesays.com\/fi\/wp-json\/wp\/v2\/users\/2"}],"replies":[{"embeddable":true,"href":"https:\/\/www.europesays.com\/fi\/wp-json\/wp\/v2\/comments?post=138882"}],"version-history":[{"count":0,"href":"https:\/\/www.europesays.com\/fi\/wp-json\/wp\/v2\/posts\/138882\/revisions"}],"wp:featuredmedia":[{"embeddable":true,"href":"https:\/\/www.europesays.com\/fi\/wp-json\/wp\/v2\/media\/138883"}],"wp:attachment":[{"href":"https:\/\/www.europesays.com\/fi\/wp-json\/wp\/v2\/media?parent=138882"}],"wp:term":[{"taxonomy":"category","embeddable":true,"href":"https:\/\/www.europesays.com\/fi\/wp-json\/wp\/v2\/categories?post=138882"},{"taxonomy":"post_tag","embeddable":true,"href":"https:\/\/www.europesays.com\/fi\/wp-json\/wp\/v2\/tags?post=138882"}],"curies":[{"name":"wp","href":"https:\/\/api.w.org\/{rel}","templated":true}]}}