{"id":138884,"date":"2026-01-10T19:15:07","date_gmt":"2026-01-10T19:15:07","guid":{"rendered":"https:\/\/www.europesays.com\/fi\/138884\/"},"modified":"2026-01-10T19:15:07","modified_gmt":"2026-01-10T19:15:07","slug":"karppien-pelaaja-sairaalahoitoon-ilta-sanomat","status":"publish","type":"post","link":"https:\/\/www.europesays.com\/fi\/138884\/","title":{"rendered":"K\u00e4rppien pelaaja sairaalahoitoon &#8211; Ilta-Sanomat"},"content":{"rendered":"<p>K\u00e4rppien hy\u00f6kk\u00e4\u00e4j\u00e4 Patrik Virta sai rajun t\u00e4llin p\u00e4\u00e4h\u00e4ns\u00e4.<\/p>\n<p class=\"article-body mb-nof-24 px-nof-16\">Oulun K\u00e4rppien hy\u00f6kk\u00e4\u00e4j\u00e4 <a class=\"font-bold underline-offset-[0.12em] [text-decoration:var(--person-link-text-decoration)] ![text-decoration-color:var(--person-link-text-decoration-color)]\" href=\"https:\/\/www.is.fi\/haku\/?query=Patrik%20Virta\" rel=\"nofollow noopener\" target=\"_blank\">Patrik Virta<\/a> loukkaantui lauantaina pelatussa SM-liigan vierasottelussa Turun Palloseuraa vastaan. Virta sai ottelun toisessa er\u00e4ss\u00e4 kiekon p\u00e4\u00e4h\u00e4ns\u00e4 juuri ennen TPS:n 1\u20131-tasoitusmaalia.<\/p>\n<p class=\"article-body mb-nof-24 px-nof-16\">TPS:n <a class=\"font-bold underline-offset-[0.12em] [text-decoration:var(--person-link-text-decoration)] ![text-decoration-color:var(--person-link-text-decoration-color)]\" href=\"https:\/\/www.is.fi\/haku\/?query=Alexis%20Binnerin\" rel=\"nofollow noopener\" target=\"_blank\">Alexis Binnerin<\/a> raju ly\u00f6ntilaukaus osui pahan n\u00e4k\u00f6isesti Virtaa leukaan, ja pelaaja poistui heti vaihtoaitioon. K\u00e4rp\u00e4t tiedotti my\u00f6hemmin X-tilill\u00e4\u00e4n, ett\u00e4 Virta on l\u00e4hetetty ottelun j\u00e4lkeen sairaalaan jatkohoitoon.<\/p>\n<p class=\"article-body mb-nof-24 px-nof-16\">Virta oli jo avauser\u00e4ss\u00e4 mukana ep\u00e4onnisessa tilanteessa, jossa TPS:n <a class=\"font-bold underline-offset-[0.12em] [text-decoration:var(--person-link-text-decoration)] ![text-decoration-color:var(--person-link-text-decoration-color)]\" href=\"https:\/\/www.is.fi\/haku\/?query=Aleksi%20Saarela\" rel=\"nofollow noopener\" target=\"_blank\">Aleksi Saarela <\/a>loukkaantui pelaajien t\u00f6rm\u00e4tty\u00e4 TPS:n puolustusalueella.<\/p>\n<p class=\"article-body mb-nof-24 px-nof-16\">K\u00e4rp\u00e4t voitti ottelun 3\u20132, mutta jatkaa edelleen pudotuspeliviivan alapuolella.<\/p>\n","protected":false},"excerpt":{"rendered":"K\u00e4rppien hy\u00f6kk\u00e4\u00e4j\u00e4 Patrik Virta sai rajun t\u00e4llin p\u00e4\u00e4h\u00e4ns\u00e4. Oulun K\u00e4rppien hy\u00f6kk\u00e4\u00e4j\u00e4 Patrik Virta loukkaantui lauantaina pelatussa SM-liigan vierasottelussa&hellip;\n","protected":false},"author":2,"featured_media":138885,"comment_status":"","ping_status":"","sticky":false,"template":"","format":"standard","meta":{"footnotes":""},"categories":[5],"tags":[22,23,26,27,33,31,30,17,34,24,25,28,29,15,18,21,32,19,20,16],"class_list":{"0":"post-138884","1":"post","2":"type-post","3":"status-publish","4":"format-standard","5":"has-post-thumbnail","7":"category-otsikot","8":"tag-breaking-news","9":"tag-breakingnews","10":"tag-featured-news","11":"tag-featurednews","12":"tag-fi","13":"tag-finland","14":"tag-finnish","15":"tag-headlines","16":"tag-ilta-sanomat","17":"tag-latest-news","18":"tag-latestnews","19":"tag-main-news","20":"tag-mainnews","21":"tag-news","22":"tag-otsikot","23":"tag-paauutiset","24":"tag-suomi","25":"tag-top-stories","26":"tag-topstories","27":"tag-uutiset"},"share_on_mastodon":{"url":"https:\/\/pubeurope.com\/@fi\/115872407405843800","error":""},"_links":{"self":[{"href":"https:\/\/www.europesays.com\/fi\/wp-json\/wp\/v2\/posts\/138884","targetHints":{"allow":["GET"]}}],"collection":[{"href":"https:\/\/www.europesays.com\/fi\/wp-json\/wp\/v2\/posts"}],"about":[{"href":"https:\/\/www.europesays.com\/fi\/wp-json\/wp\/v2\/types\/post"}],"author":[{"embeddable":true,"href":"https:\/\/www.europesays.com\/fi\/wp-json\/wp\/v2\/users\/2"}],"replies":[{"embeddable":true,"href":"https:\/\/www.europesays.com\/fi\/wp-json\/wp\/v2\/comments?post=138884"}],"version-history":[{"count":0,"href":"https:\/\/www.europesays.com\/fi\/wp-json\/wp\/v2\/posts\/138884\/revisions"}],"wp:featuredmedia":[{"embeddable":true,"href":"https:\/\/www.europesays.com\/fi\/wp-json\/wp\/v2\/media\/138885"}],"wp:attachment":[{"href":"https:\/\/www.europesays.com\/fi\/wp-json\/wp\/v2\/media?parent=138884"}],"wp:term":[{"taxonomy":"category","embeddable":true,"href":"https:\/\/www.europesays.com\/fi\/wp-json\/wp\/v2\/categories?post=138884"},{"taxonomy":"post_tag","embeddable":true,"href":"https:\/\/www.europesays.com\/fi\/wp-json\/wp\/v2\/tags?post=138884"}],"curies":[{"name":"wp","href":"https:\/\/api.w.org\/{rel}","templated":true}]}}