{"id":138886,"date":"2026-01-10T19:27:08","date_gmt":"2026-01-10T19:27:08","guid":{"rendered":"https:\/\/www.europesays.com\/fi\/138886\/"},"modified":"2026-01-10T19:27:08","modified_gmt":"2026-01-10T19:27:08","slug":"hs-raili-hulkkosella-on-syopa","status":"publish","type":"post","link":"https:\/\/www.europesays.com\/fi\/138886\/","title":{"rendered":"HS: Raili Hulkkosella on sy\u00f6p\u00e4"},"content":{"rendered":"<p>Raili Hulkkonen on Suomen menestyneimpi\u00e4 meikkitaiteilijoita.<\/p>\n<p class=\"article-body mb-nof-24 px-nof-16\">Meikkitaiteilija <a class=\"font-bold underline-offset-[0.12em] [text-decoration:var(--person-link-text-decoration)] ![text-decoration-color:var(--person-link-text-decoration-color)]\" href=\"https:\/\/www.is.fi\/haku\/?query=Raili%20Hulkkoselta\" rel=\"nofollow noopener\" target=\"_blank\">Raili Hulkkoselta<\/a> leikattiin hiljattain tyvisolusy\u00f6p\u00e4. Hulkkonen kertoo asiasta <a class=\"underline underline-offset-[0.12em] [text-decoration-thickness:var(--generic-link-underline-thickness)] [text-decoration-color:var(--generic-link-underline-color)] [text-decoration-skip-ink:var(--generic-link-underline-skip-ink)] break-words\" href=\"https:\/\/www.hs.fi\/kulttuuri\/art-2000011704480.html\" rel=\"nofollow noopener\" target=\"_blank\">Helsingin Sanomien<\/a> haastattelussa.<\/p>\n<p class=\"article-body mb-nof-24 px-nof-16\">Kasvain on leikattu haastattelua edelt\u00e4v\u00e4n\u00e4 p\u00e4iv\u00e4n\u00e4 h\u00e4nen poskensa alueelta. Hulkkonen ei haastattelussa avaa asiaa juuri tarkemmin, mutta vointi on sen verran hyv\u00e4, ettei h\u00e4n pid\u00e4 sairauslomaa.<\/p>\n<p class=\"article-body mb-nof-24 px-nof-16\">\u2013 L\u00e4\u00e4k\u00e4ri sanoi, ett\u00e4 ei saisi uida. Vastasin, ett\u00e4 ei se mit\u00e4\u00e4n, mutta saanko m\u00e4 juoda viini\u00e4. Kuulemma saan, h\u00e4n kertoo HS:lle.<\/p>\n<p class=\"article-body mb-nof-24 px-nof-16\">Hulkkonen kertoo IS:lle puhelimitse, ett\u00e4 h\u00e4nelt\u00e4 on poistettu vastaava tyvisolusy\u00f6p\u00e4, basaliooma kasvoista aikaisemminkin. Kyse on ollut hyvin pienest\u00e4 \u201dn\u00e4pyst\u00e4\u201d, eik\u00e4 tilanne ole vaarallinen. Se leikattiin pois siististi ja yksi tikki riitti sulkemaan haavan<\/p>\n<p class=\"article-body mb-nof-24 px-nof-16\">\u2013 Yleens\u00e4 ne johtuvat auringosta. 70-luvulla otettiin oikein kunnolla aurinkoa, niin nyt ne tulevat vasta n\u00e4in my\u00f6hemmin.<\/p>\n<p class=\"article-body mb-nof-24 px-nof-16\">\u2013 Ja niit\u00e4 on ihmisill\u00e4 paljon, koska suuret ik\u00e4luokat, me otettiin niin kovasti aurinkoa silloin aikoinaan.<\/p>\n<p class=\"article-body mb-nof-24 px-nof-16\">Hulkkonen kannustaa, ett\u00e4 jos ihossa on jokin mietitytt\u00e4v\u00e4 nyppyl\u00e4 tai j\u00e4lki, kannattaa se k\u00e4yd\u00e4 n\u00e4ytt\u00e4m\u00e4ss\u00e4 l\u00e4\u00e4k\u00e4rille. H\u00e4n itse odottaa viel\u00e4 lopullista kommenttia patologilta siit\u00e4, saatiinko n\u00e4ppy kokonaisuudessaan pois.<\/p>\n<p class=\"article-body mb-nof-24 px-nof-16\">\u2013 Se on t\u00e4rke\u00e4\u00e4, ett\u00e4 se hoidetaan loppuun saakka, h\u00e4n summaa.<\/p>\n<p class=\"article-body mb-nof-24 px-nof-16\"><a class=\"underline underline-offset-[0.12em] [text-decoration-thickness:var(--generic-link-underline-thickness)] [text-decoration-color:var(--generic-link-underline-color)] [text-decoration-skip-ink:var(--generic-link-underline-skip-ink)] break-words\" href=\"https:\/\/www.terveyskirjasto.fi\/dlk00680\" rel=\"nofollow noopener\" target=\"_blank\">Terveyskirjaston <\/a>mukaan tyvisolusy\u00f6p\u00e4 on yleisin ihosy\u00f6p\u00e4. Se voi levit\u00e4 ihon syvempiin kudoksiin muttei tee et\u00e4pes\u00e4kkeit\u00e4 kuin \u00e4\u00e4rimm\u00e4isen harvoin. Yleens\u00e4 se on parannettavissa hoidolla.<\/p>\n<p><img decoding=\"async\" src=\"https:\/\/www.europesays.com\/fi\/wp-content\/uploads\/2026\/01\/1768073228_994_468.jpg\" alt=\"\" class=\"_Img_1rerz_1\" style=\"aspect-ratio:0.68125\" loading=\"eager\"\/><\/p>\n<p class=\"article-body mb-nof-24 px-nof-16\">Hulkkonen on urallaan ty\u00f6skennellyt meikkaajana ja maskeeraajana muun muassa useita tunnetuissa tv-ohjelmissa. Niihin lukeutuvat esimerkiksi Vain el\u00e4m\u00e4\u00e4 sek\u00e4 Tanssii t\u00e4htien kanssa. H\u00e4nell\u00e4 on my\u00f6s oma meikkibr\u00e4ndins\u00e4. Hulkkonen on ollut kauneusalalla pitk\u00e4\u00e4n. H\u00e4n opiskeli kosmetologikoulussa 1960-luvulla.<\/p>\n<p class=\"article-body mb-nof-24 px-nof-16\">Viimeisin Tanssii t\u00e4htien kanssa -kausi on ensimm\u00e4inen, jolla Hulkkonen ei ollut mukana. H\u00e4n p\u00e4\u00e4sikin katsomaan show\u2019ta ensi kertaa vain katsojan roolissa.<\/p>\n<p class=\"article-body mb-nof-24 px-nof-16\">\u2013 17 kautta olin, kaikki kaudet t\u00e4h\u00e4n asti olin. P\u00e4\u00e4tin kun kampaajat vaihtuivat, ett\u00e4 l\u00e4hden my\u00f6s, h\u00e4n kertoi IS:lle syyskuussa TTK-katsomossa.<\/p>\n<p class=\"article-body mb-nof-24 px-nof-16\">\u2013 Ei ollut erikoista syyt\u00e4 lopettaa. Olen saanut t\u00e4st\u00e4 niin paljon. En haikaile, olen sellainen. Tied\u00e4 viel\u00e4 mit\u00e4 t\u00e4ss\u00e4 rupeaa tekem\u00e4\u00e4n.<\/p>\n","protected":false},"excerpt":{"rendered":"Raili Hulkkonen on Suomen menestyneimpi\u00e4 meikkitaiteilijoita. Meikkitaiteilija Raili Hulkkoselta leikattiin hiljattain tyvisolusy\u00f6p\u00e4. Hulkkonen kertoo asiasta Helsingin Sanomien haastattelussa.&hellip;\n","protected":false},"author":2,"featured_media":138887,"comment_status":"","ping_status":"","sticky":false,"template":"","format":"standard","meta":{"footnotes":""},"categories":[136],"tags":[407,137,33,31,30,34,408,32,109],"class_list":{"0":"post-138886","1":"post","2":"type-post","3":"status-publish","4":"format-standard","5":"has-post-thumbnail","7":"category-julkkikset","8":"tag-celebrities","9":"tag-entertainment","10":"tag-fi","11":"tag-finland","12":"tag-finnish","13":"tag-ilta-sanomat","14":"tag-julkkikset","15":"tag-suomi","16":"tag-viihde"},"share_on_mastodon":{"url":"https:\/\/pubeurope.com\/@fi\/115872454629821782","error":""},"_links":{"self":[{"href":"https:\/\/www.europesays.com\/fi\/wp-json\/wp\/v2\/posts\/138886","targetHints":{"allow":["GET"]}}],"collection":[{"href":"https:\/\/www.europesays.com\/fi\/wp-json\/wp\/v2\/posts"}],"about":[{"href":"https:\/\/www.europesays.com\/fi\/wp-json\/wp\/v2\/types\/post"}],"author":[{"embeddable":true,"href":"https:\/\/www.europesays.com\/fi\/wp-json\/wp\/v2\/users\/2"}],"replies":[{"embeddable":true,"href":"https:\/\/www.europesays.com\/fi\/wp-json\/wp\/v2\/comments?post=138886"}],"version-history":[{"count":0,"href":"https:\/\/www.europesays.com\/fi\/wp-json\/wp\/v2\/posts\/138886\/revisions"}],"wp:featuredmedia":[{"embeddable":true,"href":"https:\/\/www.europesays.com\/fi\/wp-json\/wp\/v2\/media\/138887"}],"wp:attachment":[{"href":"https:\/\/www.europesays.com\/fi\/wp-json\/wp\/v2\/media?parent=138886"}],"wp:term":[{"taxonomy":"category","embeddable":true,"href":"https:\/\/www.europesays.com\/fi\/wp-json\/wp\/v2\/categories?post=138886"},{"taxonomy":"post_tag","embeddable":true,"href":"https:\/\/www.europesays.com\/fi\/wp-json\/wp\/v2\/tags?post=138886"}],"curies":[{"name":"wp","href":"https:\/\/api.w.org\/{rel}","templated":true}]}}