{"id":138893,"date":"2026-01-10T19:38:13","date_gmt":"2026-01-10T19:38:13","guid":{"rendered":"https:\/\/www.europesays.com\/fi\/138893\/"},"modified":"2026-01-10T19:38:13","modified_gmt":"2026-01-10T19:38:13","slug":"lidlin-myymalat-tayttyivat-massiivisista-yhden-sentin-alennuksista-nain-yritys-perustelee-poikkeuksellisia-punalappujen-rivistoja","status":"publish","type":"post","link":"https:\/\/www.europesays.com\/fi\/138893\/","title":{"rendered":"Lidlin myym\u00e4l\u00e4t t\u00e4yttyiv\u00e4t massiivisista yhden sentin alennuksista \u2013 n\u00e4in yritys perustelee poikkeuksellisia punalappujen rivist\u00f6j\u00e4"},"content":{"rendered":"<p>Sentin alennus voi kuulostaa mit\u00e4tt\u00f6m\u00e4lt\u00e4, mutta Lidl mainostaa sit\u00e4 n\u00e4kyv\u00e4sti.<\/p>\n<p class=\"article-body mb-nof-24 px-nof-16\">Saksalainen kauppaketju Lidl on ripustanut Suomessa myym\u00e4l\u00f6ihins\u00e4 kymmeni\u00e4 ja taas kymmeni\u00e4 punaisia kylttej\u00e4, joissa lukee Halvempi.<\/p>\n<p class=\"article-body mb-nof-24 px-nof-16\">Kyseisill\u00e4 kylteill\u00e4 merkityist\u00e4 tuotteista kerrotaan niiden nykyinen hinta sek\u00e4 toinen, yliviivattu hinta. Jutussa olevat kuvat alennuskylteist\u00e4 ovat Valkeakosken Lidl-myym\u00e4l\u00e4st\u00e4.<\/p>\n","protected":false},"excerpt":{"rendered":"Sentin alennus voi kuulostaa mit\u00e4tt\u00f6m\u00e4lt\u00e4, mutta Lidl mainostaa sit\u00e4 n\u00e4kyv\u00e4sti. Saksalainen kauppaketju Lidl on ripustanut Suomessa myym\u00e4l\u00f6ihins\u00e4 kymmeni\u00e4&hellip;\n","protected":false},"author":2,"featured_media":138894,"comment_status":"","ping_status":"","sticky":false,"template":"","format":"standard","meta":{"footnotes":""},"categories":[76],"tags":[79,77,33,31,30,32,78,3856],"class_list":{"0":"post-138893","1":"post","2":"type-post","3":"status-publish","4":"format-standard","5":"has-post-thumbnail","7":"category-talous","8":"tag-business","9":"tag-economy","10":"tag-fi","11":"tag-finland","12":"tag-finnish","13":"tag-suomi","14":"tag-talous","15":"tag-valkeakosken-sanomat"},"share_on_mastodon":{"url":"https:\/\/pubeurope.com\/@fi\/115872497878888484","error":""},"_links":{"self":[{"href":"https:\/\/www.europesays.com\/fi\/wp-json\/wp\/v2\/posts\/138893","targetHints":{"allow":["GET"]}}],"collection":[{"href":"https:\/\/www.europesays.com\/fi\/wp-json\/wp\/v2\/posts"}],"about":[{"href":"https:\/\/www.europesays.com\/fi\/wp-json\/wp\/v2\/types\/post"}],"author":[{"embeddable":true,"href":"https:\/\/www.europesays.com\/fi\/wp-json\/wp\/v2\/users\/2"}],"replies":[{"embeddable":true,"href":"https:\/\/www.europesays.com\/fi\/wp-json\/wp\/v2\/comments?post=138893"}],"version-history":[{"count":0,"href":"https:\/\/www.europesays.com\/fi\/wp-json\/wp\/v2\/posts\/138893\/revisions"}],"wp:featuredmedia":[{"embeddable":true,"href":"https:\/\/www.europesays.com\/fi\/wp-json\/wp\/v2\/media\/138894"}],"wp:attachment":[{"href":"https:\/\/www.europesays.com\/fi\/wp-json\/wp\/v2\/media?parent=138893"}],"wp:term":[{"taxonomy":"category","embeddable":true,"href":"https:\/\/www.europesays.com\/fi\/wp-json\/wp\/v2\/categories?post=138893"},{"taxonomy":"post_tag","embeddable":true,"href":"https:\/\/www.europesays.com\/fi\/wp-json\/wp\/v2\/tags?post=138893"}],"curies":[{"name":"wp","href":"https:\/\/api.w.org\/{rel}","templated":true}]}}