{"id":138895,"date":"2026-01-10T19:39:10","date_gmt":"2026-01-10T19:39:10","guid":{"rendered":"https:\/\/www.europesays.com\/fi\/138895\/"},"modified":"2026-01-10T19:39:10","modified_gmt":"2026-01-10T19:39:10","slug":"etiopiaan-rakennetaan-afrikan-suurin-lentokentta-uutisia-lyhyesti","status":"publish","type":"post","link":"https:\/\/www.europesays.com\/fi\/138895\/","title":{"rendered":"Etiopiaan rakennetaan Afrikan suurin lentokentt\u00e4 | Uutisia lyhyesti"},"content":{"rendered":"<p class=\"aw-1gybjub aw-1p7kakr kEtdKx cEmitX yle__article__paragraph\">Etiopian p\u00e4\u00e4kaupunki Addis Abeba saa uuden lentokent\u00e4n.<\/p>\n<p class=\"aw-1gybjub aw-1p7kakr kEtdKx cEmitX yle__article__paragraph\">Rakennusty\u00f6 45 kilometrin p\u00e4\u00e4ss\u00e4 sijaitsevassa naapurikaupunki Bishoftussa alkoi t\u00e4n\u00e4\u00e4n ja valmista pit\u00e4isi olla vuonna 2030.<\/p>\n<p class=\"aw-1gybjub aw-1p7kakr kEtdKx cEmitX yle__article__paragraph\">Bishoftun lentokent\u00e4st\u00e4 tulee Etiopian presidentin Abiy Ahmed Alin mukaan Afrikan suurin.<\/p>\n<p class=\"aw-1gybjub aw-1p7kakr kEtdKx cEmitX yle__article__paragraph\">Kent\u00e4ll\u00e4 on nelj\u00e4 kiitotiet\u00e4 ja tilaa pys\u00e4k\u00f6id\u00e4 samaan aikaan 270 lentokonetta. Kent\u00e4n kapasiteetin on m\u00e4\u00e4r\u00e4 riitt\u00e4\u00e4 110 miljoonalle matkustajalle vuosittain.<\/p>\n<p class=\"aw-1gybjub aw-1p7kakr kEtdKx cEmitX yle__article__paragraph\">L\u00e4hde: Reuters<\/p>\n","protected":false},"excerpt":{"rendered":"Etiopian p\u00e4\u00e4kaupunki Addis Abeba saa uuden lentokent\u00e4n. Rakennusty\u00f6 45 kilometrin p\u00e4\u00e4ss\u00e4 sijaitsevassa naapurikaupunki Bishoftussa alkoi t\u00e4n\u00e4\u00e4n ja valmista&hellip;\n","protected":false},"author":2,"featured_media":138896,"comment_status":"","ping_status":"","sticky":false,"template":"","format":"standard","meta":{"footnotes":""},"categories":[14],"tags":[8630,22,23,9349,26,27,33,31,30,17,4706,24,25,4209,1224,121,28,29,1478,15,18,21,32,19,20,56,16,59,60,61],"class_list":{"0":"post-138895","1":"post","2":"type-post","3":"status-publish","4":"format-standard","5":"has-post-thumbnail","7":"category-ulkomaat","8":"tag-afrikka","9":"tag-breaking-news","10":"tag-breakingnews","11":"tag-etiopia","12":"tag-featured-news","13":"tag-featurednews","14":"tag-fi","15":"tag-finland","16":"tag-finnish","17":"tag-headlines","18":"tag-ilmailu","19":"tag-latest-news","20":"tag-latestnews","21":"tag-lentokentat","22":"tag-lentoliikenne","23":"tag-liikenne-ja-kuljetus","24":"tag-main-news","25":"tag-mainnews","26":"tag-matkailu","27":"tag-news","28":"tag-otsikot","29":"tag-paauutiset","30":"tag-suomi","31":"tag-top-stories","32":"tag-topstories","33":"tag-ulkomaat","34":"tag-uutiset","35":"tag-world","36":"tag-world-news","37":"tag-worldnews"},"share_on_mastodon":{"url":"https:\/\/pubeurope.com\/@fi\/115872501864574754","error":""},"_links":{"self":[{"href":"https:\/\/www.europesays.com\/fi\/wp-json\/wp\/v2\/posts\/138895","targetHints":{"allow":["GET"]}}],"collection":[{"href":"https:\/\/www.europesays.com\/fi\/wp-json\/wp\/v2\/posts"}],"about":[{"href":"https:\/\/www.europesays.com\/fi\/wp-json\/wp\/v2\/types\/post"}],"author":[{"embeddable":true,"href":"https:\/\/www.europesays.com\/fi\/wp-json\/wp\/v2\/users\/2"}],"replies":[{"embeddable":true,"href":"https:\/\/www.europesays.com\/fi\/wp-json\/wp\/v2\/comments?post=138895"}],"version-history":[{"count":0,"href":"https:\/\/www.europesays.com\/fi\/wp-json\/wp\/v2\/posts\/138895\/revisions"}],"wp:featuredmedia":[{"embeddable":true,"href":"https:\/\/www.europesays.com\/fi\/wp-json\/wp\/v2\/media\/138896"}],"wp:attachment":[{"href":"https:\/\/www.europesays.com\/fi\/wp-json\/wp\/v2\/media?parent=138895"}],"wp:term":[{"taxonomy":"category","embeddable":true,"href":"https:\/\/www.europesays.com\/fi\/wp-json\/wp\/v2\/categories?post=138895"},{"taxonomy":"post_tag","embeddable":true,"href":"https:\/\/www.europesays.com\/fi\/wp-json\/wp\/v2\/tags?post=138895"}],"curies":[{"name":"wp","href":"https:\/\/api.w.org\/{rel}","templated":true}]}}