{"id":138897,"date":"2026-01-10T19:40:06","date_gmt":"2026-01-10T19:40:06","guid":{"rendered":"https:\/\/www.europesays.com\/fi\/138897\/"},"modified":"2026-01-10T19:40:06","modified_gmt":"2026-01-10T19:40:06","slug":"juna-asemien-talvikunnossapitoa-on-parannettava-hs-fi","status":"publish","type":"post","link":"https:\/\/www.europesays.com\/fi\/138897\/","title":{"rendered":"Juna-asemien talvikunnossapitoa on parannettava | HS.fi"},"content":{"rendered":"<p>Lukijan mielipide|Juna-asemille tulee laittaa my\u00f6s kyltit, joissa on s\u00e4hk\u00f6posti, qr-koodi ja puhelinnumero vikailmoituksia varten.<\/p>\n<p class=\"article-body nof-ui-body-medium mb-nof-24 px-nof-16\">Kirjoitus on Helsingin Sanomien lukijan mielipide.<\/p>\n<p class=\"article-body mb-nof-24 px-nof-16\">Junalaitureiden ja asemille johtavien k\u00e4velyteiden hiekoitusta on tehostettava. Tapanilan asemalla on viimeksi t\u00e4n\u00e4 vuonna tapahtunut liukastumisesta johtuva vakava onnettomuus. Luiska Tapanilan asemalaiturilta alikulkuk\u00e4yt\u00e4v\u00e4\u00e4n tulee hiekoittaa s\u00e4\u00e4nn\u00f6llisesti.<\/p>\n<p class=\"article-body mb-nof-24 px-nof-16\">Juna-asemia hallinnoivien tahojen pit\u00e4\u00e4 parantaa yhteisty\u00f6t\u00e4\u00e4n talvikunnossapidossa. Asemille tulee laittaa my\u00f6s kyltit, joissa on s\u00e4hk\u00f6posti, qr-koodi ja puhelinnumero vikailmoituksia varten. Vikailmoituksia voisi tehd\u00e4 talvikunnossapidon lis\u00e4ksi my\u00f6s Malmin aseman rikkin\u00e4isist\u00e4 liukuportaista.<\/p>\n<p class=\"article-body mb-nof-24 px-nof-16\">Antti Vuorela<\/p>\n<p class=\"article-body mb-nof-24 px-nof-16\">kaupunginvaltuutettu (sd), Tapanila, Helsinki<\/p>\n<p class=\"article-body nof-ui-body-medium mb-nof-24 px-nof-16\">HS:n toimitus valitsee ja toimittaa mielipidekirjoitukset. Voit j\u00e4tt\u00e4\u00e4 mielipidekirjoituksen tai tutustua kirjoitusten periaatteisiin osoitteessa <a class=\"underline underline-offset-[0.12em] [text-decoration-thickness:var(--generic-link-underline-thickness)] [text-decoration-color:var(--generic-link-underline-color)] [text-decoration-skip-ink:var(--generic-link-underline-skip-ink)] break-words article-endnote\" href=\"http:\/\/www.hs.fi\/kirjoitamielipidekirjoitus\/\" rel=\"nofollow noopener\" target=\"_blank\">http:\/\/www.hs.fi\/kirjoitamielipidekirjoitus\/<\/a>.<\/p>\n","protected":false},"excerpt":{"rendered":"Lukijan mielipide|Juna-asemille tulee laittaa my\u00f6s kyltit, joissa on s\u00e4hk\u00f6posti, qr-koodi ja puhelinnumero vikailmoituksia varten. Kirjoitus on Helsingin Sanomien&hellip;\n","protected":false},"author":2,"featured_media":96697,"comment_status":"","ping_status":"","sticky":false,"template":"","format":"standard","meta":{"footnotes":""},"categories":[12],"tags":[22,23,26,27,33,31,30,17,46,24,25,28,29,15,18,21,32,19,20,16],"class_list":{"0":"post-138897","1":"post","2":"type-post","3":"status-publish","4":"format-standard","5":"has-post-thumbnail","7":"category-suomi","8":"tag-breaking-news","9":"tag-breakingnews","10":"tag-featured-news","11":"tag-featurednews","12":"tag-fi","13":"tag-finland","14":"tag-finnish","15":"tag-headlines","16":"tag-helsingin-sanomat","17":"tag-latest-news","18":"tag-latestnews","19":"tag-main-news","20":"tag-mainnews","21":"tag-news","22":"tag-otsikot","23":"tag-paauutiset","24":"tag-suomi","25":"tag-top-stories","26":"tag-topstories","27":"tag-uutiset"},"share_on_mastodon":{"url":"https:\/\/pubeurope.com\/@fi\/115872505788679366","error":""},"_links":{"self":[{"href":"https:\/\/www.europesays.com\/fi\/wp-json\/wp\/v2\/posts\/138897","targetHints":{"allow":["GET"]}}],"collection":[{"href":"https:\/\/www.europesays.com\/fi\/wp-json\/wp\/v2\/posts"}],"about":[{"href":"https:\/\/www.europesays.com\/fi\/wp-json\/wp\/v2\/types\/post"}],"author":[{"embeddable":true,"href":"https:\/\/www.europesays.com\/fi\/wp-json\/wp\/v2\/users\/2"}],"replies":[{"embeddable":true,"href":"https:\/\/www.europesays.com\/fi\/wp-json\/wp\/v2\/comments?post=138897"}],"version-history":[{"count":0,"href":"https:\/\/www.europesays.com\/fi\/wp-json\/wp\/v2\/posts\/138897\/revisions"}],"wp:featuredmedia":[{"embeddable":true,"href":"https:\/\/www.europesays.com\/fi\/wp-json\/wp\/v2\/media\/96697"}],"wp:attachment":[{"href":"https:\/\/www.europesays.com\/fi\/wp-json\/wp\/v2\/media?parent=138897"}],"wp:term":[{"taxonomy":"category","embeddable":true,"href":"https:\/\/www.europesays.com\/fi\/wp-json\/wp\/v2\/categories?post=138897"},{"taxonomy":"post_tag","embeddable":true,"href":"https:\/\/www.europesays.com\/fi\/wp-json\/wp\/v2\/tags?post=138897"}],"curies":[{"name":"wp","href":"https:\/\/api.w.org\/{rel}","templated":true}]}}