{"id":138904,"date":"2026-01-10T19:58:10","date_gmt":"2026-01-10T19:58:10","guid":{"rendered":"https:\/\/www.europesays.com\/fi\/138904\/"},"modified":"2026-01-10T19:58:10","modified_gmt":"2026-01-10T19:58:10","slug":"usassa-jattimaiseksi-ilmioksi-kasvanut-hittisarja-alkaa-pian-suomessa","status":"publish","type":"post","link":"https:\/\/www.europesays.com\/fi\/138904\/","title":{"rendered":"USA:ssa j\u00e4ttim\u00e4iseksi ilmi\u00f6ksi kasvanut hittisarja alkaa pian Suomessa"},"content":{"rendered":"<p>HBO Maxin uutuussarja on noussut j\u00e4tti-ilmi\u00f6ksi USA:ssa. Kuuden jakson mittainen minisarja k\u00e4ynnistyy 23. tammikuuta.<\/p>\n<p>Uusi jakso ilmestyy joka perjantai. Finaalijakso n\u00e4hd\u00e4\u00e4n 27. helmikuuta.<\/p>\n<p>Kyseess\u00e4 on\u00a0k\u00e4sikirjoittaja-ohjaaja-tuottaja\u00a0<strong>Jacob Tierneyn<\/strong>\u00a0(Letterkenny,\u00a0Shoresy)\u00a0Heated Rivalry -niminen sarja, joka kertoo kahdesta kilpailevasta j\u00e4\u00e4kiekkoilijasta Shane Hollanderista (<strong>Hudson Williams<\/strong>) ja Ilya Rozanovista (<strong>Connor Storrie<\/strong>).<\/p>\n<p>Shane ja Ilya ovat Major League Hockey -sarjan kirkkaimpia t\u00e4htinimi\u00e4. Heit\u00e4 yhdist\u00e4v\u00e4t sammumaton kunnianhimo, armoton kilpailuasetelma ja vastustamaton vetovoima, jota kumpikaan ei osaa t\u00e4ysin selitt\u00e4\u00e4.<\/p>\n<p>Aluksi huolettomana alkava salainen suhde kahden nuoren tulokkaan v\u00e4lill\u00e4 syvenee vuosien saatossa matkaksi t\u00e4ynn\u00e4 rakkautta, torjuntaa ja oman identiteetin etsimist\u00e4.<\/p>\n<p>Kahdeksan vuoden aikana he tavoittelevat huippua j\u00e4\u00e4ll\u00e4 ja yritt\u00e4v\u00e4t samalla ymm\u00e4rt\u00e4\u00e4 tunteitaan kaukalon ulkopuolella.<\/p>\n<p>Shane ja Ilya joutuvat tasapainoilemaan intohimoisen urheilumaailman ja syd\u00e4men vaatimusten v\u00e4lill\u00e4 \u2013 ja lopulta heid\u00e4n on p\u00e4\u00e4tett\u00e4v\u00e4, mahtuuko armottoman kilpailun keskelle jotakin niin haavoittuvaa ja voimakasta kuin rakkaus.<\/p>\n<p>Muissa rooleissa n\u00e4hd\u00e4\u00e4n <strong>Fran\u00e7ois Arnaud<\/strong>,\u00a0<strong>Robbie G.K.<\/strong>,<strong>\u00a0Christina Chang<\/strong>,\u00a0<strong>Dylan Walsh<\/strong>,\u00a0<strong>Sophie N\u00e9lisse\u00a0<\/strong>ja\u00a0<strong>Ksenia Daniela Kharlamova<\/strong>.<\/p>\n<p>Alla traileri.<\/p>\n<p><img loading=\"lazy\" decoding=\"async\" alt=\"YouTube video\" width=\"480\" height=\"360\" data-pin-nopin=\"true\" nopin=\"nopin\" class=\"perfmatters-lazy\" src=\"https:\/\/www.europesays.com\/fi\/wp-content\/uploads\/2026\/01\/1768075090_743_hqdefault.jpg\"\/><\/p>\n<p>Lue my\u00f6s: <a href=\"https:\/\/www.episodi.fi\/uutiskirje\/?uutiskirjemainos=tekstilinkkimainos\" title=\"Tilaa Episodin uutiskirje ja voit voittaa leffalippuja! Nappaa tv-vinkit suoraan s\u00e4hk\u00f6postiin t\u00e4st\u00e4.\" class=\"underline-custom !font-montserrat !font-bold !underline-offset-4 !decoration-4 !decoration-episodi-blue !text-md\" rel=\"nofollow noopener\" target=\"_blank\">Tilaa Episodin uutiskirje ja voit voittaa leffalippuja! Nappaa katseluvinkit suoraan s\u00e4hk\u00f6postiin t\u00e4st\u00e4.<\/a><\/p>\n","protected":false},"excerpt":{"rendered":"HBO Maxin uutuussarja on noussut j\u00e4tti-ilmi\u00f6ksi USA:ssa. Kuuden jakson mittainen minisarja k\u00e4ynnistyy 23. tammikuuta. Uusi jakso ilmestyy joka&hellip;\n","protected":false},"author":2,"featured_media":138905,"comment_status":"","ping_status":"","sticky":false,"template":"","format":"standard","meta":{"footnotes":""},"categories":[131],"tags":[155,137,33,173,31,30,280,24119,172,32,109],"class_list":{"0":"post-138904","1":"post","2":"type-post","3":"status-publish","4":"format-standard","5":"has-post-thumbnail","7":"category-elokuvat","8":"tag-elokuvat","9":"tag-entertainment","10":"tag-fi","11":"tag-film","12":"tag-finland","13":"tag-finnish","14":"tag-hbo-max","15":"tag-heated-rivalry","16":"tag-movies","17":"tag-suomi","18":"tag-viihde"},"share_on_mastodon":{"url":"https:\/\/pubeurope.com\/@fi\/115872576484202242","error":""},"_links":{"self":[{"href":"https:\/\/www.europesays.com\/fi\/wp-json\/wp\/v2\/posts\/138904","targetHints":{"allow":["GET"]}}],"collection":[{"href":"https:\/\/www.europesays.com\/fi\/wp-json\/wp\/v2\/posts"}],"about":[{"href":"https:\/\/www.europesays.com\/fi\/wp-json\/wp\/v2\/types\/post"}],"author":[{"embeddable":true,"href":"https:\/\/www.europesays.com\/fi\/wp-json\/wp\/v2\/users\/2"}],"replies":[{"embeddable":true,"href":"https:\/\/www.europesays.com\/fi\/wp-json\/wp\/v2\/comments?post=138904"}],"version-history":[{"count":0,"href":"https:\/\/www.europesays.com\/fi\/wp-json\/wp\/v2\/posts\/138904\/revisions"}],"wp:featuredmedia":[{"embeddable":true,"href":"https:\/\/www.europesays.com\/fi\/wp-json\/wp\/v2\/media\/138905"}],"wp:attachment":[{"href":"https:\/\/www.europesays.com\/fi\/wp-json\/wp\/v2\/media?parent=138904"}],"wp:term":[{"taxonomy":"category","embeddable":true,"href":"https:\/\/www.europesays.com\/fi\/wp-json\/wp\/v2\/categories?post=138904"},{"taxonomy":"post_tag","embeddable":true,"href":"https:\/\/www.europesays.com\/fi\/wp-json\/wp\/v2\/tags?post=138904"}],"curies":[{"name":"wp","href":"https:\/\/api.w.org\/{rel}","templated":true}]}}