{"id":138937,"date":"2026-01-10T20:33:08","date_gmt":"2026-01-10T20:33:08","guid":{"rendered":"https:\/\/www.europesays.com\/fi\/138937\/"},"modified":"2026-01-10T20:33:08","modified_gmt":"2026-01-10T20:33:08","slug":"suvi-minkkisen-tahdittama-viestijoukkue-virittelee-yllatysta-kaisa-makarainen-kertoo-mista-olympiamitali-on-kiinni-urheilu","status":"publish","type":"post","link":"https:\/\/www.europesays.com\/fi\/138937\/","title":{"rendered":"Suvi Minkkisen t\u00e4hditt\u00e4m\u00e4 viestijoukkue virittelee yll\u00e4tyst\u00e4 \u2013 Kaisa M\u00e4k\u00e4r\u00e4inen kertoo, mist\u00e4 olympiamitali on kiinni | Urheilu"},"content":{"rendered":"<p class=\"aw-1gybjub aw-1p7kakr kEtdKx cEmitX yle__article__paragraph\">Suomen naisten ampumahiihtojoukkueen upea tykitys maailmancupin viesteiss\u00e4 jatkui lauantaina Saksan Oberhofissa, kun <strong class=\"aw-ak79eh KyCXm yle__article__strong\">Suvi Minkkisen<\/strong> ankkuroima kvartetti oli j\u00e4lleen nelj\u00e4s.<\/p>\n<p class=\"aw-1gybjub aw-1p7kakr kEtdKx cEmitX yle__article__paragraph\">Suomi oli t\u00e4sm\u00e4lleen samalla sijalla nelj\u00e4 viikkoa sitten It\u00e4vallassa, ja silloin kyseess\u00e4 oli naisten ampumahiihtomaajoukkueen paras viestisijoitus sitten vuoden 1999 kolmannen sijan. Vaikka sijoitus oli sama, Yle Urheilun asiantuntija <strong class=\"aw-ak79eh KyCXm yle__article__strong\">Kaisa M\u00e4k\u00e4r\u00e4inen<\/strong> muistuttaa, ett\u00e4 kilpailun luonne oli nyt hyvin erilainen.<\/p>\n<p class=\"aw-1gybjub aw-1p7kakr kEtdKx cEmitX yle__article__paragraph\">Viimeksi Suomen viesti eteni tasaisissa merkeiss\u00e4, eik\u00e4 mit\u00e4\u00e4n ep\u00e4onnistumisia n\u00e4hty. Nyt <strong class=\"aw-ak79eh KyCXm yle__article__strong\">Inka H\u00e4m\u00e4l\u00e4isell\u00e4<\/strong> ja etenkin <strong class=\"aw-ak79eh KyCXm yle__article__strong\">Sonja Leinamolla<\/strong> oli vaikeaa, joista j\u00e4lkimm\u00e4inen joutui toisella ammuntapaikalla kolmelle sakkoringille varapatruunoista huolimatta.<\/p>\n<p class=\"aw-1gybjub aw-1p7kakr kEtdKx cEmitX yle__article__paragraph\">Kahdella j\u00e4lkimm\u00e4isell\u00e4 osuudella <strong class=\"aw-ak79eh KyCXm yle__article__strong\">Venla Lehtonen<\/strong> sek\u00e4 Suvi Minkkinen pystyiv\u00e4t supersuosituksiin joukkueen hilatessa sijoitustaan per\u00e4ti kymmenell\u00e4 pyk\u00e4l\u00e4ll\u00e4.<\/p>\n<p class=\"aw-1gybjub aw-1p7kakr kEtdKx cEmitX yle__article__paragraph\">\u2013 It\u00e4vallassa on kunnon peesausmaasto ja yleens\u00e4 helppo penkka. Se oli hyvin erityyppinen viesti kuin nyt Oberhofissa, jossa ei peesailla ja on vaikeampi penkka, M\u00e4k\u00e4r\u00e4inen luonnehtii kisojen eroavaisuuksia.<\/p>\n<p>Korkea perustaso<\/p>\n<p class=\"aw-1gybjub aw-1p7kakr kEtdKx cEmitX yle__article__paragraph\">K\u00e4rkij\u00e4rjestys oli miltei sama sill\u00e4 erotuksella, ett\u00e4 Ruotsin sijaan ylivoimaista voittoa juhli Ranska. Kun viimeksi Ranska ep\u00e4onnistui, nyt ep\u00e4onnen soturin rooli napsahti kelta-asuisille ruotsalaisille, joiden sijoitus oli viides.<\/p>\n<p class=\"aw-1gybjub aw-1p7kakr kEtdKx cEmitX yle__article__paragraph\">\u2013 Aina joku isoista maista ep\u00e4onnistuu. On haastavaa saada nelj\u00e4\u00e4 huippusuoritusta samassa joukkueessa samalle p\u00e4iv\u00e4lle, M\u00e4k\u00e4r\u00e4inen tiet\u00e4\u00e4.<\/p>\n<p class=\"aw-1gybjub aw-1p7kakr kEtdKx cEmitX yle__article__paragraph\">Vaikka Suomella oli avausosuuksilla vaikeampaa, joukkueen perustaso on nyt niin hyv\u00e4, ett\u00e4 se riitt\u00e4\u00e4 palkintokorokesijan tuntumaan.<\/p>\n<p class=\"aw-1gybjub aw-1p7kakr kEtdKx cEmitX yle__article__paragraph\">M\u00e4k\u00e4r\u00e4inen sanoo, ett\u00e4 viesti rakentuu yleens\u00e4 monella tavalla, mutta silti huipputuloskin on mahdollinen.<\/p>\n<p class=\"aw-1gybjub aw-1p7kakr kEtdKx cEmitX yle__article__paragraph\">\u2013 Ruotsin miehet ovat hyv\u00e4 esimerkki siit\u00e4, ett\u00e4 heill\u00e4 t\u00f6kkii alussa, mutta aina jostain he kairaavat itsens\u00e4 keulalle. Nyt Ruotsin naisilla oli vaikeaa, mutta silti he nousivat hyvin. Heille top3 on toki aina odotusarvo, kun Suomelle kyseess\u00e4 olisi j\u00e4ttipotti.<\/p>\n<p class=\"aw-1gybjub aw-1p7kakr kEtdKx cEmitX yle__article__paragraph\">\u2013 Suomellakaan ei s\u00e4rkym\u00e4vaaraa ole, mutta nelikko on niin tasainen, ett\u00e4 sauma podiumsijaan on olemassa. T\u00e4ll\u00e4 kaudella on niin monta viesti\u00e4 tulossa, joten toivottavasti se jossain kohtaa tulee, M\u00e4k\u00e4r\u00e4inen tuumii.<\/p>\n<p><img decoding=\"async\" alt=\"Suvi Minkkinen ankkuriosuudella.\" src=\"https:\/\/www.europesays.com\/fi\/wp-content\/uploads\/2026\/01\/39-1579607696285d695686.jpeg\" loading=\"lazy\" class=\"aw-1l9m598 hKVVvP\"\/><\/p>\n<p>Avaa kuvien katselu<\/p>\n<p>Suvi Minkkiselt\u00e4 n\u00e4htiin ankkuriosuudella laatua. Kuva: Getty ImagesEnnakkosuosikin myrskyvaroitus<\/p>\n<p class=\"aw-1gybjub aw-1p7kakr kEtdKx cEmitX yle__article__paragraph\">M\u00e4k\u00e4r\u00e4inen on ilahtunut siit\u00e4, ett\u00e4 Minkkisen takana viesteiss\u00e4 on eri onnistujia eri kisoissa. Aiemmin It\u00e4vallassa se oli 19-vuotias Inka H\u00e4m\u00e4l\u00e4inen, nyt Venla Lehtonen.<\/p>\n<p class=\"aw-1gybjub aw-1p7kakr kEtdKx cEmitX yle__article__paragraph\">Sonja Leinamo on heilauttanut t\u00e4ll\u00e4 kaudella itsens\u00e4 kerran toiseksi. Asiantuntija kuitenkin lis\u00e4\u00e4, ett\u00e4 Leinamon v\u00e4h\u00e4isemm\u00e4n ammuntakokemuksen takia heilahteluja tulee laidasta laitaan huomattavasti herkemmin.<\/p>\n<p class=\"aw-1gybjub aw-1p7kakr kEtdKx cEmitX yle__article__paragraph\">\u2013 Sonjan kohdalla pit\u00e4\u00e4 muistaa, ett\u00e4 vuosissa mitattuna h\u00e4n harjoitellut ampumista selke\u00e4sti v\u00e4hiten. On ihan luonnollista, ett\u00e4 ammunta on h\u00e4nelle ailahtelevampaa.<\/p>\n<p class=\"aw-1gybjub aw-1p7kakr kEtdKx cEmitX yle__article__paragraph\">Ranskan ymp\u00e4rill\u00e4 on ollut viime vuosina erin\u00e4isi\u00e4 kohuja, ja t\u00e4m\u00e4n kauden ensimm\u00e4isiss\u00e4 kisoissa naisten kirkkaalta ykk\u00f6smaalta ei ole n\u00e4hty samanlaista n\u00e4yt\u00f6st\u00e4 kuin esimerkiksi viime vuonna.<\/p>\n<p class=\"aw-1gybjub aw-1p7kakr kEtdKx cEmitX yle__article__paragraph\"><strong class=\"aw-ak79eh KyCXm yle__article__strong\">Lou Jeannonmot<\/strong>, <strong class=\"aw-ak79eh KyCXm yle__article__strong\">Oceane Michelon<\/strong>, <strong class=\"aw-ak79eh KyCXm yle__article__strong\">Justine Braisaz-Bouchet<\/strong> sek\u00e4 ankkuri <strong class=\"aw-ak79eh KyCXm yle__article__strong\">Julia Simon<\/strong> todistivat, ett\u00e4 maa on normitilanteessa selv\u00e4 ennakkosuosikki Anterselvan olympiaviesti\u00e4kin silm\u00e4ll\u00e4 pit\u00e4en.<\/p>\n<p class=\"aw-1gybjub aw-1p7kakr kEtdKx cEmitX yle__article__paragraph\">\u2013 Ranska ei ole ollut ihan niin vahva kuin viime vuonna. On ollut hakemista. T\u00e4m\u00e4n p\u00e4iv\u00e4n perusteella heilt\u00e4 n\u00e4htiin taas Ranskaa. Heid\u00e4n suurin haastajansa on Ruotsi.<\/p>\n<p><img decoding=\"async\" alt=\"Ranskan Julia Simon ankkuroi maansa voittoon.\" src=\"https:\/\/www.europesays.com\/fi\/wp-content\/uploads\/2026\/01\/39-157960469628550ea8ea.jpeg\" loading=\"lazy\" class=\"aw-1l9m598 hKVVvP\"\/><\/p>\n<p>Avaa kuvien katselu<\/p>\n<p>Julia Simon ankkuroi Ranskan voittoon. Kuva: EPAMitali ei olisi j\u00e4ttipaukku<\/p>\n<p class=\"aw-1gybjub aw-1p7kakr kEtdKx cEmitX yle__article__paragraph\">Kun kyseess\u00e4 oli toinen per\u00e4kk\u00e4inen nelossija ja viel\u00e4p\u00e4 erilaisilla suorituksilla, ei voi olla heitt\u00e4m\u00e4tt\u00e4 ilmoille Suomen menestysn\u00e4kymi\u00e4 naisten olympiaviestiin.<\/p>\n<p class=\"aw-1gybjub aw-1p7kakr kEtdKx cEmitX yle__article__paragraph\">M\u00e4k\u00e4r\u00e4isen mukaan t\u00e4m\u00e4nhetkisen tiedon valossa Suomen naisilta kannattaa odottaa Anterselvasta realistisesti sijoja 4\u20136. Top3-sijoitus ei olisi kuitenkaan mik\u00e4\u00e4n p\u00f6lj\u00e4n p\u00e4iv\u00e4n veto.<\/p>\n<p class=\"aw-1gybjub aw-1p7kakr kEtdKx cEmitX yle__article__paragraph\">\u2013 Mitalista voi olla yll\u00e4ttyneit\u00e4, mutta se ei olisi sellainen asia, ett\u00e4 se tulisi puskista. T\u00e4n\u00e4\u00e4n n\u00e4htiin ehk\u00e4 noin kolme hyv\u00e4\u00e4 suoritusta, kun se mitalisuoritus vaatii viel\u00e4 enemm\u00e4n.<\/p>\n<p class=\"aw-1gybjub aw-1p7kakr kEtdKx cEmitX yle__article__paragraph\">\u2013 Se vaatinee my\u00f6s muiden huippumaiden floppaamista, ja esimerkiksi t\u00e4n\u00e4\u00e4n Italiakaan ei ollut parhaalla mahdollisella joukkueella liikkeell\u00e4.<\/p>\n","protected":false},"excerpt":{"rendered":"Suomen naisten ampumahiihtojoukkueen upea tykitys maailmancupin viesteiss\u00e4 jatkui lauantaina Saksan Oberhofissa, kun Suvi Minkkisen ankkuroima kvartetti oli j\u00e4lleen&hellip;\n","protected":false},"author":2,"featured_media":138938,"comment_status":"","ping_status":"","sticky":false,"template":"","format":"standard","meta":{"footnotes":""},"categories":[5],"tags":[21258,2094,22,23,26,27,33,31,30,17,24123,24,25,28,29,15,18,21,24124,32,12272,19,20,160,16,24125],"class_list":{"0":"post-138937","1":"post","2":"type-post","3":"status-publish","4":"format-standard","5":"has-post-thumbnail","7":"category-otsikot","8":"tag-ampumahiihdon-maailmancup","9":"tag-ampumahiihto","10":"tag-breaking-news","11":"tag-breakingnews","12":"tag-featured-news","13":"tag-featurednews","14":"tag-fi","15":"tag-finland","16":"tag-finnish","17":"tag-headlines","18":"tag-inka-hamalainen","19":"tag-latest-news","20":"tag-latestnews","21":"tag-main-news","22":"tag-mainnews","23":"tag-news","24":"tag-otsikot","25":"tag-paauutiset","26":"tag-sonja-leinamo","27":"tag-suomi","28":"tag-suvi-minkkinen","29":"tag-top-stories","30":"tag-topstories","31":"tag-urheilu","32":"tag-uutiset","33":"tag-venla-lehtonen"},"share_on_mastodon":{"url":"https:\/\/pubeurope.com\/@fi\/115872714105885617","error":""},"_links":{"self":[{"href":"https:\/\/www.europesays.com\/fi\/wp-json\/wp\/v2\/posts\/138937","targetHints":{"allow":["GET"]}}],"collection":[{"href":"https:\/\/www.europesays.com\/fi\/wp-json\/wp\/v2\/posts"}],"about":[{"href":"https:\/\/www.europesays.com\/fi\/wp-json\/wp\/v2\/types\/post"}],"author":[{"embeddable":true,"href":"https:\/\/www.europesays.com\/fi\/wp-json\/wp\/v2\/users\/2"}],"replies":[{"embeddable":true,"href":"https:\/\/www.europesays.com\/fi\/wp-json\/wp\/v2\/comments?post=138937"}],"version-history":[{"count":0,"href":"https:\/\/www.europesays.com\/fi\/wp-json\/wp\/v2\/posts\/138937\/revisions"}],"wp:featuredmedia":[{"embeddable":true,"href":"https:\/\/www.europesays.com\/fi\/wp-json\/wp\/v2\/media\/138938"}],"wp:attachment":[{"href":"https:\/\/www.europesays.com\/fi\/wp-json\/wp\/v2\/media?parent=138937"}],"wp:term":[{"taxonomy":"category","embeddable":true,"href":"https:\/\/www.europesays.com\/fi\/wp-json\/wp\/v2\/categories?post=138937"},{"taxonomy":"post_tag","embeddable":true,"href":"https:\/\/www.europesays.com\/fi\/wp-json\/wp\/v2\/tags?post=138937"}],"curies":[{"name":"wp","href":"https:\/\/api.w.org\/{rel}","templated":true}]}}