{"id":138954,"date":"2026-01-10T21:04:07","date_gmt":"2026-01-10T21:04:07","guid":{"rendered":"https:\/\/www.europesays.com\/fi\/138954\/"},"modified":"2026-01-10T21:04:07","modified_gmt":"2026-01-10T21:04:07","slug":"logistiikkakeskus-kunta-on-aloittanut-hakkuut-ilvesvuoren-tyopaikka-alueella-puut-kaatuvat-keskon-tontilta-paikalliset","status":"publish","type":"post","link":"https:\/\/www.europesays.com\/fi\/138954\/","title":{"rendered":"Logistiikkakeskus | Kunta on aloittanut hakkuut Ilvesvuoren ty\u00f6paikka-alueella \u2013\u2009puut kaatuvat Keskon tontilta | Paikalliset"},"content":{"rendered":"<p>Nurmij\u00e4rven kunta on aloittanut puunhakkuut 5. tammikuuta Kirkonkyl\u00e4n Ilvesvuorella, Keskon tontilla. Nurmij\u00e4rven kunnan tiedotteen mukaan puut kaadetaan vain rakennushankkeen vaatimalta alueelta. Hakkuuty\u00f6t alkoivat tontin l\u00e4nsilaidalta (3. tien varsi) ja ne etenev\u00e4t it\u00e4\u00e4n kohti Ojam\u00e4entiet\u00e4.<\/p>\n<p>Alue on jaettu kolmeen lohkoon, joista t\u00e4m\u00e4n ensimm\u00e4isen lohkon hakkuu kest\u00e4\u00e4 arviolta kaksi kuukautta. Muut lohkot hakataan sit\u00e4 mukaa, kun rakennusty\u00f6t edistyv\u00e4t. Puiden poisvienti tapahtuu Kuusim\u00e4entien ja Ojam\u00e4entien kautta. Hakkuut ja puiden kuljetuksen suorittaa Laania Oy.<\/p>\n<p><strong class=\"diks-storyline__impact\">Keskon keskusvaraston<\/strong> rakentamiseen liittyv\u00e4t maarakennusty\u00f6t alkavat yht\u00e4 lailla tammikuun aikana. N\u00e4ihin t\u00f6ihin kuuluvat ty\u00f6maan perustaminen, ty\u00f6maateiden rakentaminen ja ty\u00f6naikaisten hulevesiratkaisujen toteuttaminen, kunnan tiedotteessa sanotaan. Lis\u00e4ksi aloitetaan pinta- ja savimaiden poisto. Suoritettavat ty\u00f6t sis\u00e4ltyv\u00e4t 17. joulukuuta 2024 hyv\u00e4ksytyn rakennusluvan piiriin ja urakoitsijana toimii Louhintahiekka Oy. Ymp\u00e4rist\u00f6luvan piiriin kuuluvaa louhintaa ja murskausta ei aloiteta ennen kuin ymp\u00e4rist\u00f6lupa sen mahdollistaa.<\/p>\n<p>Tontin ty\u00f6maaliikenne k\u00e4ytt\u00e4\u00e4 H\u00e4meenlinnantien ajoliittym\u00e4\u00e4. Rakennusty\u00f6t eiv\u00e4t vaikuta hankealueen pohjoispuolella kulkevaan Seitsem\u00e4n veljeksen reittiin.<\/p>\n","protected":false},"excerpt":{"rendered":"Nurmij\u00e4rven kunta on aloittanut puunhakkuut 5. tammikuuta Kirkonkyl\u00e4n Ilvesvuorella, Keskon tontilla. Nurmij\u00e4rven kunnan tiedotteen mukaan puut kaadetaan vain&hellip;\n","protected":false},"author":2,"featured_media":138955,"comment_status":"","ping_status":"","sticky":false,"template":"","format":"standard","meta":{"footnotes":""},"categories":[113],"tags":[446,33,31,30,3777,5060,401,1003,118,32,119,447],"class_list":{"0":"post-138954","1":"post","2":"type-post","3":"status-publish","4":"format-standard","5":"has-post-thumbnail","7":"category-ymparisto","8":"tag-environment","9":"tag-fi","10":"tag-finland","11":"tag-finnish","12":"tag-kesko","13":"tag-nurmijarven-kunta","14":"tag-nurmijarvi","15":"tag-rakentaminen","16":"tag-science","17":"tag-suomi","18":"tag-tiede","19":"tag-ymparisto"},"share_on_mastodon":{"url":"https:\/\/pubeurope.com\/@fi\/115872836041242988","error":""},"_links":{"self":[{"href":"https:\/\/www.europesays.com\/fi\/wp-json\/wp\/v2\/posts\/138954","targetHints":{"allow":["GET"]}}],"collection":[{"href":"https:\/\/www.europesays.com\/fi\/wp-json\/wp\/v2\/posts"}],"about":[{"href":"https:\/\/www.europesays.com\/fi\/wp-json\/wp\/v2\/types\/post"}],"author":[{"embeddable":true,"href":"https:\/\/www.europesays.com\/fi\/wp-json\/wp\/v2\/users\/2"}],"replies":[{"embeddable":true,"href":"https:\/\/www.europesays.com\/fi\/wp-json\/wp\/v2\/comments?post=138954"}],"version-history":[{"count":0,"href":"https:\/\/www.europesays.com\/fi\/wp-json\/wp\/v2\/posts\/138954\/revisions"}],"wp:featuredmedia":[{"embeddable":true,"href":"https:\/\/www.europesays.com\/fi\/wp-json\/wp\/v2\/media\/138955"}],"wp:attachment":[{"href":"https:\/\/www.europesays.com\/fi\/wp-json\/wp\/v2\/media?parent=138954"}],"wp:term":[{"taxonomy":"category","embeddable":true,"href":"https:\/\/www.europesays.com\/fi\/wp-json\/wp\/v2\/categories?post=138954"},{"taxonomy":"post_tag","embeddable":true,"href":"https:\/\/www.europesays.com\/fi\/wp-json\/wp\/v2\/tags?post=138954"}],"curies":[{"name":"wp","href":"https:\/\/api.w.org\/{rel}","templated":true}]}}