{"id":138956,"date":"2026-01-10T21:11:08","date_gmt":"2026-01-10T21:11:08","guid":{"rendered":"https:\/\/www.europesays.com\/fi\/138956\/"},"modified":"2026-01-10T21:11:08","modified_gmt":"2026-01-10T21:11:08","slug":"pelastusoperaatio-viivastyy-tallainen-on-jari-saarion-vointi-nyt","status":"publish","type":"post","link":"https:\/\/www.europesays.com\/fi\/138956\/","title":{"rendered":"Pelastus\u00adoperaatio viiv\u00e4styy \u2013 T\u00e4llainen on Jari Saarion vointi nyt"},"content":{"rendered":"<p>Jari Saarion Instagram-tilill\u00e4 julkaistiin p\u00e4ivitys merih\u00e4t\u00e4\u00e4n joutuneen soutajan tilanteesta.<\/p>\n<p class=\"paragraph\">Keskell\u00e4 Etel\u00e4-Atlanttia merih\u00e4d\u00e4ss\u00e4 olevaa <a href=\"https:\/\/www.iltalehti.fi\/henkilot\/Jari Saario\" class=\"article-link-person-page\" rel=\"nofollow noopener\" target=\"_blank\">Jari Saariota<\/a> pelastamaan matkalla olevan aluksen eteneminen on hidastunut, kerrotaan Saarion Instagram-tilill\u00e4 julkaistussa tuoreimmassa tilannep\u00e4ivityksess\u00e4.<\/p>\n<p class=\"paragraph\">Kauppa-aluksen arvioitiin aiemmin saavuttavan Saarion soutuveneen puoleny\u00f6n aikaan. Nyt arvioitu aika on siirtynyt muutamalla tunnilla eteenp\u00e4in.<\/p>\n<p class=\"paragraph\">Saarioon saatiin yhteys j\u00e4lleen yhdeks\u00e4lt\u00e4 lauantai-iltana:<\/p>\n<p class=\"paragraph\">\u2013 Jari on edelleen toimintakykyinen ja on varautunut avustavan aluksen saapumiseen ja valmistautunut y\u00f6h\u00f6n.<\/p>\n<p class=\"paragraph\">Aiemmassa p\u00e4ivityksess\u00e4 kerrottiin, ett\u00e4 Saarion \u201dtilanne on haastava, mutta ajatus toimii\u201d.<\/p>\n<p class=\"paragraph\">Saarion h\u00e4t\u00e4l\u00e4hettimen signaali on edelleen n\u00e4kyviss\u00e4 meripelastukselle, p\u00e4ivityksess\u00e4 kerrotaan.<\/p>\n<p class=\"paragraph\">Saario joutui merih\u00e4t\u00e4\u00e4n perjantaina <a href=\"https:\/\/www.iltalehti.fi\/muutlajit\/a9ef7c90-7984-415d-8efd-f04c81351010\" rel=\"nofollow noopener\" target=\"_blank\">keskell\u00e4 Etel\u00e4-Atlanttia<\/a>, kun h\u00e4nen veneens\u00e4 vaurioitui.<\/p>\n<p class=\"paragraph\">\u2013 Sijainti on vaativa merialue, jossa et\u00e4isyydet ovat pitki\u00e4 ja eteneminen vie aikaa, ja operaatio itsess\u00e4\u00e4n on haastava, tilannep\u00e4ivityksess\u00e4 kerrotaan.<\/p>\n<p><img decoding=\"async\" class=\"image image-show image-preview\" src=\"https:\/\/www.europesays.com\/fi\/wp-content\/uploads\/2026\/01\/b02473420482fbc99f8bd0bcdc000e891a3120469d881b0d8185323f60c837cc.jpg\" alt=\"\"\/><img decoding=\"async\" class=\"image image-show\" src=\"https:\/\/www.europesays.com\/fi\/wp-content\/uploads\/2026\/01\/1768079468_342_b02473420482fbc99f8bd0bcdc000e891a3120469d881b0d8185323f60c837cc.jpg\" alt=\"\"\/><\/p>\n<p>Pelastusalus l\u00e4hestyy Jari Saariota. Kuva joulukuulta 2025. Jari Saarion albumi<\/p>\n<p>Yksinsoutu<\/p>\n<p class=\"paragraph\">Saario aloitti uuden yksinsoutunsa veneell\u00e4\u00e4n Claytonilla Etel\u00e4-Amerikan etel\u00e4k\u00e4rjest\u00e4 Kap Hornista 11. marraskuuta. Saarion oli m\u00e4\u00e4r\u00e4 soutaa Atlantin yli Etel\u00e4-Afrikan Kapkaupunkiin. Saariosta on tiett\u00e4v\u00e4sti ensimm\u00e4inen ihminen, joka on soutanut yksin myrskyisist\u00e4 olosuhteistaan tunnetun Kap Hornin ymp\u00e4ri.<\/p>\n<p class=\"paragraph\">Yli 8 000 kilometrin souturetken arvioitiin kest\u00e4v\u00e4n 3\u20134 kuukautta.<\/p>\n<p class=\"paragraph\">\u2013\u2009Jos k\u00e4y \u00e4lyt\u00f6n onni, voi olla, ett\u00e4 olen perill\u00e4 helmikuun alussa. Jos on huono onni, voi olla, ett\u00e4 menee huhtikuulle, Saario kertoi <a href=\"https:\/\/www.iltalehti.fi\/muutlajit\/df11f02f-b38b-4732-a438-bb2071f54f59\" rel=\"nofollow noopener\" target=\"_blank\">ennen joulua<\/a>.<\/p>\n<p class=\"paragraph\">Saario joutui h\u00e4lytt\u00e4m\u00e4\u00e4n apua perjantai-iltana, kun h\u00e4nen veneens\u00e4 vaurioitui rajussa aallokossa. <a href=\"https:\/\/www.iltalehti.fi\/muutlajit\/a9ef7c90-7984-415d-8efd-f04c81351010\" rel=\"nofollow noopener\" target=\"_blank\">GPS-sijainnin<\/a> perusteella Saario oli perjantaina noin 3 000 kilometrin p\u00e4\u00e4ss\u00e4 Kapkaupungista.<\/p>\n<p>Jari Saario joutui merih\u00e4t\u00e4\u00e4n keskell\u00e4 Etel\u00e4-Atlanttia. Marinetraffic<\/p>\n","protected":false},"excerpt":{"rendered":"Jari Saarion Instagram-tilill\u00e4 julkaistiin p\u00e4ivitys merih\u00e4t\u00e4\u00e4n joutuneen soutajan tilanteesta. Keskell\u00e4 Etel\u00e4-Atlanttia merih\u00e4d\u00e4ss\u00e4 olevaa Jari Saariota pelastamaan matkalla olevan&hellip;\n","protected":false},"author":2,"featured_media":138957,"comment_status":"","ping_status":"","sticky":false,"template":"","format":"standard","meta":{"footnotes":""},"categories":[136],"tags":[35,407,137,33,31,30,408,2187,121,41,32,2569,2568,109],"class_list":{"0":"post-138956","1":"post","2":"type-post","3":"status-publish","4":"format-standard","5":"has-post-thumbnail","7":"category-julkkikset","8":"tag-24h","9":"tag-celebrities","10":"tag-entertainment","11":"tag-fi","12":"tag-finland","13":"tag-finnish","14":"tag-julkkikset","15":"tag-kulkuneuvot","16":"tag-liikenne-ja-kuljetus","17":"tag-liikunta-ja-urheilu","18":"tag-suomi","19":"tag-vesikulkuneuvot","20":"tag-vesiliikenne","21":"tag-viihde"},"share_on_mastodon":{"url":"https:\/\/pubeurope.com\/@fi\/115872863570168878","error":""},"_links":{"self":[{"href":"https:\/\/www.europesays.com\/fi\/wp-json\/wp\/v2\/posts\/138956","targetHints":{"allow":["GET"]}}],"collection":[{"href":"https:\/\/www.europesays.com\/fi\/wp-json\/wp\/v2\/posts"}],"about":[{"href":"https:\/\/www.europesays.com\/fi\/wp-json\/wp\/v2\/types\/post"}],"author":[{"embeddable":true,"href":"https:\/\/www.europesays.com\/fi\/wp-json\/wp\/v2\/users\/2"}],"replies":[{"embeddable":true,"href":"https:\/\/www.europesays.com\/fi\/wp-json\/wp\/v2\/comments?post=138956"}],"version-history":[{"count":0,"href":"https:\/\/www.europesays.com\/fi\/wp-json\/wp\/v2\/posts\/138956\/revisions"}],"wp:featuredmedia":[{"embeddable":true,"href":"https:\/\/www.europesays.com\/fi\/wp-json\/wp\/v2\/media\/138957"}],"wp:attachment":[{"href":"https:\/\/www.europesays.com\/fi\/wp-json\/wp\/v2\/media?parent=138956"}],"wp:term":[{"taxonomy":"category","embeddable":true,"href":"https:\/\/www.europesays.com\/fi\/wp-json\/wp\/v2\/categories?post=138956"},{"taxonomy":"post_tag","embeddable":true,"href":"https:\/\/www.europesays.com\/fi\/wp-json\/wp\/v2\/tags?post=138956"}],"curies":[{"name":"wp","href":"https:\/\/api.w.org\/{rel}","templated":true}]}}