{"id":138988,"date":"2026-01-10T22:07:12","date_gmt":"2026-01-10T22:07:12","guid":{"rendered":"https:\/\/www.europesays.com\/fi\/138988\/"},"modified":"2026-01-10T22:07:12","modified_gmt":"2026-01-10T22:07:12","slug":"black-metal-legenda-mayhem-julkaisi-suomalaisyhtion-kasialaa-olevan-videon","status":"publish","type":"post","link":"https:\/\/www.europesays.com\/fi\/138988\/","title":{"rendered":"Black metal -legenda Mayhem julkaisi suomalaisyhti\u00f6n k\u00e4sialaa olevan videon"},"content":{"rendered":"<p>Norjalainen black metal -legenda <strong>Mayhem <\/strong>on julkaissut kolmannen singlen helmikuun alussa ilmestyv\u00e4lt\u00e4 Liturgy of Death -pitk\u00e4soitoltaan. Life is a Corpse You Drag -kappaleen kylkeen on tehty my\u00f6s visualizer-video, jonka tuotannosta vastaa Tampereella p\u00e4\u00e4majaansa pit\u00e4v\u00e4 Riivata Visuals. Riivatan k\u00e4sialaa on my\u00f6s levyn ensimm\u00e4isen singlelohkaisun <a href=\"https:\/\/youtu.be\/E7BxylkYCI0\" target=\"_blank\" rel=\"noreferrer noopener nofollow\">Weep for Nothingin video<\/a>.<\/p>\n<p>Mayhem l\u00e4htee\u00a0Liturgy of Death\u00a0-albuminsa tiimoilta kiert\u00e4m\u00e4\u00e4n Eurooppaa ja saapuu kiertueen merkeiss\u00e4\u00a0<a href=\"https:\/\/www.inferno.fi\/uutiset\/mayhem-saapuu-suomeen-marduk-ja-immolation-taydentavat-aarimetalli-iltaman-kattauksen\/\" target=\"_blank\" rel=\"noreferrer noopener nofollow\">my\u00f6s Suomeen<\/a>. Norjalaisyhtye n\u00e4hd\u00e4\u00e4n yhdess\u00e4\u00a0<strong>Mardukin\u00a0<\/strong>ja\u00a0<strong>Immolationin\u00a0<\/strong>kanssa Helsingin Kulttuuritalolla 26. helmikuuta.<\/p>\n<p><img loading=\"lazy\" decoding=\"async\" alt=\"YouTube video\" width=\"480\" height=\"360\" data-pin-nopin=\"true\" nopin=\"nopin\" class=\"perfmatters-lazy\" src=\"https:\/\/www.europesays.com\/fi\/wp-content\/uploads\/2026\/01\/1768082832_482_hqdefault.jpg\"\/><\/p>\n<p>Lue my\u00f6s: <a href=\"https:\/\/www.inferno.fi\/uutiset\/necrobutcher-haaveilee-kunnioitettavasta-merkkipaalusta-mayhemin-uralla-siina-on-minulle-porkkana\/\" title=\"Necrobutcher haaveilee kunnioitettavasta merkkipaalusta Mayhemin uralla \u2013 \u201dSiin\u00e4 on minulle porkkana\u201d\" class=\"underline-custom !font-montserrat !font-bold !underline-offset-4 !decoration-4 !decoration-red-600 !text-md\" rel=\"nofollow noopener\" target=\"_blank\">Necrobutcher haaveilee kunnioitettavasta merkkipaalusta Mayhemin uralla \u2013 \u201dSiin\u00e4 on minulle porkkana\u201d<\/a><\/p>\n<p>Lue my\u00f6s: <a href=\"https:\/\/www.inferno.fi\/uutiset\/mayhem-saapuu-suomeen-marduk-ja-immolation-taydentavat-aarimetalli-iltaman-kattauksen\/\" title=\"Mayhem saapuu Suomeen \u2013 Marduk ja Immolation t\u00e4ydent\u00e4v\u00e4t \u00e4\u00e4rimetalli-iltaman kattauksen\" class=\"underline-custom !font-montserrat !font-bold !underline-offset-4 !decoration-4 !decoration-red-600 !text-md\" rel=\"nofollow noopener\" target=\"_blank\">Mayhem saapuu Suomeen \u2013 Marduk ja Immolation t\u00e4ydent\u00e4v\u00e4t \u00e4\u00e4rimetalli-iltaman kattauksen<\/a><\/p>\n<p>Lue my\u00f6s: <a href=\"https:\/\/www.inferno.fi\/uutiskirje\/\" title=\"Tilaa Infernon uutiskirje\" class=\"underline-custom !font-montserrat !font-bold !underline-offset-4 !decoration-4 !decoration-red-600 !text-md\" rel=\"nofollow noopener\" target=\"_blank\">Tilaa Infernon uutiskirje ja tied\u00e4t mist\u00e4 kahvitauolla puhutaan! Nappaa raskaan musiikin uutiset ja puheenaiheet suoraan s\u00e4hk\u00f6postiin t\u00e4st\u00e4.<\/a><\/p>\n<p>\t\t\t<a href=\"https:\/\/www.facebook.com\/sharer\/sharer.php?u=https:\/\/www.inferno.fi\/uutiset\/black-metal-legenda-mayhem-julkaisi-suomalaisyhtion-kasialaa-olevan-videon\/\" target=\"_blank\" class=\"block px-4 py-2 text-sm text-gray-800 border-b hover:bg-gray-200\" rel=\"nofollow noopener\"><\/p>\n<p>\t\t\t\tFacebook<br \/>\n\t\t\t<\/a><br \/>\n\t\t\t<a href=\"https:\/\/twitter.com\/intent\/tweet?text=https:\/\/www.inferno.fi\/uutiset\/black-metal-legenda-mayhem-julkaisi-suomalaisyhtion-kasialaa-olevan-videon\/\" target=\"_blank\" class=\"block px-4 py-2 text-sm text-gray-800 border-b hover:bg-gray-200\" rel=\"nofollow noopener\"><\/p>\n<p>\t\t\t\tTwitter<br \/>\n\t\t\t<\/a><br \/>\n\t\t\t<a href=\"mailto:?subject=Black metal -legenda Mayhem julkaisi suomalaisyhti\u00f6n k\u00e4sialaa olevan videon&amp;body=https:\/\/www.inferno.fi\/uutiset\/black-metal-legenda-mayhem-julkaisi-suomalaisyhtion-kasialaa-olevan-videon\/\" target=\"_blank\" class=\"block px-4 py-2 text-sm text-gray-800 border-b hover:bg-gray-200\"><\/p>\n<p>\t\t\t\tS\u00e4hk\u00f6posti<\/a><\/p>\n<p>\t\t\t\t<script async src=\"https:\/\/platform.twitter.com\/widgets.js\" charset=\"utf-8\"><\/script><\/p>\n","protected":false},"excerpt":{"rendered":"Norjalainen black metal -legenda Mayhem on julkaissut kolmannen singlen helmikuun alussa ilmestyv\u00e4lt\u00e4 Liturgy of Death -pitk\u00e4soitoltaan. Life is&hellip;\n","protected":false},"author":2,"featured_media":138989,"comment_status":"","ping_status":"","sticky":false,"template":"","format":"standard","meta":{"footnotes":""},"categories":[132],"tags":[1877,137,33,31,30,195,47,1243,1244,32,109],"class_list":{"0":"post-138988","1":"post","2":"type-post","3":"status-publish","4":"format-standard","5":"has-post-thumbnail","7":"category-musiikki","8":"tag-black-metal","9":"tag-entertainment","10":"tag-fi","11":"tag-finland","12":"tag-finnish","13":"tag-music","14":"tag-musiikki","15":"tag-musiikkivideo","16":"tag-single","17":"tag-suomi","18":"tag-viihde"},"share_on_mastodon":{"url":"https:\/\/pubeurope.com\/@fi\/115873083733525848","error":""},"_links":{"self":[{"href":"https:\/\/www.europesays.com\/fi\/wp-json\/wp\/v2\/posts\/138988","targetHints":{"allow":["GET"]}}],"collection":[{"href":"https:\/\/www.europesays.com\/fi\/wp-json\/wp\/v2\/posts"}],"about":[{"href":"https:\/\/www.europesays.com\/fi\/wp-json\/wp\/v2\/types\/post"}],"author":[{"embeddable":true,"href":"https:\/\/www.europesays.com\/fi\/wp-json\/wp\/v2\/users\/2"}],"replies":[{"embeddable":true,"href":"https:\/\/www.europesays.com\/fi\/wp-json\/wp\/v2\/comments?post=138988"}],"version-history":[{"count":0,"href":"https:\/\/www.europesays.com\/fi\/wp-json\/wp\/v2\/posts\/138988\/revisions"}],"wp:featuredmedia":[{"embeddable":true,"href":"https:\/\/www.europesays.com\/fi\/wp-json\/wp\/v2\/media\/138989"}],"wp:attachment":[{"href":"https:\/\/www.europesays.com\/fi\/wp-json\/wp\/v2\/media?parent=138988"}],"wp:term":[{"taxonomy":"category","embeddable":true,"href":"https:\/\/www.europesays.com\/fi\/wp-json\/wp\/v2\/categories?post=138988"},{"taxonomy":"post_tag","embeddable":true,"href":"https:\/\/www.europesays.com\/fi\/wp-json\/wp\/v2\/tags?post=138988"}],"curies":[{"name":"wp","href":"https:\/\/api.w.org\/{rel}","templated":true}]}}