{"id":138990,"date":"2026-01-10T22:10:08","date_gmt":"2026-01-10T22:10:08","guid":{"rendered":"https:\/\/www.europesays.com\/fi\/138990\/"},"modified":"2026-01-10T22:10:08","modified_gmt":"2026-01-10T22:10:08","slug":"kookoon-heikkinen-nauttii-isosta-vastuusta-jokainen-antaa-joka-pelissa-kaikkensa","status":"publish","type":"post","link":"https:\/\/www.europesays.com\/fi\/138990\/","title":{"rendered":"KooKoon Heikkinen nauttii isosta vastuusta: \u201dJokainen antaa joka peliss\u00e4 kaikkensa\u201d"},"content":{"rendered":"<p>KooKoon U18-joukkueen maalivahti <strong>Samuel Heikkinen<\/strong> sanoo heid\u00e4n haastavan SM-sarjassa muita joukkueita sek\u00e4 kehitt\u00e4v\u00e4n omaa peli\u00e4\u00e4n. Kev\u00e4\u00e4n tavoite on kirjauttaa mahdollisimman paljon voittoja.<\/p>\n<p>&#13;<br \/>\n&#13;<\/p>\n<p>KooKoo saavutti syksyn tavoitteensa, kun se sijoittui U18 Mestiksen alkusarjassa SaiPan kanssa k\u00e4rkisijoille, ja joukkueet jatkavat nyt pelej\u00e4\u00e4n U18 SM-sarjassa. Heikkinen kertaa kauden ensimm\u00e4ist\u00e4 puoliskoa ja sanoo, ett\u00e4 hieman vaikean alun j\u00e4lkeen pelit alkoivat kulkea.<\/p>\n<p>&#13;<\/p>\n<p>\u2013 Nyt sitten tavoitellaan mahdollisimman paljon voittoja. Me l\u00e4hdet\u00e4\u00e4n peleihin yleens\u00e4 altavastaajana ja haastamaan muita joukkueita. Peleiss\u00e4 tulee varmasti tilanteita, ja se on sill\u00e4 lailla mukavaa, ett\u00e4 siin\u00e4 p\u00e4\u00e4see kehitt\u00e4m\u00e4\u00e4n omaa peli\u00e4\u00e4n, pian 17 vuotta t\u00e4ytt\u00e4v\u00e4 maalivahti tuumii.<\/p>\n<p>&#13;<\/p>\n<p>Heikkinen on kauden aikana pelannut sek\u00e4 U18- ett\u00e4 U20-joukkueessa ja vertaa, ett\u00e4 U20-sarjassa vauhti sek\u00e4 laukaukset ovat kovempia ja pelaajat taitavampia. H\u00e4nen mielest\u00e4\u00e4n ero v\u00e4h\u00e4n pieneni, kun he nousivat Mestiksest\u00e4 SM-sarjaan, mutta sen huomaa edelleen.<\/p>\n<p>&#13;<\/p>\n<p>\u2013 Olen saanut uudenlaista haastetta SM-sarjassa. Pelini kehittyy enemm\u00e4n, kun vastustajat ovat parempia. Kev\u00e4\u00e4n tavoite on, ett\u00e4 p\u00e4\u00e4sisin jatkossakin pelaamaan U20-joukkueessa ja pystyisin torjumaan mahdollisimman paljon voittoja U18-sarjassa.<\/p>\n<p>&#13;<\/p>\n<p>Heikkisen kanssa torjuntavastuuta U18-joukkueessa kantavat <strong>Simon Sildre<\/strong>, <strong>Taavi Rytk\u00f6l\u00e4<\/strong> ja tulokas <strong>August Uutela<\/strong>. Millainen maalivahti olet?<\/p>\n<p>&#13;<\/p>\n<p>\u2013 Olen rauhallinen. Yrit\u00e4n aina parhaani mukaan lukea peli\u00e4 hyvin ja liikkua, vaikka l\u00e4hte\u00e4 r\u00e4nneihin. En nyt ole kauhean \u00e4\u00e4nek\u00e4s. Sanon niit\u00e4 asioita mit\u00e4 tarvii, tyynesti hommansa hoitava Heikkinen ruotii.<\/p>\n<p>&#13;<\/p>\n<p>Millainen on KooKoon U18?<\/p>\n<p>&#13;<\/p>\n<p>\u2013 Hyv\u00e4 joukkue, jokainen antaa joka peliss\u00e4 kaikkensa. Kopissa on hyv\u00e4 henki ja rento tunnelma. Kaikki tulee toimeen kaikkien kanssa, ja sinne on aina mukava tulla.<\/p>\n<p>&#13;<\/p>\n<p>Poiketaanpa KooKoon kopissa pelip\u00e4iv\u00e4n\u00e4. Heikkisest\u00e4 ei huomaa, ett\u00e4 h\u00e4n on pelivuorossa, sill\u00e4 h\u00e4n toimii ihan samalla tavalla kuin muinakin p\u00e4ivin\u00e4 eik\u00e4 sulkeudu omiin oloihinsa.<\/p>\n<p>&#13;<\/p>\n<p>\u2013 Kyll\u00e4 minulle uskaltaa puhua pelip\u00e4iv\u00e4n\u00e4, h\u00e4n naurahtaa.<\/p>\n<p>&#13;<\/p>\n<p>Kun on aika l\u00e4hte\u00e4 otteluun, Heikkinen nousee yl\u00f6s, ja silloin kaikki tiet\u00e4v\u00e4t, ett\u00e4 nyt menn\u00e4\u00e4n.<\/p>\n<p>&#13;<\/p>\n<p>\u2013 En siin\u00e4 sano mit\u00e4\u00e4n, l\u00e4hden vaan. Yleens\u00e4 kapteeni (puolustaja <strong>Timo Uimonen<\/strong>) pit\u00e4\u00e4 puheen ja sytytt\u00e4\u00e4 joukkueen sit\u00e4 ennen.<\/p>\n<p>&#13;<\/p>\n<p>Voitetun ottelun j\u00e4lkeen juhlitaan musiikin tahtiin, ja joukkueen kiertopalkinto siirtyy seuraavalle haltijalle.<\/p>\n<p>&#13;<\/p>\n<p>\u2013 Se on sellainen kukkomaski, Heikkinen kuvailee.<\/p>\n<p>&#13;<\/p>\n<p>Miten sinusta tuli j\u00e4\u00e4kiekkoilija?<\/p>\n<p>&#13;<\/p>\n<p>\u2013 Olen pelannut 4-vuotiaasta. Isk\u00e4 vei ensin ulkoj\u00e4ille. Maalivahdin tontti ei ollut selv\u00e4 ihan aluksi, mutta sitten kokeilin sit\u00e4 peliss\u00e4 ja tyk\u00e4styin. Kyll\u00e4 siin\u00e4 vieh\u00e4tt\u00e4\u00e4 se, ett\u00e4 jonkun verran pystyy vaikuttamaan ottelun tulokseen ja saa paljon vastuuta.<\/p>\n<p>&#13;<\/p>\n<p>Ent\u00e4 tulevaisuus?<\/p>\n<p>&#13;<\/p>\n<p>\u2013 Menn\u00e4\u00e4n nyt ihan peli kerrallaan. En ole kesken kauden ruvennut miettim\u00e4\u00e4n seuraavaa kautta. Pelataan t\u00e4m\u00e4 kausi loppuun ja mietit\u00e4\u00e4n sitten, Heikkinen linjaa.<\/p>\n<p>&#13;<br \/>\n&#13;<\/p>\n<p>\u2013 <a href=\"https:\/\/www.leijonat.fi\/pelaajat?lkq=373939454040513850459790\" rel=\"nofollow noopener\" target=\"_blank\">Samuel Heikkisen pelaajakortti Leijonat.fi:ss\u00e4<\/a><\/p>\n","protected":false},"excerpt":{"rendered":"KooKoon U18-joukkueen maalivahti Samuel Heikkinen sanoo heid\u00e4n haastavan SM-sarjassa muita joukkueita sek\u00e4 kehitt\u00e4v\u00e4n omaa peli\u00e4\u00e4n. Kev\u00e4\u00e4n tavoite on&hellip;\n","protected":false},"author":2,"featured_media":138991,"comment_status":"","ping_status":"","sticky":false,"template":"","format":"standard","meta":{"footnotes":""},"categories":[158],"tags":[33,31,30,159,32,160],"class_list":{"0":"post-138990","1":"post","2":"type-post","3":"status-publish","4":"format-standard","5":"has-post-thumbnail","7":"category-urheilu","8":"tag-fi","9":"tag-finland","10":"tag-finnish","11":"tag-sports","12":"tag-suomi","13":"tag-urheilu"},"share_on_mastodon":{"url":"https:\/\/pubeurope.com\/@fi\/115873095622381734","error":""},"_links":{"self":[{"href":"https:\/\/www.europesays.com\/fi\/wp-json\/wp\/v2\/posts\/138990","targetHints":{"allow":["GET"]}}],"collection":[{"href":"https:\/\/www.europesays.com\/fi\/wp-json\/wp\/v2\/posts"}],"about":[{"href":"https:\/\/www.europesays.com\/fi\/wp-json\/wp\/v2\/types\/post"}],"author":[{"embeddable":true,"href":"https:\/\/www.europesays.com\/fi\/wp-json\/wp\/v2\/users\/2"}],"replies":[{"embeddable":true,"href":"https:\/\/www.europesays.com\/fi\/wp-json\/wp\/v2\/comments?post=138990"}],"version-history":[{"count":0,"href":"https:\/\/www.europesays.com\/fi\/wp-json\/wp\/v2\/posts\/138990\/revisions"}],"wp:featuredmedia":[{"embeddable":true,"href":"https:\/\/www.europesays.com\/fi\/wp-json\/wp\/v2\/media\/138991"}],"wp:attachment":[{"href":"https:\/\/www.europesays.com\/fi\/wp-json\/wp\/v2\/media?parent=138990"}],"wp:term":[{"taxonomy":"category","embeddable":true,"href":"https:\/\/www.europesays.com\/fi\/wp-json\/wp\/v2\/categories?post=138990"},{"taxonomy":"post_tag","embeddable":true,"href":"https:\/\/www.europesays.com\/fi\/wp-json\/wp\/v2\/tags?post=138990"}],"curies":[{"name":"wp","href":"https:\/\/api.w.org\/{rel}","templated":true}]}}