{"id":138998,"date":"2026-01-10T22:16:07","date_gmt":"2026-01-10T22:16:07","guid":{"rendered":"https:\/\/www.europesays.com\/fi\/138998\/"},"modified":"2026-01-10T22:16:07","modified_gmt":"2026-01-10T22:16:07","slug":"auto-ajautui-ulos-tielta-jyvaskylan-mannilassa-keski-suomi","status":"publish","type":"post","link":"https:\/\/www.europesays.com\/fi\/138998\/","title":{"rendered":"Auto ajautui ulos tielt\u00e4 Jyv\u00e4skyl\u00e4n Mannilassa | Keski-Suomi"},"content":{"rendered":"<p>Henkil\u00f6auto ajautui ulos Saarij\u00e4rventielt\u00e4 Jyv\u00e4skyl\u00e4n Mannilassa lauantai-iltana. Auto k\u00e4rsi peltivaurioita, mutta s\u00e4ilyi ajokuntoisena.<\/p>\n<p>Autossa oli ainoastaan kuljettaja, ja h\u00e4n ei loukkaantunut ulosajossa. Keski-Suomen pelastuslaitoksen teht\u00e4v\u00e4ksi j\u00e4i tilanteen tarkastaminen. Poliisi selvitt\u00e4\u00e4 onnettomuutta omalta osaltaan.<\/p>\n<p>H\u00e4lytys tieliikenneonnettomuudesta kirjattiin kello 20.33.<\/p>\n","protected":false},"excerpt":{"rendered":"Henkil\u00f6auto ajautui ulos Saarij\u00e4rventielt\u00e4 Jyv\u00e4skyl\u00e4n Mannilassa lauantai-iltana. Auto k\u00e4rsi peltivaurioita, mutta s\u00e4ilyi ajokuntoisena. Autossa oli ainoastaan kuljettaja, ja&hellip;\n","protected":false},"author":2,"featured_media":67696,"comment_status":"","ping_status":"","sticky":false,"template":"","format":"standard","meta":{"footnotes":""},"categories":[12],"tags":[22,23,26,27,33,31,30,17,425,24,25,121,28,29,15,120,18,21,122,54,590,10894,32,19,20,16],"class_list":{"0":"post-138998","1":"post","2":"type-post","3":"status-publish","4":"format-standard","5":"has-post-thumbnail","7":"category-suomi","8":"tag-breaking-news","9":"tag-breakingnews","10":"tag-featured-news","11":"tag-featurednews","12":"tag-fi","13":"tag-finland","14":"tag-finnish","15":"tag-headlines","16":"tag-jyvaskyla","17":"tag-latest-news","18":"tag-latestnews","19":"tag-liikenne-ja-kuljetus","20":"tag-main-news","21":"tag-mainnews","22":"tag-news","23":"tag-onnettomuustapaus","24":"tag-otsikot","25":"tag-paauutiset","26":"tag-pelastaminen","27":"tag-pelastuspalvelut","28":"tag-saarijarven-viitasaaren-seutukunta","29":"tag-saarijarvi","30":"tag-suomi","31":"tag-top-stories","32":"tag-topstories","33":"tag-uutiset"},"share_on_mastodon":{"url":"https:\/\/pubeurope.com\/@fi\/115873119206749874","error":""},"_links":{"self":[{"href":"https:\/\/www.europesays.com\/fi\/wp-json\/wp\/v2\/posts\/138998","targetHints":{"allow":["GET"]}}],"collection":[{"href":"https:\/\/www.europesays.com\/fi\/wp-json\/wp\/v2\/posts"}],"about":[{"href":"https:\/\/www.europesays.com\/fi\/wp-json\/wp\/v2\/types\/post"}],"author":[{"embeddable":true,"href":"https:\/\/www.europesays.com\/fi\/wp-json\/wp\/v2\/users\/2"}],"replies":[{"embeddable":true,"href":"https:\/\/www.europesays.com\/fi\/wp-json\/wp\/v2\/comments?post=138998"}],"version-history":[{"count":0,"href":"https:\/\/www.europesays.com\/fi\/wp-json\/wp\/v2\/posts\/138998\/revisions"}],"wp:featuredmedia":[{"embeddable":true,"href":"https:\/\/www.europesays.com\/fi\/wp-json\/wp\/v2\/media\/67696"}],"wp:attachment":[{"href":"https:\/\/www.europesays.com\/fi\/wp-json\/wp\/v2\/media?parent=138998"}],"wp:term":[{"taxonomy":"category","embeddable":true,"href":"https:\/\/www.europesays.com\/fi\/wp-json\/wp\/v2\/categories?post=138998"},{"taxonomy":"post_tag","embeddable":true,"href":"https:\/\/www.europesays.com\/fi\/wp-json\/wp\/v2\/tags?post=138998"}],"curies":[{"name":"wp","href":"https:\/\/api.w.org\/{rel}","templated":true}]}}