{"id":138999,"date":"2026-01-10T22:17:08","date_gmt":"2026-01-10T22:17:08","guid":{"rendered":"https:\/\/www.europesays.com\/fi\/138999\/"},"modified":"2026-01-10T22:17:08","modified_gmt":"2026-01-10T22:17:08","slug":"melkoinen-arvio-aleksander-barkovin-paluusta","status":"publish","type":"post","link":"https:\/\/www.europesays.com\/fi\/138999\/","title":{"rendered":"Melkoinen arvio Aleksander Barkovin paluusta"},"content":{"rendered":"<p>Florida Panthersin suomalaist\u00e4hti Aleksander Barkov on n\u00e4hty jo j\u00e4\u00e4ll\u00e4 luistimet jalassa.<\/p>\n<p>10.1. 21:26<\/p>\n<p class=\"article-body mb-nof-24 px-nof-16\">Florida Panthersin suomalaist\u00e4hti <a class=\"font-bold underline-offset-[0.12em] [text-decoration:var(--person-link-text-decoration)] ![text-decoration-color:var(--person-link-text-decoration-color)]\" href=\"https:\/\/www.is.fi\/haku\/?query=Aleksander%20Barkov\" rel=\"nofollow noopener\" target=\"_blank\">Aleksander Barkov<\/a> saattaa palata tositoimiin viel\u00e4 t\u00e4ll\u00e4 kaudella. Ainakin kanadalaisen <a class=\"underline underline-offset-[0.12em] [text-decoration-thickness:var(--generic-link-underline-thickness)] [text-decoration-color:var(--generic-link-underline-color)] [text-decoration-skip-ink:var(--generic-link-underline-skip-ink)] break-words\" href=\"https:\/\/www.tsn.ca\/nhl\/article\/johnston-pretty-high-chance-barkov-returns-for-panthers-this-season\/\" rel=\"nofollow noopener\" target=\"_blank\">TSN-kanavan<\/a> mukaan mahdollisuudet paluulle ovat \u201dmelko suuret\u201d.<\/p>\n<p class=\"article-body mb-nof-24 px-nof-16\">TSN:n NHL-toimittaja <a class=\"font-bold underline-offset-[0.12em] [text-decoration:var(--person-link-text-decoration)] ![text-decoration-color:var(--person-link-text-decoration-color)]\" href=\"https:\/\/www.is.fi\/haku\/?query=Chris%20Johnston\" rel=\"nofollow noopener\" target=\"_blank\">Chris Johnston<\/a> perustaa n\u00e4kemyksens\u00e4 sis\u00e4piiril\u00e4hteisiin ja omiin havaintoihinsa. Barkov n\u00e4htiin <a class=\"underline underline-offset-[0.12em] [text-decoration-thickness:var(--generic-link-underline-thickness)] [text-decoration-color:var(--generic-link-underline-color)] [text-decoration-skip-ink:var(--generic-link-underline-skip-ink)] break-words\" href=\"https:\/\/www.is.fi\/nhl\/art-2000011725162.html\" rel=\"nofollow noopener\" target=\"_blank\">j\u00e4\u00e4ll\u00e4 <\/a>ennen Floridan tappiota New York Rangersille Miami Marlinsin kotistadionilla pelatussa Winter Classicissa 2. tammikuuta.<\/p>\n<p class=\"article-body mb-nof-24 px-nof-16\">\u2013\u2009Uskon, ett\u00e4 n\u00e4emme h\u00e4nen pelaavan Panthersissa viel\u00e4 t\u00e4ll\u00e4 kaudella, mutta se ei v\u00e4ltt\u00e4m\u00e4tt\u00e4 tapahdu ennen pudotuspelej\u00e4. H\u00e4n on p\u00e4\u00e4ssyt jo v\u00e4h\u00e4n luistelemaan, vaikka vain verryttelyasussa. H\u00e4nell\u00e4 on viel\u00e4 pitk\u00e4 matka kentille paluuseen, mutta olemme vasta tammikuun alussa, Johnston sanoi kanavan First Up -ohjelmassa.<\/p>\n<p class=\"article-body mb-nof-24 px-nof-16\">Johnstonin mukaan Panthersin on kuitenkin tiedett\u00e4v\u00e4 Barkovin mahdollisesta paluusta ennen kuin NHL:n siirtoikkuna umpeutuu maaliskuun 6. p\u00e4iv\u00e4n\u00e4.<\/p>\n<p class=\"article-body mb-nof-24 px-nof-16\">Florida Panthersin kapteeni loukkasi oikean polvensa syyskuussa joukkueharjoituksissa. H\u00e4nell\u00e4 havaittiin vammat sek\u00e4 polven eturistisiteess\u00e4 ett\u00e4 sisemm\u00e4ss\u00e4 sivusiteess\u00e4. Leikkauksen j\u00e4lkeen Barkovin sairausloman pituudeksi arvioitiin 7\u20139 kuukautta.<\/p>\n<p class=\"article-body mb-nof-24 px-nof-16\">Vamma oli kova isku Panthersille. Kolmatta per\u00e4kk\u00e4ist\u00e4 Stanley cupin voittoa mets\u00e4st\u00e4v\u00e4 joukkue on joutunut tulemaan t\u00e4ll\u00e4 kaudella toimeen my\u00f6s ilman <a class=\"font-bold underline-offset-[0.12em] [text-decoration:var(--person-link-text-decoration)] ![text-decoration-color:var(--person-link-text-decoration-color)]\" href=\"https:\/\/www.is.fi\/haku\/?query=Matthew%20Tkachukia\" rel=\"nofollow noopener\" target=\"_blank\">Matthew Tkachukia<\/a>, jolle tehtiin elokuussa leikkaus revenneen l\u00e4hent\u00e4j\u00e4lihaksen ja urheilutyr\u00e4n korjaamiseksi. Nyt Tkachuk on p\u00e4\u00e4ssyt kuitenkin jo harjoittelemaan ja palaamassa l\u00e4hiaikoina tositoimiin.<\/p>\n<p class=\"article-body mb-nof-24 px-nof-16\">Kaksi viime Stanley Cupia voittaneen Floridan kausi on ollut vaikea. Joukkue on t\u00e4ll\u00e4 hetkell\u00e4 NHL:n it\u00e4isess\u00e4 konferenssissa reilusti pudotuspeliviivan alapuolella.<\/p>\n","protected":false},"excerpt":{"rendered":"Florida Panthersin suomalaist\u00e4hti Aleksander Barkov on n\u00e4hty jo j\u00e4\u00e4ll\u00e4 luistimet jalassa. 10.1. 21:26 Florida Panthersin suomalaist\u00e4hti Aleksander Barkov&hellip;\n","protected":false},"author":2,"featured_media":139000,"comment_status":"","ping_status":"","sticky":false,"template":"","format":"standard","meta":{"footnotes":""},"categories":[5],"tags":[22,23,26,27,33,31,30,17,34,24,25,28,29,15,18,21,32,19,20,16],"class_list":{"0":"post-138999","1":"post","2":"type-post","3":"status-publish","4":"format-standard","5":"has-post-thumbnail","7":"category-otsikot","8":"tag-breaking-news","9":"tag-breakingnews","10":"tag-featured-news","11":"tag-featurednews","12":"tag-fi","13":"tag-finland","14":"tag-finnish","15":"tag-headlines","16":"tag-ilta-sanomat","17":"tag-latest-news","18":"tag-latestnews","19":"tag-main-news","20":"tag-mainnews","21":"tag-news","22":"tag-otsikot","23":"tag-paauutiset","24":"tag-suomi","25":"tag-top-stories","26":"tag-topstories","27":"tag-uutiset"},"share_on_mastodon":{"url":"https:\/\/pubeurope.com\/@fi\/115873123060475809","error":""},"_links":{"self":[{"href":"https:\/\/www.europesays.com\/fi\/wp-json\/wp\/v2\/posts\/138999","targetHints":{"allow":["GET"]}}],"collection":[{"href":"https:\/\/www.europesays.com\/fi\/wp-json\/wp\/v2\/posts"}],"about":[{"href":"https:\/\/www.europesays.com\/fi\/wp-json\/wp\/v2\/types\/post"}],"author":[{"embeddable":true,"href":"https:\/\/www.europesays.com\/fi\/wp-json\/wp\/v2\/users\/2"}],"replies":[{"embeddable":true,"href":"https:\/\/www.europesays.com\/fi\/wp-json\/wp\/v2\/comments?post=138999"}],"version-history":[{"count":0,"href":"https:\/\/www.europesays.com\/fi\/wp-json\/wp\/v2\/posts\/138999\/revisions"}],"wp:featuredmedia":[{"embeddable":true,"href":"https:\/\/www.europesays.com\/fi\/wp-json\/wp\/v2\/media\/139000"}],"wp:attachment":[{"href":"https:\/\/www.europesays.com\/fi\/wp-json\/wp\/v2\/media?parent=138999"}],"wp:term":[{"taxonomy":"category","embeddable":true,"href":"https:\/\/www.europesays.com\/fi\/wp-json\/wp\/v2\/categories?post=138999"},{"taxonomy":"post_tag","embeddable":true,"href":"https:\/\/www.europesays.com\/fi\/wp-json\/wp\/v2\/tags?post=138999"}],"curies":[{"name":"wp","href":"https:\/\/api.w.org\/{rel}","templated":true}]}}