{"id":139004,"date":"2026-01-10T22:33:12","date_gmt":"2026-01-10T22:33:12","guid":{"rendered":"https:\/\/www.europesays.com\/fi\/139004\/"},"modified":"2026-01-10T22:33:12","modified_gmt":"2026-01-10T22:33:12","slug":"van-halen-jattihitin-kitarasoolo-oli-vahalla-jaada-leikkaamon-lattialle-muistelee-alex-van-halen","status":"publish","type":"post","link":"https:\/\/www.europesays.com\/fi\/139004\/","title":{"rendered":"Van Halen -j\u00e4ttihitin kitarasoolo oli v\u00e4h\u00e4ll\u00e4 j\u00e4\u00e4d\u00e4 leikkaamon lattialle, muistelee Alex Van Halen"},"content":{"rendered":"<p>Iron Maidenissa vuosikymmenet kannuttanut Nicko McBrain haastatteli hiljattain Van Halen -kollegaansa Alex Van Halenia Metal Sticks -YouTube-sarjaansa varten. Mies is\u00e4nn\u00f6i showta yhdess\u00e4 Modern Drummer -julkaisua kustantavan David Frangionin kanssa.<\/p>\n<p>Jutustelun aikana Van Halen muisteli kuinka radioasemat yrittiv\u00e4t usein poistaa Eddie Van Halenin kitarasoolot b\u00e4ndin singleilt\u00e4, Jump-j\u00e4ttihitin ikonisen tiluttelun mukaan lukien.<\/p>\n<p>\u201dJos halusi radioasemien soittavan biisi\u00e4\u00e4n 1980-luvun puoliv\u00e4liss\u00e4 \u2013 ainakin meid\u00e4n tapauksessamme \u2013 kitarasoolot piti karsia pois\u201d, Van Halen kertoo. \u201dRadioasemille l\u00e4hett\u00e4m\u00e4mme Jumpin alkuper\u00e4isversio oli itse asiassa minuutin ilmoitettua pidempi.\u201d<\/p>\n<p>Jump sai lopulta pit\u00e4\u00e4 soolonsa ja kappaleesta tuli yhtyeen ensimm\u00e4inen ja ainoa singlelistan ykk\u00f6nen Yhdysvalloissa.<\/p>\n<p>Van Halenin mielest\u00e4 1984-albumi, jolta Jumpkin singlen\u00e4 irrotettiin, oli soundeiltaan ensimm\u00e4inen mihin rumpali oli t\u00e4ysin tyytyv\u00e4inen.<\/p>\n<p>\u201dOn paljon v\u00e4ke\u00e4 joka arvostaa sit\u00e4 edelt\u00e4neiden levyjen soundeja, enk\u00e4 itsek\u00e4\u00e4n vihaa tai v\u00e4h\u00e4ttele niit\u00e4, mutta se oli prosessi\u201d, Van Halen sanoo. \u201dStudio [Eddie Van Halenin 5150-kompleksi] rakennettiin aluksi demotarkoituksiin, joten siell\u00e4 ei ollut isoja huoneita tai korkeita kattoja. Hy\u00f6dynsimme pieni\u00e4 kikkoja ja tekniikoita, v\u00e4h\u00e4n kuin The Beatles, joka siirteli tavaroita ja sijoitteli niit\u00e4 tiettyihin kohtiin huoneita halutun \u00e4\u00e4nimaailman aikaansaamiseksi. Vaikka prosessi olikin ty\u00f6l\u00e4s, se kantoi hedelm\u00e4\u00e4. Levylt\u00e4 voi kuulla kaiken sille vuodatetun hien ja veren.\u201d<\/p>\n<p><img loading=\"lazy\" decoding=\"async\" alt=\"YouTube video\" width=\"480\" height=\"360\" data-pin-nopin=\"true\" nopin=\"nopin\" class=\"perfmatters-lazy\" src=\"https:\/\/www.europesays.com\/fi\/wp-content\/uploads\/2026\/01\/1768084392_204_hqdefault.jpg\"\/><\/p>\n<p>Lue my\u00f6s: <a href=\"https:\/\/www.soundi.fi\/uutiskirje\/\" title=\"Tilaa Soundin uutiskirje\" class=\"underline-custom !font-montserrat !font-bold !underline-offset-4 !decoration-4 !decoration-red-600 !text-md\" rel=\"nofollow noopener\" target=\"_blank\">Tilaa Soundin uutiskirje ja tied\u00e4t mist\u00e4 kahvitauolla puhutaan! Nappaa ajankohtaiset musiikin uutiset ja puheenaiheet suoraan s\u00e4hk\u00f6postiin t\u00e4st\u00e4.<\/a><\/p>\n","protected":false},"excerpt":{"rendered":"Iron Maidenissa vuosikymmenet kannuttanut Nicko McBrain haastatteli hiljattain Van Halen -kollegaansa Alex Van Halenia Metal Sticks -YouTube-sarjaansa varten.&hellip;\n","protected":false},"author":2,"featured_media":139005,"comment_status":"","ping_status":"","sticky":false,"template":"","format":"standard","meta":{"footnotes":""},"categories":[132],"tags":[137,33,31,30,195,47,32,109],"class_list":{"0":"post-139004","1":"post","2":"type-post","3":"status-publish","4":"format-standard","5":"has-post-thumbnail","7":"category-musiikki","8":"tag-entertainment","9":"tag-fi","10":"tag-finland","11":"tag-finnish","12":"tag-music","13":"tag-musiikki","14":"tag-suomi","15":"tag-viihde"},"share_on_mastodon":{"url":"https:\/\/pubeurope.com\/@fi\/115873185984834780","error":""},"_links":{"self":[{"href":"https:\/\/www.europesays.com\/fi\/wp-json\/wp\/v2\/posts\/139004","targetHints":{"allow":["GET"]}}],"collection":[{"href":"https:\/\/www.europesays.com\/fi\/wp-json\/wp\/v2\/posts"}],"about":[{"href":"https:\/\/www.europesays.com\/fi\/wp-json\/wp\/v2\/types\/post"}],"author":[{"embeddable":true,"href":"https:\/\/www.europesays.com\/fi\/wp-json\/wp\/v2\/users\/2"}],"replies":[{"embeddable":true,"href":"https:\/\/www.europesays.com\/fi\/wp-json\/wp\/v2\/comments?post=139004"}],"version-history":[{"count":0,"href":"https:\/\/www.europesays.com\/fi\/wp-json\/wp\/v2\/posts\/139004\/revisions"}],"wp:featuredmedia":[{"embeddable":true,"href":"https:\/\/www.europesays.com\/fi\/wp-json\/wp\/v2\/media\/139005"}],"wp:attachment":[{"href":"https:\/\/www.europesays.com\/fi\/wp-json\/wp\/v2\/media?parent=139004"}],"wp:term":[{"taxonomy":"category","embeddable":true,"href":"https:\/\/www.europesays.com\/fi\/wp-json\/wp\/v2\/categories?post=139004"},{"taxonomy":"post_tag","embeddable":true,"href":"https:\/\/www.europesays.com\/fi\/wp-json\/wp\/v2\/tags?post=139004"}],"curies":[{"name":"wp","href":"https:\/\/api.w.org\/{rel}","templated":true}]}}