{"id":139012,"date":"2026-01-10T22:41:08","date_gmt":"2026-01-10T22:41:08","guid":{"rendered":"https:\/\/www.europesays.com\/fi\/139012\/"},"modified":"2026-01-10T22:41:08","modified_gmt":"2026-01-10T22:41:08","slug":"usa-iski-syyrian-isis-kohteisiin","status":"publish","type":"post","link":"https:\/\/www.europesays.com\/fi\/139012\/","title":{"rendered":"USA iski Syyrian Isis-kohteisiin"},"content":{"rendered":"<p>Yhdysvallat sanoo iskeneens\u00e4 Isisi\u00e4 vastaan.<\/p>\n<p><img decoding=\"async\" class=\"image image-show image-preview\" src=\"https:\/\/www.europesays.com\/fi\/wp-content\/uploads\/2026\/01\/590ec33641f8c05ed3948b2c8af2c6cb420b64638979fe464955436ff3673b8b.jpg\" alt=\"\"\/><img decoding=\"async\" class=\"image image-show\" src=\"https:\/\/www.europesays.com\/fi\/wp-content\/uploads\/2026\/01\/1768084868_574_590ec33641f8c05ed3948b2c8af2c6cb420b64638979fe464955436ff3673b8b.jpg\" alt=\"\"\/><\/p>\n<p>Centcom on Yhdysvaltain asevoimien sotatoimialueen p\u00e4\u00e4maja, joka vastaa muun muassa L\u00e4hi-id\u00e4n toiminnoista. Kes\u00e4kuussa 2023 otetussa arkistokuvassa n\u00e4kyy Yhdysvaltain ilmavoimien F-22 Raptor -h\u00e4vitt\u00e4j\u00e4 Syyrian ilmatilassa. ZumaWire \/ MVPHOTOS<\/p>\n<p class=\"paragraph\">Yhdysvaltain asevoimat sanoo, ett\u00e4 se on tehnyt useita iskuja Syyriaan kumppaneidensa kanssa.<\/p>\n<p class=\"paragraph\">Iskut tehtiin asevoimien mukaan Isisin kohteita vastaan eri puolilla maata. Asiasta kertoo uutistoimisto Reuters.<\/p>\n<p class=\"paragraph\">Lausunnossa ei kerrota, kuoliko kukaan lauantaina toteutetuissa iskuissa.<\/p>\n<p class=\"paragraph\">Operaatiossa k\u00e4ytettiin yli 90\u00a0t\u00e4sm\u00e4asetta, joilla iskettiin yli 35\u00a0kohteeseen, yhdysvaltalaisviranomainen kertoo <a href=\"https:\/\/edition.cnn.com\/2026\/01\/10\/politics\/syria-strike-retaliatory-isis\" target=\"_blank\" rel=\"noopener nofollow\">CNN<\/a>:lle. H\u00e4nen mukaansa operaatioon osallistui yli 20\u00a0lentokonetta.<\/p>\n<p class=\"paragraph\">Yhdysvaltain johtama koalitio on tehnyt viime kuukausina ilmaiskuja ja maaoperaatioita Isisi\u00e4 vastaan Syyriassa. Usein my\u00f6s Syyrian turvallisuusjoukot ovat tukeneet operaatioita.<\/p>\n<p class=\"paragraph\">U. S. Central Command (Centcom) <a href=\"https:\/\/x.com\/CENTCOM\/status\/2010089772120002721\" target=\"_blank\" rel=\"noopener nofollow\">tiedottaa<\/a> asiasta viestipalvelu X:ss\u00e4. Se on jakanut videon, jolla ilmeisesti n\u00e4kyy videomateriaalia iskuista.<\/p>\n<p class=\"paragraph\">Centcom on julkaissut videon lausuntonsa yhteydess\u00e4, mutta ei sano suoraan, ett\u00e4 videolla n\u00e4kyy iskuja Syyriaan.<\/p>\n<p class=\"paragraph\">Centcomin julkaisemaa videota on jaettu X:ss\u00e4 my\u00f6s muun muassa tilill\u00e4, jolla seurataan sotatoimia avoimista l\u00e4hteist\u00e4. Jos alla oleva upotus ei n\u00e4y, voit katsoa sen <a href=\"https:\/\/x.com\/sentdefender\/status\/2010099665442857205\" target=\"_blank\" rel=\"noopener nofollow\">painamalla t\u00e4st\u00e4<\/a>.<\/p>\n<p class=\"paragraph\">Lausunnon mukaan iskut ovat osa Hawkeye Strike -operaatiota, joka k\u00e4ynnistettiin ja julkistettiin Yhdysvaltain presidentti <a href=\"https:\/\/www.iltalehti.fi\/henkilot\/Donald Trump\" class=\"article-link-person-page\" rel=\"nofollow noopener\" target=\"_blank\">Donald Trumpin<\/a> m\u00e4\u00e4r\u00e4yksest\u00e4 19. joulukuuta.<\/p>\n<p class=\"paragraph\">Asevoimien mukaan Hawkeye Strike on \u201dsuora vastaus Isisin kuolettavaan iskuun Yhdysvaltain ja Syyrian joukkoja vastaan\u201d Palmyrassa 13. joulukuuta. Iskussa kuoli kaksi amerikkalaista sotilasta sek\u00e4 amerikkalainen siviili.<\/p>\n<p class=\"paragraph\">Uutinen t\u00e4ydentyy.<\/p>\n","protected":false},"excerpt":{"rendered":"Yhdysvallat sanoo iskeneens\u00e4 Isisi\u00e4 vastaan. Centcom on Yhdysvaltain asevoimien sotatoimialueen p\u00e4\u00e4maja, joka vastaa muun muassa L\u00e4hi-id\u00e4n toiminnoista. Kes\u00e4kuussa&hellip;\n","protected":false},"author":2,"featured_media":139013,"comment_status":"","ping_status":"","sticky":false,"template":"","format":"standard","meta":{"footnotes":""},"categories":[14],"tags":[35,722,802,804,820,22,23,26,27,33,31,30,17,24,25,803,28,29,15,18,21,32,19,20,56,16,59,60,61],"class_list":{"0":"post-139012","1":"post","2":"type-post","3":"status-publish","4":"format-standard","5":"has-post-thumbnail","7":"category-ulkomaat","8":"tag-24h","9":"tag-amerikka","10":"tag-armeijat-ja-aseelliset-joukot","11":"tag-aseelliset-konfliktit","12":"tag-aseet","13":"tag-breaking-news","14":"tag-breakingnews","15":"tag-featured-news","16":"tag-featurednews","17":"tag-fi","18":"tag-finland","19":"tag-finnish","20":"tag-headlines","21":"tag-latest-news","22":"tag-latestnews","23":"tag-levottomuudet-ja-sodat","24":"tag-main-news","25":"tag-mainnews","26":"tag-news","27":"tag-otsikot","28":"tag-paauutiset","29":"tag-suomi","30":"tag-top-stories","31":"tag-topstories","32":"tag-ulkomaat","33":"tag-uutiset","34":"tag-world","35":"tag-world-news","36":"tag-worldnews"},"share_on_mastodon":{"url":"https:\/\/pubeurope.com\/@fi\/115873217542036633","error":""},"_links":{"self":[{"href":"https:\/\/www.europesays.com\/fi\/wp-json\/wp\/v2\/posts\/139012","targetHints":{"allow":["GET"]}}],"collection":[{"href":"https:\/\/www.europesays.com\/fi\/wp-json\/wp\/v2\/posts"}],"about":[{"href":"https:\/\/www.europesays.com\/fi\/wp-json\/wp\/v2\/types\/post"}],"author":[{"embeddable":true,"href":"https:\/\/www.europesays.com\/fi\/wp-json\/wp\/v2\/users\/2"}],"replies":[{"embeddable":true,"href":"https:\/\/www.europesays.com\/fi\/wp-json\/wp\/v2\/comments?post=139012"}],"version-history":[{"count":0,"href":"https:\/\/www.europesays.com\/fi\/wp-json\/wp\/v2\/posts\/139012\/revisions"}],"wp:featuredmedia":[{"embeddable":true,"href":"https:\/\/www.europesays.com\/fi\/wp-json\/wp\/v2\/media\/139013"}],"wp:attachment":[{"href":"https:\/\/www.europesays.com\/fi\/wp-json\/wp\/v2\/media?parent=139012"}],"wp:term":[{"taxonomy":"category","embeddable":true,"href":"https:\/\/www.europesays.com\/fi\/wp-json\/wp\/v2\/categories?post=139012"},{"taxonomy":"post_tag","embeddable":true,"href":"https:\/\/www.europesays.com\/fi\/wp-json\/wp\/v2\/tags?post=139012"}],"curies":[{"name":"wp","href":"https:\/\/api.w.org\/{rel}","templated":true}]}}