{"id":139016,"date":"2026-01-10T22:43:07","date_gmt":"2026-01-10T22:43:07","guid":{"rendered":"https:\/\/www.europesays.com\/fi\/139016\/"},"modified":"2026-01-10T22:43:07","modified_gmt":"2026-01-10T22:43:07","slug":"iranissa-puhjennut-uusia-mielenosoituksia-trump-yhdysvallat-valmis-auttamaan-uutisia-lyhyesti","status":"publish","type":"post","link":"https:\/\/www.europesays.com\/fi\/139016\/","title":{"rendered":"Iranissa puhjennut uusia mielenosoituksia \u2013 Trump: \u201dYhdysvallat valmis auttamaan\u201d | Uutisia lyhyesti"},"content":{"rendered":"<p class=\"aw-1gybjub aw-5vja16 kEtdKx kmuxyA yle__article__paragraph\">Mielenosoitukset Iranin hallintoa vastaan ovat jatkuneet siit\u00e4 huolimatta, ett\u00e4 viranomaiset ajoivat verkkoyhteydet alas torstai-iltana.<\/p>\n<p class=\"aw-1gybjub aw-1p7kakr kEtdKx cEmitX yle__article__paragraph\">Iranin p\u00e4\u00e4kaupungissa Teheranissa on puhjennut tuoreita mielenosoituksia maan hallintoa vastaan huolimatta maassa kolmatta vuorokautta jatkuvasta internetkatkoksesta, ilmenee uutistoimisto AFP:n tarkistamasta videosta.<\/p>\n<p class=\"aw-1gybjub aw-1p7kakr kEtdKx cEmitX yle__article__paragraph\">Videolla n\u00e4kyy, kuinka mielenosoittajat ampuivat ilotulitteita, hakkaavat kattiloita ja huutavat iskulauseita osoittaakseen tukea Pahlavin dynastialle, joka syrj\u00e4ytettiin vuoden 1979 islamilaisen vallankumouksen j\u00e4lkeen. Tuolloin vallasta sy\u00f6styn Iranin monarkin eli shaahin poika, maanpaossa el\u00e4v\u00e4 oppositiohahmo <strong class=\"aw-ak79eh KyCXm yle__article__strong\">Reza Pahlavi<\/strong> on nyt yllytt\u00e4nyt mielenosoittajia.<\/p>\n<p class=\"aw-1gybjub aw-1p7kakr kEtdKx cEmitX yle__article__paragraph\">Yhdysvaltain presidentti <strong class=\"aw-ak79eh KyCXm yle__article__strong\">Donald Trump<\/strong> vuorostaan sanoi lauantaina niukkasanaisessa <a class=\"aw-iao6s4 iHOxEa yle__article__link\" href=\"https:\/\/truthsocial.com\/@realDonaldTrump\/posts\/115872214156165257\" role=\"link\" rel=\"nofollow noopener\" target=\"_blank\">viestiss\u00e4\u00e4n<\/a> Truth Social -viestipalvelussa, ett\u00e4 Yhdysvallat on valmis auttamaan.<\/p>\n<p class=\"aw-1gybjub aw-1p7kakr kEtdKx cEmitX yle__article__paragraph\">\u2013 Iran pyrkii vapauteen ehk\u00e4 sinnikk\u00e4\u00e4mmin kuin koskaan aikaisemmin. Yhdysvallat on valmiina auttamaan.<\/p>\n<p class=\"aw-1gybjub aw-1p7kakr kEtdKx cEmitX yle__article__paragraph\">Aikaisemmin Trump on sanonut Iranin olevan ongelmissa ja varoittanut Yhdysvaltojen voivan iske\u00e4 Iraniin.<\/p>\n","protected":false},"excerpt":{"rendered":"Mielenosoitukset Iranin hallintoa vastaan ovat jatkuneet siit\u00e4 huolimatta, ett\u00e4 viranomaiset ajoivat verkkoyhteydet alas torstai-iltana. Iranin p\u00e4\u00e4kaupungissa Teheranissa on&hellip;\n","protected":false},"author":2,"featured_media":74,"comment_status":"","ping_status":"","sticky":false,"template":"","format":"standard","meta":{"footnotes":""},"categories":[5],"tags":[22,23,26,27,33,31,30,17,3648,70,24,25,28,29,15,18,21,32,5818,19,20,56,16],"class_list":{"0":"post-139016","1":"post","2":"type-post","3":"status-publish","4":"format-standard","5":"has-post-thumbnail","7":"category-otsikot","8":"tag-breaking-news","9":"tag-breakingnews","10":"tag-featured-news","11":"tag-featurednews","12":"tag-fi","13":"tag-finland","14":"tag-finnish","15":"tag-headlines","16":"tag-iran","17":"tag-kansainvalinen-politiikka","18":"tag-latest-news","19":"tag-latestnews","20":"tag-main-news","21":"tag-mainnews","22":"tag-news","23":"tag-otsikot","24":"tag-paauutiset","25":"tag-suomi","26":"tag-teheran","27":"tag-top-stories","28":"tag-topstories","29":"tag-ulkomaat","30":"tag-uutiset"},"share_on_mastodon":{"url":"https:\/\/pubeurope.com\/@fi\/115873225304543348","error":""},"_links":{"self":[{"href":"https:\/\/www.europesays.com\/fi\/wp-json\/wp\/v2\/posts\/139016","targetHints":{"allow":["GET"]}}],"collection":[{"href":"https:\/\/www.europesays.com\/fi\/wp-json\/wp\/v2\/posts"}],"about":[{"href":"https:\/\/www.europesays.com\/fi\/wp-json\/wp\/v2\/types\/post"}],"author":[{"embeddable":true,"href":"https:\/\/www.europesays.com\/fi\/wp-json\/wp\/v2\/users\/2"}],"replies":[{"embeddable":true,"href":"https:\/\/www.europesays.com\/fi\/wp-json\/wp\/v2\/comments?post=139016"}],"version-history":[{"count":0,"href":"https:\/\/www.europesays.com\/fi\/wp-json\/wp\/v2\/posts\/139016\/revisions"}],"wp:featuredmedia":[{"embeddable":true,"href":"https:\/\/www.europesays.com\/fi\/wp-json\/wp\/v2\/media\/74"}],"wp:attachment":[{"href":"https:\/\/www.europesays.com\/fi\/wp-json\/wp\/v2\/media?parent=139016"}],"wp:term":[{"taxonomy":"category","embeddable":true,"href":"https:\/\/www.europesays.com\/fi\/wp-json\/wp\/v2\/categories?post=139016"},{"taxonomy":"post_tag","embeddable":true,"href":"https:\/\/www.europesays.com\/fi\/wp-json\/wp\/v2\/tags?post=139016"}],"curies":[{"name":"wp","href":"https:\/\/api.w.org\/{rel}","templated":true}]}}