{"id":139021,"date":"2026-01-10T23:02:11","date_gmt":"2026-01-10T23:02:11","guid":{"rendered":"https:\/\/www.europesays.com\/fi\/139021\/"},"modified":"2026-01-10T23:02:11","modified_gmt":"2026-01-10T23:02:11","slug":"tyttoleijonat-taipui-mm-avauksessa-tshekille-murskaluvuin-urheilua-lyhyesti","status":"publish","type":"post","link":"https:\/\/www.europesays.com\/fi\/139021\/","title":{"rendered":"Tytt\u00f6leijonat taipui MM-avauksessa Tshekille murskaluvuin | Urheilua lyhyesti"},"content":{"rendered":"<p class=\"aw-1gybjub aw-5vja16 kEtdKx kmuxyA yle__article__paragraph\">Suomi kohtaa MM-kisoissa seuraavaksi sunnuntaina Slovakian.<\/p>\n<p><img decoding=\"async\" alt=\"Tytt\u00f6leijonat kuvassa.\" src=\"https:\/\/www.europesays.com\/fi\/wp-content\/uploads\/2026\/01\/39-105953463c4571b056fd.jpeg\" class=\"aw-1l9m598 hKVVvP\"\/><\/p>\n<p>Avaa kuvien katselu<\/p>\n<p>Kuva: Silja Schemeikka \/ Suomen J\u00e4\u00e4kiekkoliitto<\/p>\n<p class=\"aw-1gybjub aw-1p7kakr kEtdKx cEmitX yle__article__paragraph\">Suomen alle 18-vuotiaiden tytt\u00f6jen j\u00e4\u00e4kiekkomaajoukkue aloitti MM-turnauksensa Kanadassa lauantaina murskatappiolla. Tshekki poistui B-lohkon ottelussa kaukalosta voittajana maalein 9\u20131.<\/p>\n<p class=\"aw-1gybjub aw-1p7kakr kEtdKx cEmitX yle__article__paragraph\">Suomi sai Membertoussa avausotteluunsa hyv\u00e4n alun. Nelosketjun laitahy\u00f6kk\u00e4\u00e4j\u00e4 <strong class=\"aw-ak79eh KyCXm yle__article__strong\">Tinja Tapani<\/strong> vei tekem\u00e4ll\u00e4\u00e4n maalilla Tytt\u00f6leijonat ensimm\u00e4isess\u00e4 er\u00e4ss\u00e4 1\u20130-johtoon.<\/p>\n<p class=\"aw-1gybjub aw-1p7kakr kEtdKx cEmitX yle__article__paragraph\">Ilo johdosta kesti vajaat kolme minuuttia, kunnes Tshekin <strong class=\"aw-ak79eh KyCXm yle__article__strong\">Adela Pankova<\/strong> tasoitti ylivoimalla. <strong class=\"aw-ak79eh KyCXm yle__article__strong\">Andrea Kantorova<\/strong> ehti viel\u00e4 ennen er\u00e4taukoa vied\u00e4 Tshekin 2\u20131-johtoon.<\/p>\n<p class=\"aw-1gybjub aw-1p7kakr kEtdKx cEmitX yle__article__paragraph\">Kolmosketjun laitahy\u00f6kk\u00e4\u00e4j\u00e4 <strong class=\"aw-ak79eh KyCXm yle__article__strong\">Adela Mynarikova<\/strong> tehoili 2+2 pistett\u00e4. Kaksi maalia tehneen <strong class=\"aw-ak79eh KyCXm yle__article__strong\">Tereza Gildainovan<\/strong> toinen maali syntyi alivoimalla.<\/p>\n<p class=\"aw-1gybjub aw-1p7kakr kEtdKx cEmitX yle__article__paragraph\">Tshekki on alle 18-vuotiaiden tytt\u00f6jen ik\u00e4luokassa Suomelle vaikea vastustaja. Viime vuoden MM-turnauksessa Vantaalla Tshekki pudotti Suomen jatkosta voittamalla puoliv\u00e4lier\u00e4n 6-0.<\/p>\n<p class=\"aw-1gybjub aw-1p7kakr kEtdKx cEmitX yle__article__paragraph\">Suomi kohtaa MM-kisoissa seuraavaksi sunnuntaina Slovakian.<\/p>\n","protected":false},"excerpt":{"rendered":"Suomi kohtaa MM-kisoissa seuraavaksi sunnuntaina Slovakian. Avaa kuvien katselu Kuva: Silja Schemeikka \/ Suomen J\u00e4\u00e4kiekkoliitto Suomen alle 18-vuotiaiden&hellip;\n","protected":false},"author":2,"featured_media":139022,"comment_status":"","ping_status":"","sticky":false,"template":"","format":"standard","meta":{"footnotes":""},"categories":[158],"tags":[33,31,30,1143,159,24130,32,160,161],"class_list":{"0":"post-139021","1":"post","2":"type-post","3":"status-publish","4":"format-standard","5":"has-post-thumbnail","7":"category-urheilu","8":"tag-fi","9":"tag-finland","10":"tag-finnish","11":"tag-jaakiekko","12":"tag-sports","13":"tag-suomen-alle-18-vuotiaiden-naisten-jaakiekkomaajoukkue","14":"tag-suomi","15":"tag-urheilu","16":"tag-urheilutapahtumat"},"share_on_mastodon":{"url":"https:\/\/pubeurope.com\/@fi\/115873300050350681","error":""},"_links":{"self":[{"href":"https:\/\/www.europesays.com\/fi\/wp-json\/wp\/v2\/posts\/139021","targetHints":{"allow":["GET"]}}],"collection":[{"href":"https:\/\/www.europesays.com\/fi\/wp-json\/wp\/v2\/posts"}],"about":[{"href":"https:\/\/www.europesays.com\/fi\/wp-json\/wp\/v2\/types\/post"}],"author":[{"embeddable":true,"href":"https:\/\/www.europesays.com\/fi\/wp-json\/wp\/v2\/users\/2"}],"replies":[{"embeddable":true,"href":"https:\/\/www.europesays.com\/fi\/wp-json\/wp\/v2\/comments?post=139021"}],"version-history":[{"count":0,"href":"https:\/\/www.europesays.com\/fi\/wp-json\/wp\/v2\/posts\/139021\/revisions"}],"wp:featuredmedia":[{"embeddable":true,"href":"https:\/\/www.europesays.com\/fi\/wp-json\/wp\/v2\/media\/139022"}],"wp:attachment":[{"href":"https:\/\/www.europesays.com\/fi\/wp-json\/wp\/v2\/media?parent=139021"}],"wp:term":[{"taxonomy":"category","embeddable":true,"href":"https:\/\/www.europesays.com\/fi\/wp-json\/wp\/v2\/categories?post=139021"},{"taxonomy":"post_tag","embeddable":true,"href":"https:\/\/www.europesays.com\/fi\/wp-json\/wp\/v2\/tags?post=139021"}],"curies":[{"name":"wp","href":"https:\/\/api.w.org\/{rel}","templated":true}]}}