{"id":139025,"date":"2026-01-10T23:06:06","date_gmt":"2026-01-10T23:06:06","guid":{"rendered":"https:\/\/www.europesays.com\/fi\/139025\/"},"modified":"2026-01-10T23:06:06","modified_gmt":"2026-01-10T23:06:06","slug":"tyontekijat-ja-asiakkaat-surivat-koska-postin-oma-toimipiste-aiotaan-sulkea-jyvaskylassa-se-olisi-menetys-suuri-menetys-keski-suomi-keskisuomalainen","status":"publish","type":"post","link":"https:\/\/www.europesays.com\/fi\/139025\/","title":{"rendered":"Ty\u00f6ntekij\u00e4t ja asiakkaat surivat, koska Postin oma toimipiste aiotaan sulkea Jyv\u00e4skyl\u00e4ss\u00e4 \u2013 &quot;Se olisi menetys, suuri menetys&quot; | Keski-Suomi &#8211; Keskisuomalainen"},"content":{"rendered":"<ol>\n<li><a href=\"https:\/\/news.google.com\/rss\/articles\/CBMiUEFVX3lxTE85aG5nWm5oWUpSeHFMdVBIZ0czWDhHcFJTcXZ4VGVCcjc1cjdhT2dNa1BNNE5fSEp5VlZZTDFfMkdsTmJNZ0ZOZ1RDamtENU1F?oc=5\" target=\"_blank\" rel=\"nofollow noopener\">Ty\u00f6ntekij\u00e4t ja asiakkaat surivat, koska Postin oma toimipiste aiotaan sulkea Jyv\u00e4skyl\u00e4ss\u00e4 \u2013 &#8221;Se olisi menetys, suuri menetys&#8221; | Keski-Suomi<\/a>&nbsp;&nbsp;Keskisuomalainen<\/li>\n<li><a href=\"https:\/\/news.google.com\/rss\/articles\/CBMiZEFVX3lxTE5MSU01RjJCOW1kUWJZVXl6c1o3UjAwakotSjB4YV9DTy1iNzJhc1pzYmZRZTVNX3BNSzBpVXUybFpMcHZWVlZyRnZGLW5KMFp0bWFfMjg2N0l1eHltN3RBSDlTTnY?oc=5\" target=\"_blank\" rel=\"nofollow noopener\">Irtisanomisia, lomautuksia, EU:n pahin ty\u00f6tt\u00f6myys \u2013 onko mit\u00e4\u00e4n toivoa k\u00e4\u00e4nteest\u00e4?<\/a>&nbsp;&nbsp;Ilta-Sanomat<\/li>\n<li><a href=\"https:\/\/news.google.com\/rss\/articles\/CBMie0FVX3lxTE1GWDNvZDdmNXh4LVgxZmtEMlhCM2dMbnJDOV9oNzZ6MUNqUEc1SGtLODlQeHRTWEppRFNHeXhZX0VERkctZXJzUzdJZE9OZURfQTRvbUM4VlFiV2hkcUJ6WnRhNGVFQWlxcW1KS1FucEIyZ2Ztak85ck5tZw?oc=5\" target=\"_blank\" rel=\"nofollow noopener\">Postilta iso muutos \u2013 N\u00e4in se vaikuttaa sinuun<\/a>&nbsp;&nbsp;Iltalehti<\/li>\n<li><a href=\"https:\/\/news.google.com\/rss\/articles\/CBMiQkFVX3lxTE93UVFNUzZpU3c0VElCVHZpR1dHWGppOXNjdXByOGI2YmVOc1lxeV9hY1g2RzdkSEx0bVRhWDdyQXk2Zw?oc=5\" target=\"_blank\" rel=\"nofollow noopener\">Posti v\u00e4hent\u00e4\u00e4 jopa 172 ty\u00f6ntekij\u00e4\u00e4 \u2013 viisi myym\u00e4l\u00e4\u00e4 lopettaa toimintansa<\/a>&nbsp;&nbsp;Yle<\/li>\n<li><a href=\"https:\/\/news.google.com\/rss\/articles\/CBMib0FVX3lxTE9BbEdhektFU0Z5ZDVZZnZhTUhGWkNlckJYR3V5VU1hUlNQT3htZzZRSExVZWtROS1xUThVSGo0eWhMM2s3YV95MHpaZ1k1QnpIelJVcE91Y3lKTEdBaDFBbHNRNU5Ib1VLekxJa2F2SQ?oc=5\" target=\"_blank\" rel=\"nofollow noopener\">Talous | Postilla isoja muutoksia ja v\u00e4en v\u00e4hent\u00e4mistarve<\/a>&nbsp;&nbsp;Kankaanp\u00e4\u00e4n Seutu<\/li>\n<\/ol>\n","protected":false},"excerpt":{"rendered":"Ty\u00f6ntekij\u00e4t ja asiakkaat surivat, koska Postin oma toimipiste aiotaan sulkea Jyv\u00e4skyl\u00e4ss\u00e4 \u2013 &#8221;Se olisi menetys, suuri menetys&#8221; |&hellip;\n","protected":false},"author":2,"featured_media":139026,"comment_status":"","ping_status":"","sticky":false,"template":"","format":"standard","meta":{"footnotes":""},"categories":[76],"tags":[79,77,33,31,30,425,32,78,860,862,861,3512,3515,796],"class_list":{"0":"post-139025","1":"post","2":"type-post","3":"status-publish","4":"format-standard","5":"has-post-thumbnail","7":"category-talous","8":"tag-business","9":"tag-economy","10":"tag-fi","11":"tag-finland","12":"tag-finnish","13":"tag-jyvaskyla","14":"tag-suomi","15":"tag-talous","16":"tag-tyoelama","17":"tag-tyollisyys","18":"tag-tyollisyys-ja-tyottomyys","19":"tag-tyontekijat","20":"tag-tyovoima","21":"tag-yhteiskunta"},"share_on_mastodon":{"url":"https:\/\/pubeurope.com\/@fi\/115873315784022560","error":""},"_links":{"self":[{"href":"https:\/\/www.europesays.com\/fi\/wp-json\/wp\/v2\/posts\/139025","targetHints":{"allow":["GET"]}}],"collection":[{"href":"https:\/\/www.europesays.com\/fi\/wp-json\/wp\/v2\/posts"}],"about":[{"href":"https:\/\/www.europesays.com\/fi\/wp-json\/wp\/v2\/types\/post"}],"author":[{"embeddable":true,"href":"https:\/\/www.europesays.com\/fi\/wp-json\/wp\/v2\/users\/2"}],"replies":[{"embeddable":true,"href":"https:\/\/www.europesays.com\/fi\/wp-json\/wp\/v2\/comments?post=139025"}],"version-history":[{"count":0,"href":"https:\/\/www.europesays.com\/fi\/wp-json\/wp\/v2\/posts\/139025\/revisions"}],"wp:featuredmedia":[{"embeddable":true,"href":"https:\/\/www.europesays.com\/fi\/wp-json\/wp\/v2\/media\/139026"}],"wp:attachment":[{"href":"https:\/\/www.europesays.com\/fi\/wp-json\/wp\/v2\/media?parent=139025"}],"wp:term":[{"taxonomy":"category","embeddable":true,"href":"https:\/\/www.europesays.com\/fi\/wp-json\/wp\/v2\/categories?post=139025"},{"taxonomy":"post_tag","embeddable":true,"href":"https:\/\/www.europesays.com\/fi\/wp-json\/wp\/v2\/tags?post=139025"}],"curies":[{"name":"wp","href":"https:\/\/api.w.org\/{rel}","templated":true}]}}