{"id":139029,"date":"2026-01-10T23:08:06","date_gmt":"2026-01-10T23:08:06","guid":{"rendered":"https:\/\/www.europesays.com\/fi\/139029\/"},"modified":"2026-01-10T23:08:06","modified_gmt":"2026-01-10T23:08:06","slug":"suomen-sahkontuotanto-nousi-jalleen-ennatystasolle-uutissuomalainen-2","status":"publish","type":"post","link":"https:\/\/www.europesays.com\/fi\/139029\/","title":{"rendered":"Suomen s\u00e4hk\u00f6ntuotanto nousi j\u00e4lleen enn\u00e4tystasolle | Uutissuomalainen"},"content":{"rendered":"<p>Suomen uusi s\u00e4hk\u00f6ntuotantoenn\u00e4tys on nyt 15\u2009438 megawattia, kertoi Energiateollisuus ry:n toimitusjohtaja Jukka Leskel\u00e4 viestipalvelu <a href=\"https:\/\/x.com\/JukkaLeskela\/status\/2010029777374331113\" rel=\"nofollow\">X:ss\u00e4<\/a>. Enn\u00e4tys tehtiin lauantaina alkuillasta kello 18.00\u201318.15.<\/p>\n<p>Leskel\u00e4n mukaan pakkanen on kasvattanut s\u00e4hk\u00f6n kysynt\u00e4\u00e4, mutta samanaikaiset tuulet ovat lis\u00e4nneet s\u00e4hk\u00f6n tuotantoa.<\/p>\n<p>\u2013\u2009S\u00e4hk\u00f6n kulutus suurta ja olemme viennin puolella. Uusi asia kulutushuippujen aikana, Leskel\u00e4 kirjoitti.<\/p>\n<p>Torstaina tehty edellinen tuotantoenn\u00e4tys meni rikki selv\u00e4ll\u00e4 erolla, yli 1\u2009000 megawatilla.<\/p>\n<p>Suomessa saavutettiin kuluvalla viikolla kantaverkkoyhti\u00f6 Fingridin mukaan my\u00f6s kaikkien aikojen <a href=\"https:\/\/www.fingrid.fi\/ajankohtaista\/tiedotteet\/2026\/sahkonkulutus-nousi-suomessa-kaikkien-aikojen-ennatystasolle\/\" rel=\"nofollow noopener\" target=\"_blank\">s\u00e4hk\u00f6nkulutusenn\u00e4tys<\/a>, kun s\u00e4hk\u00f6nkulutus nousi torstaina illansuussa 15\u2009553 megawattiin.<\/p>\n<p>Enn\u00e4tykseen vaikuttivat pakkasen lis\u00e4ksi maltilliset s\u00e4hk\u00f6n hinnat, Fingridilt\u00e4 kerrottiin STT:lle torstaina.<\/p>\n<p>Edellinen kulutusenn\u00e4tys oli tehty vain muutamaa tuntia aiemmin, kun s\u00e4hk\u00f6nkulutus nousi torstaina aamup\u00e4iv\u00e4ll\u00e4 15\u2009110 megawattiin. <a href=\"https:\/\/energia.fi\/tiedotteet\/sahkon-kulutusennatyksen-lisaksi-myos-sahkon-tuotantoennatys-rikki-torstaina\/\" rel=\"nofollow noopener\" target=\"_blank\">Energiateollisuuden<\/a> mukaan aiempi enn\u00e4tys oli vuodelta 2016.<\/p>\n","protected":false},"excerpt":{"rendered":"Suomen uusi s\u00e4hk\u00f6ntuotantoenn\u00e4tys on nyt 15\u2009438 megawattia, kertoi Energiateollisuus ry:n toimitusjohtaja Jukka Leskel\u00e4 viestipalvelu X:ss\u00e4. Enn\u00e4tys tehtiin lauantaina&hellip;\n","protected":false},"author":2,"featured_media":139030,"comment_status":"","ping_status":"","sticky":false,"template":"","format":"standard","meta":{"footnotes":""},"categories":[12],"tags":[22,23,124,1628,26,27,33,6135,31,30,17,24,25,28,29,15,18,21,2007,3273,932,32,78,19,20,16],"class_list":{"0":"post-139029","1":"post","2":"type-post","3":"status-publish","4":"format-standard","5":"has-post-thumbnail","7":"category-suomi","8":"tag-breaking-news","9":"tag-breakingnews","10":"tag-energia-sektori","11":"tag-energia-ja-energiavarat","12":"tag-featured-news","13":"tag-featurednews","14":"tag-fi","15":"tag-fingrid","16":"tag-finland","17":"tag-finnish","18":"tag-headlines","19":"tag-latest-news","20":"tag-latestnews","21":"tag-main-news","22":"tag-mainnews","23":"tag-news","24":"tag-otsikot","25":"tag-paauutiset","26":"tag-sahko","27":"tag-sahkon-hinta","28":"tag-sahkontuotanto-ja-jakelu","29":"tag-suomi","30":"tag-talous","31":"tag-top-stories","32":"tag-topstories","33":"tag-uutiset"},"share_on_mastodon":{"url":"https:\/\/pubeurope.com\/@fi\/115873323689274378","error":""},"_links":{"self":[{"href":"https:\/\/www.europesays.com\/fi\/wp-json\/wp\/v2\/posts\/139029","targetHints":{"allow":["GET"]}}],"collection":[{"href":"https:\/\/www.europesays.com\/fi\/wp-json\/wp\/v2\/posts"}],"about":[{"href":"https:\/\/www.europesays.com\/fi\/wp-json\/wp\/v2\/types\/post"}],"author":[{"embeddable":true,"href":"https:\/\/www.europesays.com\/fi\/wp-json\/wp\/v2\/users\/2"}],"replies":[{"embeddable":true,"href":"https:\/\/www.europesays.com\/fi\/wp-json\/wp\/v2\/comments?post=139029"}],"version-history":[{"count":0,"href":"https:\/\/www.europesays.com\/fi\/wp-json\/wp\/v2\/posts\/139029\/revisions"}],"wp:featuredmedia":[{"embeddable":true,"href":"https:\/\/www.europesays.com\/fi\/wp-json\/wp\/v2\/media\/139030"}],"wp:attachment":[{"href":"https:\/\/www.europesays.com\/fi\/wp-json\/wp\/v2\/media?parent=139029"}],"wp:term":[{"taxonomy":"category","embeddable":true,"href":"https:\/\/www.europesays.com\/fi\/wp-json\/wp\/v2\/categories?post=139029"},{"taxonomy":"post_tag","embeddable":true,"href":"https:\/\/www.europesays.com\/fi\/wp-json\/wp\/v2\/tags?post=139029"}],"curies":[{"name":"wp","href":"https:\/\/api.w.org\/{rel}","templated":true}]}}