{"id":139042,"date":"2026-01-10T23:33:16","date_gmt":"2026-01-10T23:33:16","guid":{"rendered":"https:\/\/www.europesays.com\/fi\/139042\/"},"modified":"2026-01-10T23:33:16","modified_gmt":"2026-01-10T23:33:16","slug":"13-vuotiasta-nuorta-epaillaan-palkkamurhan-yrityksesta-ruotsissa-ohjeet-loytyivat-puhelimesta-uutissuomalainen","status":"publish","type":"post","link":"https:\/\/www.europesays.com\/fi\/139042\/","title":{"rendered":"13-vuotiasta nuorta ep\u00e4ill\u00e4\u00e4n palkkamurhan yrityksest\u00e4 Ruotsissa \u2013 ohjeet l\u00f6ytyiv\u00e4t puhelimesta | Uutissuomalainen"},"content":{"rendered":"<p>Ruotsissa ep\u00e4ill\u00e4\u00e4n 13-vuotiasta nuorta palkkamurhan yrityksest\u00e4, kertoo ruotsalainen <a href=\"https:\/\/www.aftonbladet.se\/nyheter\/a\/m0BBkp\/skjutningen-i-hasselby-13-aring-gripen-enligt-uppgifter\" rel=\"nofollow noopener\" target=\"_blank\">Aftonbladet<\/a>.<\/p>\n<p>Tapahtumat alkoivat perjantaina kello 13 Ruotsin aikaa, kun poliisi h\u00e4lytettiin H\u00e4sselbyhyn Tukholmassa. Poliisi l\u00f6ysi useita luodinreiki\u00e4 asunnon ovesta sek\u00e4 tyhji\u00e4 patruunoita tapahtumapaikalta. Kukaan ei loukkaantunut.<\/p>\n<p>Pian tapahtuman j\u00e4lkeen poliisi otti kiinni nuoren miehen, joka Aftonbladetin tietojen mukaan on 13-vuotias.<\/p>\n<p><strong class=\"diks-storyline__impact\">Lehden mukaan nuori<\/strong> otettiin kiinni taksissa, ja h\u00e4nell\u00e4 oli mukanaan puhelin sek\u00e4 ase. Poliisin v\u00e4itet\u00e4\u00e4n l\u00f6yt\u00e4neen puhelimesta ohjeet salamurhateht\u00e4v\u00e4\u00e4 varten.<\/p>\n<p>Aftonbladetin tietojen mukaan nuoren piti ampua tietty\u00e4 ihmist\u00e4, mutta jos h\u00e4n ei olisi ollut kotona, h\u00e4nen olisi pit\u00e4nyt ampua oven ensimm\u00e4isen\u00e4 avannut. Oikean henkil\u00f6n ampumisesta h\u00e4nelle olisi maksettu 250 000 Ruotsin kruunua, toisen henkil\u00f6n ampumisesta 200 000.<\/p>\n<p>Poliisi ei ole kommentoinut pid\u00e4tetyn henkil\u00f6n ik\u00e4\u00e4 eik\u00e4 sit\u00e4, oliko kukaan kotona ampumishetkell\u00e4.<\/p>\n","protected":false},"excerpt":{"rendered":"Ruotsissa ep\u00e4ill\u00e4\u00e4n 13-vuotiasta nuorta palkkamurhan yrityksest\u00e4, kertoo ruotsalainen Aftonbladet. Tapahtumat alkoivat perjantaina kello 13 Ruotsin aikaa, kun poliisi&hellip;\n","protected":false},"author":2,"featured_media":139043,"comment_status":"","ping_status":"","sticky":false,"template":"","format":"standard","meta":{"footnotes":""},"categories":[14],"tags":[10564,22,23,26,27,33,31,30,17,55,24,25,28,29,15,18,21,122,54,52,32,19,20,2693,546,56,16,59,60,61],"class_list":{"0":"post-139042","1":"post","2":"type-post","3":"status-publish","4":"format-standard","5":"has-post-thumbnail","7":"category-ulkomaat","8":"tag-aftonbladet","9":"tag-breaking-news","10":"tag-breakingnews","11":"tag-featured-news","12":"tag-featurednews","13":"tag-fi","14":"tag-finland","15":"tag-finnish","16":"tag-headlines","17":"tag-lainvalvonta","18":"tag-latest-news","19":"tag-latestnews","20":"tag-main-news","21":"tag-mainnews","22":"tag-news","23":"tag-otsikot","24":"tag-paauutiset","25":"tag-pelastaminen","26":"tag-pelastuspalvelut","27":"tag-poliisi","28":"tag-suomi","29":"tag-top-stories","30":"tag-topstories","31":"tag-tukholma","32":"tag-turvallisuus","33":"tag-ulkomaat","34":"tag-uutiset","35":"tag-world","36":"tag-world-news","37":"tag-worldnews"},"share_on_mastodon":{"url":"https:\/\/pubeurope.com\/@fi\/115873422006888111","error":""},"_links":{"self":[{"href":"https:\/\/www.europesays.com\/fi\/wp-json\/wp\/v2\/posts\/139042","targetHints":{"allow":["GET"]}}],"collection":[{"href":"https:\/\/www.europesays.com\/fi\/wp-json\/wp\/v2\/posts"}],"about":[{"href":"https:\/\/www.europesays.com\/fi\/wp-json\/wp\/v2\/types\/post"}],"author":[{"embeddable":true,"href":"https:\/\/www.europesays.com\/fi\/wp-json\/wp\/v2\/users\/2"}],"replies":[{"embeddable":true,"href":"https:\/\/www.europesays.com\/fi\/wp-json\/wp\/v2\/comments?post=139042"}],"version-history":[{"count":0,"href":"https:\/\/www.europesays.com\/fi\/wp-json\/wp\/v2\/posts\/139042\/revisions"}],"wp:featuredmedia":[{"embeddable":true,"href":"https:\/\/www.europesays.com\/fi\/wp-json\/wp\/v2\/media\/139043"}],"wp:attachment":[{"href":"https:\/\/www.europesays.com\/fi\/wp-json\/wp\/v2\/media?parent=139042"}],"wp:term":[{"taxonomy":"category","embeddable":true,"href":"https:\/\/www.europesays.com\/fi\/wp-json\/wp\/v2\/categories?post=139042"},{"taxonomy":"post_tag","embeddable":true,"href":"https:\/\/www.europesays.com\/fi\/wp-json\/wp\/v2\/tags?post=139042"}],"curies":[{"name":"wp","href":"https:\/\/api.w.org\/{rel}","templated":true}]}}