{"id":139044,"date":"2026-01-10T23:34:11","date_gmt":"2026-01-10T23:34:11","guid":{"rendered":"https:\/\/www.europesays.com\/fi\/139044\/"},"modified":"2026-01-10T23:34:11","modified_gmt":"2026-01-10T23:34:11","slug":"stt-finnair-peruu-lisaa-lentoja-lappiin","status":"publish","type":"post","link":"https:\/\/www.europesays.com\/fi\/139044\/","title":{"rendered":"STT: Finnair peruu lis\u00e4\u00e4 lentoja Lappiin"},"content":{"rendered":"<p>Viime p\u00e4ivilt\u00e4 on peruttu useita lentoja kovien pakkasten vuoksi.<\/p>\n<p>10.1. 20:56<\/p>\n<p class=\"article-body mb-nof-24 px-nof-16\">Finnair on perunut sunnuntailta kaikki lennot Kittil\u00e4\u00e4n, <a class=\"underline underline-offset-[0.12em] [text-decoration-thickness:var(--generic-link-underline-thickness)] [text-decoration-color:var(--generic-link-underline-color)] [text-decoration-skip-ink:var(--generic-link-underline-skip-ink)] break-words\" href=\"https:\/\/yle.fi\/a\/74-20203576?origin=rss\" rel=\"nofollow noopener\" target=\"_blank\">kertoo<\/a> STT.<\/p>\n<p class=\"article-body mb-nof-24 px-nof-16\">STT:n mukaan my\u00f6s lento Helsinki-Vantaalta Rovaniemelle ja takaisin on peruttu sunnuntailta.<\/p>\n<p class=\"article-body mb-nof-24 px-nof-16\">STT:n mukaan Kittil\u00e4\u00e4n ei ole lennetty perjantaina eik\u00e4 lauantaina lainkaan. Muille Lapin kentille lennot ovat sujuneet p\u00e4\u00e4osiin normaalisti.<\/p>\n<p class=\"article-body mb-nof-24 px-nof-16\">Finnair on perunut useita lentoja loppuviikon aikana.<\/p>\n<p class=\"article-body mb-nof-24 px-nof-16\">Lentojen peruutukset johtuvat kovasta pakkasesta. Finavian mukaan kova pakkanen hidastaa ty\u00f6skentely\u00e4 lentoasemilla. Asematasolla toimiville yrityksille yli 40 asteen pakkaset aiheuttavat hankaluuksia, kun esimerkiksi kunnossapito- maahuolinta- ja tankkauskaluston liittimet j\u00e4\u00e4tyv\u00e4t.<\/p>\n<p class=\"article-body mb-nof-24 px-nof-16\">Suurin ongelma lentoasemilla liittyy t\u00e4ll\u00e4 hetkell\u00e4 j\u00e4\u00e4npoistoon.<\/p>\n","protected":false},"excerpt":{"rendered":"Viime p\u00e4ivilt\u00e4 on peruttu useita lentoja kovien pakkasten vuoksi. 10.1. 20:56 Finnair on perunut sunnuntailta kaikki lennot Kittil\u00e4\u00e4n,&hellip;\n","protected":false},"author":2,"featured_media":139045,"comment_status":"","ping_status":"","sticky":false,"template":"","format":"standard","meta":{"footnotes":""},"categories":[12],"tags":[22,23,26,27,33,31,30,17,34,24,25,28,29,15,18,21,32,19,20,16],"class_list":{"0":"post-139044","1":"post","2":"type-post","3":"status-publish","4":"format-standard","5":"has-post-thumbnail","7":"category-suomi","8":"tag-breaking-news","9":"tag-breakingnews","10":"tag-featured-news","11":"tag-featurednews","12":"tag-fi","13":"tag-finland","14":"tag-finnish","15":"tag-headlines","16":"tag-ilta-sanomat","17":"tag-latest-news","18":"tag-latestnews","19":"tag-main-news","20":"tag-mainnews","21":"tag-news","22":"tag-otsikot","23":"tag-paauutiset","24":"tag-suomi","25":"tag-top-stories","26":"tag-topstories","27":"tag-uutiset"},"share_on_mastodon":{"url":"https:\/\/pubeurope.com\/@fi\/115873425930446445","error":""},"_links":{"self":[{"href":"https:\/\/www.europesays.com\/fi\/wp-json\/wp\/v2\/posts\/139044","targetHints":{"allow":["GET"]}}],"collection":[{"href":"https:\/\/www.europesays.com\/fi\/wp-json\/wp\/v2\/posts"}],"about":[{"href":"https:\/\/www.europesays.com\/fi\/wp-json\/wp\/v2\/types\/post"}],"author":[{"embeddable":true,"href":"https:\/\/www.europesays.com\/fi\/wp-json\/wp\/v2\/users\/2"}],"replies":[{"embeddable":true,"href":"https:\/\/www.europesays.com\/fi\/wp-json\/wp\/v2\/comments?post=139044"}],"version-history":[{"count":0,"href":"https:\/\/www.europesays.com\/fi\/wp-json\/wp\/v2\/posts\/139044\/revisions"}],"wp:featuredmedia":[{"embeddable":true,"href":"https:\/\/www.europesays.com\/fi\/wp-json\/wp\/v2\/media\/139045"}],"wp:attachment":[{"href":"https:\/\/www.europesays.com\/fi\/wp-json\/wp\/v2\/media?parent=139044"}],"wp:term":[{"taxonomy":"category","embeddable":true,"href":"https:\/\/www.europesays.com\/fi\/wp-json\/wp\/v2\/categories?post=139044"},{"taxonomy":"post_tag","embeddable":true,"href":"https:\/\/www.europesays.com\/fi\/wp-json\/wp\/v2\/tags?post=139044"}],"curies":[{"name":"wp","href":"https:\/\/api.w.org\/{rel}","templated":true}]}}