{"id":139046,"date":"2026-01-10T23:35:08","date_gmt":"2026-01-10T23:35:08","guid":{"rendered":"https:\/\/www.europesays.com\/fi\/139046\/"},"modified":"2026-01-10T23:35:08","modified_gmt":"2026-01-10T23:35:08","slug":"kolme-punakorttia-ja-juuso-keskisen-viisi-maalia-varittivat-karkiottelua","status":"publish","type":"post","link":"https:\/\/www.europesays.com\/fi\/139046\/","title":{"rendered":"Kolme punakorttia ja Juuso Keskisen viisi maalia v\u00e4rittiv\u00e4t k\u00e4rkiottelua"},"content":{"rendered":"<p><strong><\/p>\n<p><strong>F-liigan lauantain k\u00e4rkiottelu pelattiin Sein\u00e4joella, jossa SPV kaatoi 970 katsojan riemuksi Classicin 8-6. Tapahtumarikasta iltaa v\u00e4rittiv\u00e4t kolme punaista korttia ja kotijoukkueen Juuso Keskisen viiden maalin n\u00e4yt\u00f6s.<\/strong><\/p>\n<p><\/strong><\/p>\n<p>Peliveljet pohjusti kotivoittonsa avauser\u00e4ss\u00e4, jossa\u00a0<strong>Aaro Tammiranta<\/strong>,\u00a0<strong>Juuso Keskinen<\/strong>\u00a0ja\u00a0<strong>Konsta Haukkala<\/strong>\u00a0latoivat taululle nopean kolmen maalin johdon. Edes\u00a0<strong>Nico Salon<\/strong>\u00a0kavennus ei her\u00e4tt\u00e4nyt Classicia vaan Juuso Keskinen laukoi jo ennen er\u00e4taukoa hattutempun t\u00e4yteen ja er\u00e4lukemiksi 5-1. Ottelun puoliv\u00e4liss\u00e4 n\u00e4htiin Keskisen nelj\u00e4s maali ja p\u00e4\u00e4t\u00f6ser\u00e4n puoliv\u00e4liss\u00e4 jo miehen viides, joka muutti ylivoimalla tilanteeksi 8-2. Classicin riskipeli kuudella tuotti\u00a0<strong>Teemu Karppasen<\/strong>\u00a0rangaistuslaukauskavennuksen, ja yhdeks\u00e4n minuuttia ennen loppua tapahtui lis\u00e4\u00e4. Nahistelu SPV:n p\u00e4\u00e4dyss\u00e4 tuotti punaisen kortin Classicin Nico Salolle sek\u00e4 SPV:n\u00a0<strong>Konsta Haukkalalle<\/strong>\u00a0ja\u00a0<strong>Miika Latvalalle<\/strong>. Classic hy\u00f6dynsi miesylivoimansa per\u00e4ti kolmella kavennusmaalilla, mutta loppukiri hyytyi\u00a0<strong>Oskari Heikkil\u00e4n<\/strong>\u00a0nelj\u00e4 minuuttia ennen loppua ottamaan kaksiminuuttiseen.<\/p>\n<p>Lauantain toisessa ottelussa s\u00e4velet olivat selvemm\u00e4t, kun OLS murjoi kotonaan sarjajumbo FBC Turkua 12-2. Viel\u00e4 toisen er\u00e4n alussa turkulaiset kavensivat tilanteeksi 2-1, mutta sitten OLS karkasi horisonttiin. Jo ennen toista taukoa\u00a0<strong>Veeti Koivisto<\/strong>,\u00a0<strong>Riku Ruonakangas<\/strong>,\u00a0<strong>Aapo Rantaniemi<\/strong>,\u00a0<strong>Aaro Haverinen<\/strong>\u00a0ja\u00a0<strong>Joona Karjula<\/strong>\u00a0p\u00f6llyttiv\u00e4t vieraiden verkkoa muuttaen lukemiksi 7-1. P\u00e4\u00e4t\u00f6ser\u00e4\u00e4n OLS viihdytti kotiyleis\u00f6\u00e4\u00e4n viel\u00e4 viidell\u00e4 maalilla, joihin vieraat vastasivat vain\u00a0<strong>Mikael Fredrikssonin<\/strong>\u00a0alivoimakavennuksella. Aaro Haverinen (2+1) ja\u00a0<strong>Roope Okkonen<\/strong>\u00a0(0+3) olivat voittajien kolmen pisteen miehet.<\/p>\n<p>Sarja jatkuu sunnuntaina otteluilla LASB\u2013Nokian KrP, Classic\u2013Oilers, Hawks\u2013FBC Turku ja OLS\u2013Nurmon Jymy.<\/p>\n","protected":false},"excerpt":{"rendered":"F-liigan lauantain k\u00e4rkiottelu pelattiin Sein\u00e4joella, jossa SPV kaatoi 970 katsojan riemuksi Classicin 8-6. Tapahtumarikasta iltaa v\u00e4rittiv\u00e4t kolme punaista&hellip;\n","protected":false},"author":2,"featured_media":139047,"comment_status":"","ping_status":"","sticky":false,"template":"","format":"standard","meta":{"footnotes":""},"categories":[5],"tags":[22,23,26,27,33,31,30,17,24,25,28,29,15,18,21,32,19,20,16],"class_list":{"0":"post-139046","1":"post","2":"type-post","3":"status-publish","4":"format-standard","5":"has-post-thumbnail","7":"category-otsikot","8":"tag-breaking-news","9":"tag-breakingnews","10":"tag-featured-news","11":"tag-featurednews","12":"tag-fi","13":"tag-finland","14":"tag-finnish","15":"tag-headlines","16":"tag-latest-news","17":"tag-latestnews","18":"tag-main-news","19":"tag-mainnews","20":"tag-news","21":"tag-otsikot","22":"tag-paauutiset","23":"tag-suomi","24":"tag-top-stories","25":"tag-topstories","26":"tag-uutiset"},"share_on_mastodon":{"url":"https:\/\/pubeurope.com\/@fi\/115873429729180180","error":""},"_links":{"self":[{"href":"https:\/\/www.europesays.com\/fi\/wp-json\/wp\/v2\/posts\/139046","targetHints":{"allow":["GET"]}}],"collection":[{"href":"https:\/\/www.europesays.com\/fi\/wp-json\/wp\/v2\/posts"}],"about":[{"href":"https:\/\/www.europesays.com\/fi\/wp-json\/wp\/v2\/types\/post"}],"author":[{"embeddable":true,"href":"https:\/\/www.europesays.com\/fi\/wp-json\/wp\/v2\/users\/2"}],"replies":[{"embeddable":true,"href":"https:\/\/www.europesays.com\/fi\/wp-json\/wp\/v2\/comments?post=139046"}],"version-history":[{"count":0,"href":"https:\/\/www.europesays.com\/fi\/wp-json\/wp\/v2\/posts\/139046\/revisions"}],"wp:featuredmedia":[{"embeddable":true,"href":"https:\/\/www.europesays.com\/fi\/wp-json\/wp\/v2\/media\/139047"}],"wp:attachment":[{"href":"https:\/\/www.europesays.com\/fi\/wp-json\/wp\/v2\/media?parent=139046"}],"wp:term":[{"taxonomy":"category","embeddable":true,"href":"https:\/\/www.europesays.com\/fi\/wp-json\/wp\/v2\/categories?post=139046"},{"taxonomy":"post_tag","embeddable":true,"href":"https:\/\/www.europesays.com\/fi\/wp-json\/wp\/v2\/tags?post=139046"}],"curies":[{"name":"wp","href":"https:\/\/api.w.org\/{rel}","templated":true}]}}