{"id":139054,"date":"2026-01-10T23:55:15","date_gmt":"2026-01-10T23:55:15","guid":{"rendered":"https:\/\/www.europesays.com\/fi\/139054\/"},"modified":"2026-01-10T23:55:15","modified_gmt":"2026-01-10T23:55:15","slug":"anna-liisa-tilus-kutsuu-tv-katsojat-tapaamiseen-kuopion-sm-hiihtoihin","status":"publish","type":"post","link":"https:\/\/www.europesays.com\/fi\/139054\/","title":{"rendered":"Anna-Liisa Tilus kutsuu tv-katsojat tapaamiseen Kuopion SM-hiihtoihin"},"content":{"rendered":"<p>\n            Anna-Liisa Tilus valittiin Miss Suomeksi vuonna 1984. H\u00e4n on opiskellut tiedottajaksi ja on Ylen televisiokuuluttaja.<br \/>\n            ATTE KAJOVA\n        <\/p>\n<p class=\"subtitle \">Anna-Liisa Tilus muistetaan Ylen pitk\u00e4aikaisena kuuluttajana.<\/p>\n<p class=\"article-content article-content-width !bg-background\">Ylen suosikkikasvo  on suuntaamassa viikonlopuksi Kuopioon hiihdon SM-kisoihin.<\/p>\n<p class=\"font-weight-bold m-font-weight-bold article-content article-content-width !bg-background\">Video: Muistatko n\u00e4m\u00e4 nostalgiset deittiohjelmat?\u00a0<\/p>\n<p>Bussilla Savoon<\/p>\n<p class=\"article-content article-content-width !bg-background\">Anna-Liisa matkustaa Savoon Yle 100 -bussilla. H\u00e4n tiedotti asiasta avoimella <a href=\"https:\/\/www.facebook.com\/AnnaLiisaTilus\" target=\"_blank\" rel=\"nofollow noopener\">Facebook-sein\u00e4ll\u00e4\u00e4n<\/a>.<\/p>\n<p class=\"article-content article-content-width !bg-background\">Anna-Liisa julkaisi kuvan, jossa poseeraa punaisessa nutussa ja myssyss\u00e4 kyseisen bussin edess\u00e4.<\/p>\n<p class=\"article-content article-content-width !bg-background\">\u2013\tMin\u00e4, Pasilan punahilkka suuntaan tuon Yle 100-bussin kyydiss\u00e4 viikonlopuksi Kuopion SM-hiihtoihin, h\u00e4n kirjoittaa.<\/p>\n<p class=\"article-content article-content-width !bg-background\">Suosikkikasvo toivoo, ett\u00e4 tv-kansa tulee moikkaamaan h\u00e4nt\u00e4.<\/p>\n<p class=\"article-content article-content-width !bg-background\">\u2013\tMe pystyt\u00e4mme sinne Puijolle Yle-teltan, jossa on yleis\u00f6llekin paljon mukavaa visailua ja nostalgistakin puuhaa. Tulkaapa moikkaamaan!<\/p>\n<p class=\"article-content article-content-width !bg-background\">Paikalliset ottavat Anna-Liisan ilosylin vastaan.<\/p>\n<p class=\"article-content article-content-width !bg-background\">\u2013\tTervetuloa t\u00e4nne Kuopioon, Facebook-p\u00e4ivityksen kommenttikent\u00e4ss\u00e4 toivotetaan.<\/p>\n<p>        <a itemprop=\"url\" href=\"https:\/\/www.seiska.fi\/katso\/ylen-kanavatoimittaja-avautui-uusinnoista-katsojilta-valiton-palaute\/1856921\" rel=\"nofollow noopener\" target=\"_blank\"><\/p>\n<p>\nKatsojilta v\u00e4lit\u00f6n palaute\n<\/p>\n<p class=\"section-date\">\n        <strong class=\"article-section\" data-section=\"katso\"><br \/>\n            katso<br \/>\n        <\/strong><br \/>\n        3.7.2025 09:15\n    <\/p>\n<p>Ylen kanavatoimittaja avautui uusinnoista \u2013 katsojilta v\u00e4lit\u00f6n palaute\n    <\/p>\n<p itemprop=\"description\" class=\"subtitle \">\n    Anna-Liisa Tilus jakoi kuunteluvinkin, jossa k\u00e4sitell\u00e4\u00e4n suuria tunteita \u2013 riemusta vihastumiseen.\n<\/p>\n<p>        <\/a><\/p>\n<p>Uusi ty\u00f6<\/p>\n<p class=\"article-content article-content-width !bg-background\">Anna-Liisa tunnetaan Ylen televisiokuuluttajana. Ennen uraansa Anna-Liisa tuli tutuksi Miss Suomena vuosimallia 1984.<\/p>\n<p class=\"article-content article-content-width !bg-background\">Viime kev\u00e4\u00e4n\u00e4 Yle p\u00e4\u00e4tti muutosneuvotteluiden seurauksena lopettaa tv-kuuluttajien teht\u00e4v\u00e4t televisiossa. Anna-Liisa ei joutunut kuitenkaan j\u00e4tt\u00e4m\u00e4\u00e4n ty\u00f6paikkaansa, vaan t\u00e4t\u00e4 nyky\u00e4 h\u00e4net tunnetaan TV1-kanavan kanava\u00e4\u00e4nen\u00e4.<\/p>\n<p class=\"article-content article-content-width !bg-background\">Anna-Liisa kertoi Katsolle joulukuussa uudesta roolistaan.<\/p>\n<p class=\"article-content article-content-width !bg-background\">\u2013 K\u00e4yt\u00e4nn\u00f6ss\u00e4 ty\u00f6 on tosiaan samaa kuin ennenkin, mutta vain ilman kameraa. Se ei en\u00e4\u00e4 painosta ja rytmit\u00e4, Anna-Liisa kuvaa nykyist\u00e4 ty\u00f6t\u00e4\u00e4n.<\/p>\n<p class=\"article-content article-content-width !bg-background\">\u2013 Tosi ty\u00f6l\u00e4st\u00e4, mutta olen tosi iloinen siit\u00e4, ett\u00e4 on edelleen ty\u00f6paikka ja saa edelleen palvella katsojia.<\/p>\n<p class=\"article-content article-content-width !bg-background\">Viikonloppuna Ylen kanavat t\u00e4yttyv\u00e4t hiihtourheilusta. TV2 esitt\u00e4\u00e4 perjantaista sunnuntaihin hiihtoa. Kaikki l\u00e4hetykset ovat katsottavissa my\u00f6s Yle Areenassa.<\/p>\n<p>        <a itemprop=\"url\" href=\"https:\/\/www.seiska.fi\/katso\/tvsta-kadonnut-anna-liisa-tilus-avautuu-nykyisesta-tyostaan\/2011365\" rel=\"nofollow noopener\" target=\"_blank\"><\/p>\n<p>\nTv:st\u00e4 kadonnut Anna-Liisa Tilus\n<\/p>\n<p class=\"section-date\">\n        <strong class=\"article-section\" data-section=\"katso\"><br \/>\n            katso<br \/>\n        <\/strong><br \/>\n        7.12.2025 09:15\n    <\/p>\n<p>Tv:st\u00e4 kadonnut Anna-Liisa Tilus avautuu nykyisest\u00e4 ty\u00f6st\u00e4\u00e4n\n    <\/p>\n<p itemprop=\"description\" class=\"subtitle \">\n    Kev\u00e4\u00e4ll\u00e4 n\u00e4htiin yhden aikakauden loppu, kun muutosneuvottelujen my\u00f6t\u00e4 Yle p\u00e4\u00e4tti lopettaa tv-kuuluttajien toimen.\n<\/p>\n<p>        <\/a><\/p>\n<p>        <a itemprop=\"url\" href=\"https:\/\/www.seiska.fi\/katso\/huumeaddikti-jere-passitetaan-vankilaan-kesken-tv-kuvausten\/2040367\" rel=\"nofollow noopener\" target=\"_blank\"><\/p>\n<p>\nP\u00e4ihdeaddikti\n<\/p>\n<p class=\"section-date\">\n        <strong class=\"article-section\" data-section=\"katso\"><br \/>\n            katso<br \/>\n        <\/strong><br \/>\n        9.1. 07:15\n    <\/p>\n<p>Huumeaddikti Jere passitetaan vankilaan kesken tv-kuvausten\n    <\/p>\n<p itemprop=\"description\" class=\"subtitle \">\n    Asunnottomat-sarjan p\u00e4\u00e4henkil\u00f6n\u00e4 n\u00e4ht\u00e4v\u00e4 Jere ja h\u00e4nen tytt\u00f6yst\u00e4v\u00e4ns\u00e4 Alisa k\u00e4ytt\u00e4v\u00e4t huumeita tv-kameroiden edess\u00e4.\n<\/p>\n<p>        <\/a><\/p>\n","protected":false},"excerpt":{"rendered":"Anna-Liisa Tilus valittiin Miss Suomeksi vuonna 1984. H\u00e4n on opiskellut tiedottajaksi ja on Ylen televisiokuuluttaja. ATTE KAJOVA Anna-Liisa&hellip;\n","protected":false},"author":2,"featured_media":139055,"comment_status":"","ping_status":"","sticky":false,"template":"","format":"standard","meta":{"footnotes":""},"categories":[130],"tags":[20478,137,33,31,30,24131,1132,3458,1151,24132,32,20477,918,109,1149],"class_list":{"0":"post-139054","1":"post","2":"type-post","3":"status-publish","4":"format-standard","5":"has-post-thumbnail","7":"category-viihde","8":"tag-anna-liisa-tilus","9":"tag-entertainment","10":"tag-fi","11":"tag-finland","12":"tag-finnish","13":"tag-kanavaaani","14":"tag-kuopio","15":"tag-miss-suomi","16":"tag-ohjelma","17":"tag-sm-hiihdot","18":"tag-suomi","19":"tag-televisiokuuluttaja","20":"tag-tv2","21":"tag-viihde","22":"tag-yle"},"share_on_mastodon":{"url":"https:\/\/pubeurope.com\/@fi\/115873508394653187","error":""},"_links":{"self":[{"href":"https:\/\/www.europesays.com\/fi\/wp-json\/wp\/v2\/posts\/139054","targetHints":{"allow":["GET"]}}],"collection":[{"href":"https:\/\/www.europesays.com\/fi\/wp-json\/wp\/v2\/posts"}],"about":[{"href":"https:\/\/www.europesays.com\/fi\/wp-json\/wp\/v2\/types\/post"}],"author":[{"embeddable":true,"href":"https:\/\/www.europesays.com\/fi\/wp-json\/wp\/v2\/users\/2"}],"replies":[{"embeddable":true,"href":"https:\/\/www.europesays.com\/fi\/wp-json\/wp\/v2\/comments?post=139054"}],"version-history":[{"count":0,"href":"https:\/\/www.europesays.com\/fi\/wp-json\/wp\/v2\/posts\/139054\/revisions"}],"wp:featuredmedia":[{"embeddable":true,"href":"https:\/\/www.europesays.com\/fi\/wp-json\/wp\/v2\/media\/139055"}],"wp:attachment":[{"href":"https:\/\/www.europesays.com\/fi\/wp-json\/wp\/v2\/media?parent=139054"}],"wp:term":[{"taxonomy":"category","embeddable":true,"href":"https:\/\/www.europesays.com\/fi\/wp-json\/wp\/v2\/categories?post=139054"},{"taxonomy":"post_tag","embeddable":true,"href":"https:\/\/www.europesays.com\/fi\/wp-json\/wp\/v2\/tags?post=139054"}],"curies":[{"name":"wp","href":"https:\/\/api.w.org\/{rel}","templated":true}]}}