{"id":13906,"date":"2025-08-23T08:32:13","date_gmt":"2025-08-23T08:32:13","guid":{"rendered":"https:\/\/www.europesays.com\/fi\/13906\/"},"modified":"2025-08-23T08:32:13","modified_gmt":"2025-08-23T08:32:13","slug":"tuomo-pirttimaan-kolumni-suomalaisissa-metsanomistajissa-elaa-yha-pakkohakkuiden-alistama-sukupolvi-kolumnit","status":"publish","type":"post","link":"https:\/\/www.europesays.com\/fi\/13906\/","title":{"rendered":"Tuomo Pirttimaan kolumni: Suomalaisissa mets\u00e4nomistajissa el\u00e4\u00e4 yh\u00e4 pakkohakkuiden alistama sukupolvi | Kolumnit"},"content":{"rendered":"<p class=\"sc-jYczwO sc-dNFkOE bUKqJd eiHPxO yle__article__paragraph\">Mets\u00e4yhti\u00f6n puukauppatarjous kertoi minulle, miten kaukana viherpesupuheet ja todelliset teot ovat toisistaan,  Pirttimaa kirjoittaa.<\/p>\n<p><img decoding=\"async\" alt=\"Tuomo Pirttimaa.\" src=\"https:\/\/www.europesays.com\/fi\/wp-content\/uploads\/2025\/08\/39-13023116669c0923b6d9.jpeg\" class=\"sc-dntSTA iywpZY\"\/><\/p>\n<p>Avaa kuvien katselu<\/p>\n<p>Tuomo Pirttimaakirjailija<\/p>\n<p class=\"sc-jYczwO sc-ciCoXh bUKqJd cIOueB yle__article__paragraph\"><strong class=\"sc-eEHciv gtNhAX yle__article__strong\">Olen muutamia vuosikymmeni\u00e4<\/strong> seurannut l\u00e4helt\u00e4 tyypillist\u00e4 suomalaista mets\u00e4tilaa. Se on perikunnan omistuksessa puoliv\u00e4liss\u00e4 Suomea. Vanhan asumattoman p\u00e4\u00e4rakennuksen ymp\u00e4rill\u00e4 on pellot ja niiden takana vajaa sata hehtaaria mets\u00e4\u00e4. Kruununjalokiven\u00e4 suoransutjakkaa m\u00e4nty\u00e4 kasvava kaunis j\u00e4k\u00e4l\u00e4kangas. Taaempana se notkahtaa ojitetuksi turvemaaksi, jossa varttuu lujasti kasvavaa sekamets\u00e4\u00e4 taimesta tukkipuuhun.<\/p>\n<p class=\"sc-jYczwO sc-ciCoXh bUKqJd cIOueB yle__article__paragraph\">Astuin mukaan tilan mets\u00e4suunnitteluun muutama vuosi sitten, kun paikallinen mets\u00e4nhoitoyhdistys ehdotti perikunnalle kymmenen hehtaarin avohakkuuta, j\u00e4re\u00e4\u00e4 maanmuokkausta ja kunnostusojitusta.<\/p>\n<p class=\"sc-jYczwO sc-ciCoXh bUKqJd cIOueB yle__article__paragraph\">Totesin omistajille, ett\u00e4 jos suostutte t\u00e4h\u00e4n, teist\u00e4 ei j\u00e4rkyttym\u00e4tt\u00e4 katso kukaan, mit\u00e4 ukkinne metsille on tehty. Avohakkuun sijaan ehdotin yl\u00e4harvennusta.<\/p>\n<blockquote class=\"sc-nIccd keAHcG\">\n<p class=\"sc-jYczwO sc-bUAJAs bUKqJd ezFHMz\">Jos suostutte t\u00e4h\u00e4n, teist\u00e4 ei j\u00e4rkyttym\u00e4tt\u00e4 katso kukaan, mit\u00e4 ukkinne metsille on tehty.<\/p>\n<\/blockquote>\n<p class=\"sc-jYczwO sc-ciCoXh bUKqJd cIOueB yle__article__paragraph\"><strong class=\"sc-eEHciv gtNhAX yle__article__strong\">Yl\u00e4harvennuksessa hakataan<\/strong> j\u00e4reint\u00e4 puuta ja harvennetaan huonolaatuista. Kasvamaan j\u00e4\u00e4 i\u00e4lt\u00e4\u00e4n ja rakenteeltaan monipuolinen jatkuvan kasvatuksen mets\u00e4. Tilan metsien rakenne sopi t\u00e4h\u00e4n erinomaisesti.<\/p>\n<p class=\"sc-jYczwO sc-ciCoXh bUKqJd cIOueB yle__article__paragraph\">Perusteluni kelpasivat, ja niin minusta tuli puolivahingossa tilan puukaupan suunnittelija.<\/p>\n<p class=\"sc-jYczwO sc-ciCoXh bUKqJd cIOueB yle__article__paragraph\"><strong class=\"sc-eEHciv gtNhAX yle__article__strong\">Kun harvennus oli alkamassa<\/strong>, soitin hakkuukoneen kuskille tarkistaakseni, olemmeko samalla sivulla. Totesin meid\u00e4n olevan. Kerroin viel\u00e4, ett\u00e4 suomets\u00e4n kuvioilla koivua ei tarvitse vihata, sit\u00e4 voi vesitalouden vuoksi jopa s\u00e4\u00e4stell\u00e4. Ilahduin, kun kuski ymm\u00e4rsi oitis, mist\u00e4 puhun.<\/p>\n<blockquote class=\"sc-nIccd keAHcG\">\n<p class=\"sc-jYczwO sc-bUAJAs bUKqJd ezFHMz\">Minusta tuli puolivahingossa tilan puukaupan suunnittelija.<\/p>\n<\/blockquote>\n<p class=\"sc-jYczwO sc-ciCoXh bUKqJd cIOueB yle__article__paragraph\">Hakkuun j\u00e4lkeen mets\u00e4yhti\u00f6n ostaja k\u00e4vi katsomassa lopputulosta ja kuulosti tyytyv\u00e4iselt\u00e4. Puuta kertyi pinoon, euroja perikunnan tilille ja j\u00e4ljelle j\u00e4\u00e4v\u00e4 mets\u00e4 voi hyvin. J\u00e4k\u00e4l\u00e4kankaalle j\u00e4i n\u00e4tti keski-ik\u00e4inen m\u00e4nnikk\u00f6. Turvemailla monen ik\u00e4inen v\u00e4ljennetty puusto jatkoi kasvuaan sen sijaan, ett\u00e4 olisi matkalla sellukattilaan. Hakkuu oli toteutettu j\u00e4rjell\u00e4 ja taidolla.<\/p>\n<p class=\"sc-jYczwO sc-ciCoXh bUKqJd cIOueB yle__article__paragraph\">T\u00e4llainen mets\u00e4nhoito oli Suomen mets\u00e4laissa k\u00e4yt\u00e4nn\u00f6ss\u00e4 <a class=\"sc-jDJeIs gotUgl yle__article__link\" href=\"https:\/\/yle.fi\/a\/3-6981097\" role=\"link\" rel=\"nofollow noopener\" target=\"_blank\">kielletty vuoteen 2014 saakka<\/a>. Sit\u00e4 ennen yl\u00e4harvennus oli kammoksuttua harsintaa ja mets\u00e4n h\u00e4vitt\u00e4mist\u00e4. Piirimets\u00e4lautakunnat valvoivat hakkuita ja tekiv\u00e4t aika ajoin jatkuvan kasvatuksen <a class=\"sc-jDJeIs gotUgl yle__article__link\" href=\"https:\/\/www.ksml.fi\/paikalliset\/3195776\" role=\"link\" rel=\"nofollow noopener\" target=\"_blank\">harjoittajista<\/a> varoittavia <a class=\"sc-jDJeIs gotUgl yle__article__link\" href=\"https:\/\/yle.fi\/a\/74-20160583?utm_source=social-media-share&amp;utm_medium=social&amp;utm_campaign=ylefiapp\" role=\"link\" rel=\"nofollow noopener\" target=\"_blank\">esimerkkej\u00e4<\/a> haastamalla k\u00e4r\u00e4jille ja \u00e4\u00e4rimmill\u00e4\u00e4n avohakkaamalla mets\u00e4t v\u00e4kisin.<\/p>\n<p class=\"sc-jYczwO sc-ciCoXh bUKqJd cIOueB yle__article__paragraph\"><strong class=\"sc-eEHciv gtNhAX yle__article__strong\">\u00c4skett\u00e4in perikunnan<\/strong> s\u00e4hk\u00f6postiin kilahti uusi puukauppatarjous. Asialla oli toinen suuri mets\u00e4yhti\u00f6. Vedin syv\u00e4\u00e4n henke\u00e4 n\u00e4hty\u00e4ni ehdotuksen.<\/p>\n<p class=\"sc-jYczwO sc-ciCoXh bUKqJd cIOueB yle__article__paragraph\">Yhti\u00f6 tarjosi nelj\u00e4nnesmiljoonan euron puukauppaa nelj\u00e4llekymmenelle hehtaarille. Avohakkuita ja alaharvennusta.<\/p>\n<p class=\"sc-jYczwO sc-ciCoXh bUKqJd cIOueB yle__article__paragraph\">Ne muutama vuosi aikaisemmin yl\u00e4harvennetut ja ammattilaistenkin ihailemat, riuskassa kasvussa olevat sekarakenteiset mets\u00e4t olivat avohakattavien kuvioiden joukossa.<\/p>\n<blockquote class=\"sc-nIccd keAHcG\">\n<p class=\"sc-jYczwO sc-bUAJAs bUKqJd ezFHMz\">Vedin syv\u00e4\u00e4n henke\u00e4 n\u00e4hty\u00e4ni ehdotuksen.<\/p>\n<\/blockquote>\n<p class=\"sc-jYczwO sc-ciCoXh bUKqJd cIOueB yle__article__paragraph\">T\u00e4ll\u00e4 puukaupalla tilan jatkumo hyv\u00e4st\u00e4 ja tasaisesta mets\u00e4nk\u00e4yt\u00f6st\u00e4 olisi tuhottu. N\u00e4ist\u00e4 metsist\u00e4 koituisi omistajilleen pelkki\u00e4 kuluja seuraavan sukupolven ajan.<\/p>\n<p class=\"sc-jYczwO sc-ciCoXh bUKqJd cIOueB yle__article__paragraph\"><strong class=\"sc-eEHciv gtNhAX yle__article__strong\">Puukauppa on k\u00e4ynyt<\/strong> <a class=\"sc-jDJeIs gotUgl yle__article__link\" href=\"https:\/\/www.luke.fi\/fi\/uutiset\/puukauppa-kuumeni-vuonna-2024-kuitu-ja-energiapuu-kallistuivat-eniten?gsid=9a2bc251-39fa-45d9-afbf-18544bc8aa41\" role=\"link\" rel=\"nofollow noopener\" target=\"_blank\">poikkeuksellisen kuumana<\/a> ja ymp\u00e4rilleen katsoessa voi n\u00e4hd\u00e4 t\u00e4m\u00e4nkaltaisten aggressiivisten tarjousten menev\u00e4n l\u00e4pi. N\u00e4ill\u00e4 hakkuilla tuhotaan suomalaisen mets\u00e4nomistuksen ydint\u00e4, tasaisesti kasvavaa omaisuutta, joka maltilla hoidettuna voi tuottaa tuloa jokaiselle sukupolvelle.<\/p>\n<p class=\"sc-jYczwO sc-ciCoXh bUKqJd cIOueB yle__article__paragraph\">Myyr\u00e4nty\u00f6 on helppoa, sill\u00e4 suomalaisissa mets\u00e4nomistajissa el\u00e4\u00e4 yh\u00e4 lakiin kirjoitetun pakkohakkuun alistama sukupolvi. He pit\u00e4v\u00e4t mets\u00e4nhoitoyhdistyksi\u00e4 ja puun ostajia toteltavina auktoriteetteina. \u201dKiireellisill\u00e4 mets\u00e4nhoitot\u00f6ill\u00e4\u201d mets\u00e4nomistajat ovat peloteltavissa raakoihin kauppoihin.<\/p>\n<p class=\"sc-jYczwO sc-ciCoXh bUKqJd cIOueB yle__article__paragraph\">Samaan aikaan meill\u00e4 on koko ajan suurempi joukko mets\u00e4st\u00e4 ja mets\u00e4taloudesta tiet\u00e4m\u00e4tt\u00f6mi\u00e4 omistajia. Heille kertasumma ostotarjouksen viivan alla on vastustamaton houkutus, varsinkin jos se perustellaan vastuullisena mets\u00e4n hoitamisena. Aikanaan k\u00e4ytettiin keppi\u00e4, nyt porkkanaa keskenkasvuisen puun haalimiseksi sellukattilaan.<\/p>\n<p class=\"sc-jYczwO sc-ciCoXh bUKqJd cIOueB yle__article__paragraph\"><strong class=\"sc-eEHciv gtNhAX yle__article__strong\">Kiilt\u00e4v\u00e4lle paperille<\/strong> painetut mainoslehdet sy\u00f6tt\u00e4v\u00e4t ajatusta suuryhti\u00f6ist\u00e4 mets\u00e4nomistajan parhaana kaverina \u2013 ik\u00e4\u00e4n kuin n\u00e4m\u00e4 valvoisivat mets\u00e4nomistajan etua.<\/p>\n<p class=\"sc-jYczwO sc-ciCoXh bUKqJd cIOueB yle__article__paragraph\">Mets\u00e4n omistamiseen kuuluu vallan lis\u00e4ksi vastuuta. Mets\u00e4nomistajat, ottakaa siksi selv\u00e4\u00e4 vaihtoehdoista. Muistakaa jatkuvapeitteisen mets\u00e4nhoidon mahdollisuus. Metsienne, taloutenne, luonnon ja ilmaston etua ajattelette te, eiv\u00e4t teollisuudelle puuta hankkivat ostajat.<\/p>\n<p class=\"sc-jYczwO sc-ciCoXh bUKqJd cIOueB yle__article__paragraph\">Tuomo Pirttimaa<\/p>\n<p class=\"sc-jYczwO sc-ciCoXh bUKqJd cIOueB yle__article__paragraph\">Kirjoittaja on Kuusamossa asuva kirjailija, mets\u00e4nomistaja ja mets\u00e4l\u00e4inen.<\/p>\n","protected":false},"excerpt":{"rendered":"Mets\u00e4yhti\u00f6n puukauppatarjous kertoi minulle, miten kaukana viherpesupuheet ja todelliset teot ovat toisistaan, Pirttimaa kirjoittaa. Avaa kuvien katselu Tuomo&hellip;\n","protected":false},"author":2,"featured_media":13907,"comment_status":"","ping_status":"","sticky":false,"template":"","format":"standard","meta":{"footnotes":""},"categories":[76],"tags":[79,77,33,31,30,1960,778,4066,72,5677,823,5678,32,78],"class_list":{"0":"post-13906","1":"post","2":"type-post","3":"status-publish","4":"format-standard","5":"has-post-thumbnail","7":"category-talous","8":"tag-business","9":"tag-economy","10":"tag-fi","11":"tag-finland","12":"tag-finnish","13":"tag-hakkuut","14":"tag-kolumnit","15":"tag-kolumnit-yle-radio-1","16":"tag-luonto","17":"tag-metsalaki","18":"tag-metsat","19":"tag-puukauppa","20":"tag-suomi","21":"tag-talous"},"share_on_mastodon":{"url":"","error":""},"_links":{"self":[{"href":"https:\/\/www.europesays.com\/fi\/wp-json\/wp\/v2\/posts\/13906","targetHints":{"allow":["GET"]}}],"collection":[{"href":"https:\/\/www.europesays.com\/fi\/wp-json\/wp\/v2\/posts"}],"about":[{"href":"https:\/\/www.europesays.com\/fi\/wp-json\/wp\/v2\/types\/post"}],"author":[{"embeddable":true,"href":"https:\/\/www.europesays.com\/fi\/wp-json\/wp\/v2\/users\/2"}],"replies":[{"embeddable":true,"href":"https:\/\/www.europesays.com\/fi\/wp-json\/wp\/v2\/comments?post=13906"}],"version-history":[{"count":0,"href":"https:\/\/www.europesays.com\/fi\/wp-json\/wp\/v2\/posts\/13906\/revisions"}],"wp:featuredmedia":[{"embeddable":true,"href":"https:\/\/www.europesays.com\/fi\/wp-json\/wp\/v2\/media\/13907"}],"wp:attachment":[{"href":"https:\/\/www.europesays.com\/fi\/wp-json\/wp\/v2\/media?parent=13906"}],"wp:term":[{"taxonomy":"category","embeddable":true,"href":"https:\/\/www.europesays.com\/fi\/wp-json\/wp\/v2\/categories?post=13906"},{"taxonomy":"post_tag","embeddable":true,"href":"https:\/\/www.europesays.com\/fi\/wp-json\/wp\/v2\/tags?post=13906"}],"curies":[{"name":"wp","href":"https:\/\/api.w.org\/{rel}","templated":true}]}}