{"id":139062,"date":"2026-01-11T00:01:07","date_gmt":"2026-01-11T00:01:07","guid":{"rendered":"https:\/\/www.europesays.com\/fi\/139062\/"},"modified":"2026-01-11T00:01:07","modified_gmt":"2026-01-11T00:01:07","slug":"usa-sanoo-tehneensa-laajamittaisia-hyokkayksia-isisia-vastaan-syyriassa-uutisia-lyhyesti","status":"publish","type":"post","link":"https:\/\/www.europesays.com\/fi\/139062\/","title":{"rendered":"USA sanoo tehneens\u00e4 laajamittaisia hy\u00f6kk\u00e4yksi\u00e4 Isisi\u00e4 vastaan Syyriassa | Uutisia lyhyesti"},"content":{"rendered":"<p>10.1. 23:49\u2022P\u00e4ivitetty 10.1. 23:53<\/p>\n<p class=\"aw-1gybjub aw-1p7kakr kEtdKx cEmitX yle__article__paragraph\">Yhdysvallat teki lauantaina laajamittaisia iskuja terroristij\u00e4rjest\u00f6 Isisi\u00e4 vastaan Syyriassa, sanoo Yhdysvaltain L\u00e4hi-id\u00e4n-joukkojen komentokeskus Centcom.<\/p>\n<p class=\"aw-1gybjub aw-1p7kakr kEtdKx cEmitX yle__article__paragraph\">Iskut olivat uusin vastaus viime kuussa tapahtuneeseen <a class=\"aw-iao6s4 iHOxEa yle__article__link\" href=\"https:\/\/yle.fi\/a\/74-20199627\" role=\"link\" rel=\"nofollow noopener\" target=\"_blank\">hy\u00f6kk\u00e4ykseen<\/a>, jossa kuoli kaksi amerikkalaissotilasta ja yksi tulkki.<\/p>\n<p class=\"aw-1gybjub aw-1p7kakr kEtdKx cEmitX yle__article__paragraph\">Lauantaiset iskut kohdistuivat Isisiin eri puolilla Syyriaa ja ovat osa Hawkeye Strike -operaatiota, jonka presidentti <strong class=\"aw-ak79eh KyCXm yle__article__strong\">Donald Trump<\/strong> k\u00e4ynnisti joulukuussa, sanoo Centcom <a class=\"aw-iao6s4 iHOxEa yle__article__link\" href=\"https:\/\/x.com\/CENTCOM\/status\/2010089772120002721\" role=\"link\" rel=\"nofollow\">lausunnossaan<\/a> viestipalvelu X:ss\u00e4.<\/p>\n<p class=\"aw-1gybjub aw-1p7kakr kEtdKx cEmitX yle__article__paragraph\">Yhdysvallat suoritti saman operaation puitteissa edellisen<a class=\"aw-iao6s4 iHOxEa yle__article__link\" href=\"https:\/\/yle.fi\/a\/74-20200936\" role=\"link\" rel=\"nofollow noopener\" target=\"_blank\"> iskusarjan<\/a> viime kuussa, jolloin kymmeni\u00e4 Isisin kohteita tuhottiin.<\/p>\n<p class=\"aw-1gybjub aw-1p7kakr kEtdKx cEmitX yle__article__paragraph\">L\u00e4hde: AFP<\/p>\n","protected":false},"excerpt":{"rendered":"10.1. 23:49\u2022P\u00e4ivitetty 10.1. 23:53 Yhdysvallat teki lauantaina laajamittaisia iskuja terroristij\u00e4rjest\u00f6 Isisi\u00e4 vastaan Syyriassa, sanoo Yhdysvaltain L\u00e4hi-id\u00e4n-joukkojen komentokeskus Centcom.&hellip;\n","protected":false},"author":2,"featured_media":74,"comment_status":"","ping_status":"","sticky":false,"template":"","format":"standard","meta":{"footnotes":""},"categories":[5],"tags":[22,23,26,27,33,31,30,17,13388,4258,24,25,28,29,15,18,21,32,4246,19,20,56,16,619],"class_list":{"0":"post-139062","1":"post","2":"type-post","3":"status-publish","4":"format-standard","5":"has-post-thumbnail","7":"category-otsikot","8":"tag-breaking-news","9":"tag-breakingnews","10":"tag-featured-news","11":"tag-featurednews","12":"tag-fi","13":"tag-finland","14":"tag-finnish","15":"tag-headlines","16":"tag-isis","17":"tag-konfliktit","18":"tag-latest-news","19":"tag-latestnews","20":"tag-main-news","21":"tag-mainnews","22":"tag-news","23":"tag-otsikot","24":"tag-paauutiset","25":"tag-suomi","26":"tag-syyria","27":"tag-top-stories","28":"tag-topstories","29":"tag-ulkomaat","30":"tag-uutiset","31":"tag-yhdysvallat"},"share_on_mastodon":{"url":"https:\/\/pubeurope.com\/@fi\/115873531951084365","error":""},"_links":{"self":[{"href":"https:\/\/www.europesays.com\/fi\/wp-json\/wp\/v2\/posts\/139062","targetHints":{"allow":["GET"]}}],"collection":[{"href":"https:\/\/www.europesays.com\/fi\/wp-json\/wp\/v2\/posts"}],"about":[{"href":"https:\/\/www.europesays.com\/fi\/wp-json\/wp\/v2\/types\/post"}],"author":[{"embeddable":true,"href":"https:\/\/www.europesays.com\/fi\/wp-json\/wp\/v2\/users\/2"}],"replies":[{"embeddable":true,"href":"https:\/\/www.europesays.com\/fi\/wp-json\/wp\/v2\/comments?post=139062"}],"version-history":[{"count":0,"href":"https:\/\/www.europesays.com\/fi\/wp-json\/wp\/v2\/posts\/139062\/revisions"}],"wp:featuredmedia":[{"embeddable":true,"href":"https:\/\/www.europesays.com\/fi\/wp-json\/wp\/v2\/media\/74"}],"wp:attachment":[{"href":"https:\/\/www.europesays.com\/fi\/wp-json\/wp\/v2\/media?parent=139062"}],"wp:term":[{"taxonomy":"category","embeddable":true,"href":"https:\/\/www.europesays.com\/fi\/wp-json\/wp\/v2\/categories?post=139062"},{"taxonomy":"post_tag","embeddable":true,"href":"https:\/\/www.europesays.com\/fi\/wp-json\/wp\/v2\/tags?post=139062"}],"curies":[{"name":"wp","href":"https:\/\/api.w.org\/{rel}","templated":true}]}}