{"id":139063,"date":"2026-01-11T00:13:10","date_gmt":"2026-01-11T00:13:10","guid":{"rendered":"https:\/\/www.europesays.com\/fi\/139063\/"},"modified":"2026-01-11T00:13:10","modified_gmt":"2026-01-11T00:13:10","slug":"laihtunut-akseli-herlevi-arahtaa-kyselijoille-ei-kiinnosta-patkaakaan","status":"publish","type":"post","link":"https:\/\/www.europesays.com\/fi\/139063\/","title":{"rendered":"Laihtunut Akseli Herlevi \u00e4r\u00e4ht\u00e4\u00e4 kyselij\u00f6ille: \u201dEi kiinnosta p\u00e4tk\u00e4\u00e4k\u00e4\u00e4n\u201d"},"content":{"rendered":"<p>Elintavoissaan muutoksia parempaan tehnyt <strong>Akseli Herlevi <\/strong>on ottanut julkaisussaan aiheeksi painon. H\u00e4n kertoo saavansa jonkin verran siihen liittyvi\u00e4 kysymyksi\u00e4.<\/p>\n<p>Lue my\u00f6s: <a href=\"https:\/\/www.como.fi\/uutiset\/akseli-herlevilta-painavat-sanat-millaan-muulla-ei-oo-p-kankaan-merkitysta\/\" title=\"Akseli Herlevilt\u00e4 painavat sanat: \u201dMill\u00e4\u00e4n muulla ei oo p-kankaan merkityst\u00e4!\u201d\" class=\"underline-custom !font-montserrat !font-bold !underline-offset-4 !decoration-4 !decoration-red-600 !text-md\" rel=\"nofollow noopener\" target=\"_blank\">Akseli Herlevilt\u00e4 painavat sanat: \u201dMill\u00e4\u00e4n muulla ei oo p-kankaan merkityst\u00e4!\u201d<\/a><\/p>\n<p>\u2013 Kyll\u00e4h\u00e4n sit\u00e4 jonkun verran kysell\u00e4\u00e4n. Paljonko on tippunut paino, paljonko on paino, paljonko olet laihtunut? ja niin edelleen. Paino ei ole mit\u00e4\u00e4n muuta kuin massan yksikk\u00f6. Jos puhutaan kiloista, niin minun mielest\u00e4ni kyseess\u00e4 on yht\u00e4 \u201dtyhm\u00e4\u201d yksikk\u00f6 kuin kalorit, toteaa Herlevi.<\/p>\n<p>Akselin mielest\u00e4 painolla ei ole v\u00e4li\u00e4, eik\u00e4 h\u00e4n aio en\u00e4\u00e4 vastata painoonsa liittyviin kysymyksiin.<\/p>\n<p>Lue my\u00f6s: <a href=\"https:\/\/www.como.fi\/uutiset\/akseli-herlevin-elamanmuutos-otti-lisaa-kierroksia-tekee-nyt-jotain-huikeaa\/\" title=\"Akseli Herlevin el\u00e4m\u00e4nmuutos otti lis\u00e4\u00e4 kierroksia \u2013 tekee nyt jotain huikeaa\" class=\"underline-custom !font-montserrat !font-bold !underline-offset-4 !decoration-4 !decoration-red-600 !text-md\" rel=\"nofollow noopener\" target=\"_blank\">Akseli Herlevin el\u00e4m\u00e4nmuutos otti lis\u00e4\u00e4 kierroksia \u2013 tekee nyt jotain huikeaa<\/a><\/p>\n<p>Lue my\u00f6s: <a href=\"https:\/\/www.como.fi\/uutiset\/akseli-herlevi-julkaisi-kasvokuvan-seuraajat-ihmeissaan\/\" title=\"Akseli Herlevi julkaisi kasvokuvan \u2013 seuraajat ihmeiss\u00e4\u00e4n\" class=\"underline-custom !font-montserrat !font-bold !underline-offset-4 !decoration-4 !decoration-red-600 !text-md\" rel=\"nofollow noopener\" target=\"_blank\">Akseli Herlevi julkaisi kasvokuvan \u2013 seuraajat ihmeiss\u00e4\u00e4n<\/a><\/p>\n<p>\u2013 En jatkossa vastaa en\u00e4\u00e4 painoon liittyviin kysymyksiin, koska ei kiinnosta p\u00e4tk\u00e4\u00e4k\u00e4\u00e4n, \u00e4r\u00e4ht\u00e4\u00e4 Herlevi.<\/p>\n<p>\u2013 Sen sijaan olen p\u00e4ivitt\u00e4in hyv\u00e4 itselleni ruoan, levon ja treenin puolesta. Tulosta pukkaa! jatkaa h\u00e4n viel\u00e4.<\/p>\n<p>Julkaisun kuvassa n\u00e4hd\u00e4\u00e4n hyvin paljon kaventunut Herlevi. Painoa on varmasti pudonnut, vaikka h\u00e4n ei aiokaan sit\u00e4 en\u00e4\u00e4 huomioida.<\/p>\n<p>\u2013 Painon m\u00e4\u00e4r\u00e4 ei ole merkityksellist\u00e4 eik\u00e4 kiinnostavaa sellaisenaan, koska se on pelk\u00e4st\u00e4\u00e4n massan mitta. Se ei ota kantaa kehon koostumukseen, veden, lihasmassan, rasvan, luuston ja muun m\u00e4\u00e4riin,\u00a0muistuttaa Herlevi.<\/p>\n<p><a href=\"https:\/\/www.instagram.com\/p\/DTSIYsQgndT\/?utm_source=ig_web_copy_link&amp;igsh=MzRlODBiNWFlZA==\" target=\"_blank\" rel=\"noreferrer noopener nofollow\">Herlevin julkaisu n\u00e4kyy t\u00e4ss\u00e4 alla<\/a> ja t\u00e4\u00e4ll\u00e4.<\/p>\n<p>Lue my\u00f6s: <a href=\"https:\/\/www.como.fi\/tilaa-comon-uutiskirje\/\" title=\"Tilaa Comon uutiskirje ja tied\u00e4t mist\u00e4 kahvitauolla puhutaan! Nappaa kotimaan tv-vinkit ja puheenaiheet suoraan s\u00e4hk\u00f6postiin t\u00e4st\u00e4.\" class=\"underline-custom !font-montserrat !font-bold !underline-offset-4 !decoration-4 !decoration-red-600 !text-md\" rel=\"nofollow noopener\" target=\"_blank\">Tilaa Comon uutiskirje ja tied\u00e4t mist\u00e4 kahvitauolla puhutaan! Nappaa kotimaan tv-vinkit ja puheenaiheet suoraan s\u00e4hk\u00f6postiin t\u00e4st\u00e4.<\/a><\/p>\n<p>\t\t\t\t<script async src=\"\/\/www.instagram.com\/embed.js\"><\/script><\/p>\n","protected":false},"excerpt":{"rendered":"Elintavoissaan muutoksia parempaan tehnyt Akseli Herlevi on ottanut julkaisussaan aiheeksi painon. H\u00e4n kertoo saavansa jonkin verran siihen liittyvi\u00e4&hellip;\n","protected":false},"author":2,"featured_media":139064,"comment_status":"","ping_status":"","sticky":false,"template":"","format":"standard","meta":{"footnotes":""},"categories":[136],"tags":[2997,407,137,33,31,30,408,32,109],"class_list":{"0":"post-139063","1":"post","2":"type-post","3":"status-publish","4":"format-standard","5":"has-post-thumbnail","7":"category-julkkikset","8":"tag-akseli-herlevi","9":"tag-celebrities","10":"tag-entertainment","11":"tag-fi","12":"tag-finland","13":"tag-finnish","14":"tag-julkkikset","15":"tag-suomi","16":"tag-viihde"},"share_on_mastodon":{"url":"https:\/\/pubeurope.com\/@fi\/115873579181410825","error":""},"_links":{"self":[{"href":"https:\/\/www.europesays.com\/fi\/wp-json\/wp\/v2\/posts\/139063","targetHints":{"allow":["GET"]}}],"collection":[{"href":"https:\/\/www.europesays.com\/fi\/wp-json\/wp\/v2\/posts"}],"about":[{"href":"https:\/\/www.europesays.com\/fi\/wp-json\/wp\/v2\/types\/post"}],"author":[{"embeddable":true,"href":"https:\/\/www.europesays.com\/fi\/wp-json\/wp\/v2\/users\/2"}],"replies":[{"embeddable":true,"href":"https:\/\/www.europesays.com\/fi\/wp-json\/wp\/v2\/comments?post=139063"}],"version-history":[{"count":0,"href":"https:\/\/www.europesays.com\/fi\/wp-json\/wp\/v2\/posts\/139063\/revisions"}],"wp:featuredmedia":[{"embeddable":true,"href":"https:\/\/www.europesays.com\/fi\/wp-json\/wp\/v2\/media\/139064"}],"wp:attachment":[{"href":"https:\/\/www.europesays.com\/fi\/wp-json\/wp\/v2\/media?parent=139063"}],"wp:term":[{"taxonomy":"category","embeddable":true,"href":"https:\/\/www.europesays.com\/fi\/wp-json\/wp\/v2\/categories?post=139063"},{"taxonomy":"post_tag","embeddable":true,"href":"https:\/\/www.europesays.com\/fi\/wp-json\/wp\/v2\/tags?post=139063"}],"curies":[{"name":"wp","href":"https:\/\/api.w.org\/{rel}","templated":true}]}}