{"id":139065,"date":"2026-01-11T00:20:10","date_gmt":"2026-01-11T00:20:10","guid":{"rendered":"https:\/\/www.europesays.com\/fi\/139065\/"},"modified":"2026-01-11T00:20:10","modified_gmt":"2026-01-11T00:20:10","slug":"onko-assat-kriisissa-matka-sinne-on-enaa-ainakin-kovin-lyhyt","status":"publish","type":"post","link":"https:\/\/www.europesays.com\/fi\/139065\/","title":{"rendered":"Onko \u00c4ss\u00e4t kriisiss\u00e4? \u2013 Matka sinne on en\u00e4\u00e4 ainakin kovin lyhyt"},"content":{"rendered":"<p>\u00c4ss\u00e4t pelasi Tapparaa vastaan kaksi surkeaa toista er\u00e4\u00e4. Ongelmat ovat kuitenkin olleet pidempiaikaisia kuin yksitt\u00e4iset pelit. Edess\u00e4 on viel\u00e4 huomattavan vaikeita otteluita.<\/p>\n<p>10.1. 20:20<\/p>\n<p class=\"article-body mb-nof-24 px-nof-16\">Pori<\/p>\n<p class=\"article-body nof-ui-body-medium mb-nof-24 px-nof-16\">\u00c4ss\u00e4t\u2013Tappara 1\u20135<\/p>\n<p class=\"article-body mb-nof-24 px-nof-16\">Nyt on aika esitt\u00e4\u00e4 isoja kysymyksi\u00e4 \u00c4ssien pelaamisesta.<\/p>\n<p class=\"article-body mb-nof-24 px-nof-16\">Se suurin kysymys lienee lopulta hyvinkin yksinkertainen. Onko \u00c4ss\u00e4t kriisiss\u00e4?<\/p>\n<p class=\"article-body mb-nof-24 px-nof-16\">Tosiasiat ovat t\u00e4ll\u00e4 hetkell\u00e4 joukkueen kannalta varsin kammottavat. Ne ovat olleet synkki\u00e4 jo useamman kuukauden, mutta viikonlopun tapahtumat v\u00e4rj\u00e4siv\u00e4t kokonaisuuden mustaksi.<\/p>\n","protected":false},"excerpt":{"rendered":"\u00c4ss\u00e4t pelasi Tapparaa vastaan kaksi surkeaa toista er\u00e4\u00e4. Ongelmat ovat kuitenkin olleet pidempiaikaisia kuin yksitt\u00e4iset pelit. Edess\u00e4 on&hellip;\n","protected":false},"author":2,"featured_media":139066,"comment_status":"","ping_status":"","sticky":false,"template":"","format":"standard","meta":{"footnotes":""},"categories":[158],"tags":[33,31,30,80,159,32,160],"class_list":{"0":"post-139065","1":"post","2":"type-post","3":"status-publish","4":"format-standard","5":"has-post-thumbnail","7":"category-urheilu","8":"tag-fi","9":"tag-finland","10":"tag-finnish","11":"tag-satakunnan-kansa","12":"tag-sports","13":"tag-suomi","14":"tag-urheilu"},"share_on_mastodon":{"url":"https:\/\/pubeurope.com\/@fi\/115873606855286629","error":""},"_links":{"self":[{"href":"https:\/\/www.europesays.com\/fi\/wp-json\/wp\/v2\/posts\/139065","targetHints":{"allow":["GET"]}}],"collection":[{"href":"https:\/\/www.europesays.com\/fi\/wp-json\/wp\/v2\/posts"}],"about":[{"href":"https:\/\/www.europesays.com\/fi\/wp-json\/wp\/v2\/types\/post"}],"author":[{"embeddable":true,"href":"https:\/\/www.europesays.com\/fi\/wp-json\/wp\/v2\/users\/2"}],"replies":[{"embeddable":true,"href":"https:\/\/www.europesays.com\/fi\/wp-json\/wp\/v2\/comments?post=139065"}],"version-history":[{"count":0,"href":"https:\/\/www.europesays.com\/fi\/wp-json\/wp\/v2\/posts\/139065\/revisions"}],"wp:featuredmedia":[{"embeddable":true,"href":"https:\/\/www.europesays.com\/fi\/wp-json\/wp\/v2\/media\/139066"}],"wp:attachment":[{"href":"https:\/\/www.europesays.com\/fi\/wp-json\/wp\/v2\/media?parent=139065"}],"wp:term":[{"taxonomy":"category","embeddable":true,"href":"https:\/\/www.europesays.com\/fi\/wp-json\/wp\/v2\/categories?post=139065"},{"taxonomy":"post_tag","embeddable":true,"href":"https:\/\/www.europesays.com\/fi\/wp-json\/wp\/v2\/tags?post=139065"}],"curies":[{"name":"wp","href":"https:\/\/api.w.org\/{rel}","templated":true}]}}