{"id":139071,"date":"2026-01-11T00:25:12","date_gmt":"2026-01-11T00:25:12","guid":{"rendered":"https:\/\/www.europesays.com\/fi\/139071\/"},"modified":"2026-01-11T00:25:12","modified_gmt":"2026-01-11T00:25:12","slug":"kreikan-vakavan-junaturman-uhrin-aiti-perustaa-uuden-puolueen-uutisia-lyhyesti","status":"publish","type":"post","link":"https:\/\/www.europesays.com\/fi\/139071\/","title":{"rendered":"Kreikan vakavan junaturman uhrin \u00e4iti perustaa uuden puolueen | Uutisia lyhyesti"},"content":{"rendered":"<p class=\"aw-1gybjub aw-5vja16 kEtdKx kmuxyA yle__article__paragraph\">Junaturman uhrien perheet syytt\u00e4v\u00e4t viranomaisia ja hallitusta onnettomuuden peittelyst\u00e4. <\/p>\n<p><img decoding=\"async\" alt=\"Maria Karystianou puhujap\u00f6nt\u00f6ss\u00e4, katsoo yl\u00e4viistoon ja pit\u00e4\u00e4 k\u00e4tt\u00e4 rinnallaan. \" src=\"https:\/\/www.europesays.com\/fi\/wp-content\/uploads\/2026\/01\/39-157953069623627e4d98.jpeg\" class=\"aw-1l9m598 hKVVvP\"\/><\/p>\n<p>Avaa kuvien katselu<\/p>\n<p>Maria Karystianou puhui 6.9. mielenosoituksessa, jossa vaadittiin oikeutta Tempin junaturman uhreille. Kuva: Alexandros Vlachos \/ EPA<\/p>\n<p>10.1. 13:16\u2022P\u00e4ivitetty 10.1. 13:16<\/p>\n<p class=\"aw-1gybjub aw-1p7kakr kEtdKx cEmitX yle__article__paragraph\"><strong class=\"aw-ak79eh KyCXm yle__article__strong\">Maria Karystianou<\/strong> menetti tytt\u00e4rens\u00e4 Kreikan historian pahimmassa junaturmassa Tempiss\u00e4 vuonna 2023. Matkustajajunan ja tavarajunan t\u00f6rm\u00e4yksess\u00e4 kuoli 57 ihmist\u00e4.<\/p>\n<p class=\"aw-1gybjub aw-1p7kakr kEtdKx cEmitX yle__article__paragraph\">57-vuotias Maria Karystianou ilmoitti perustavansa poliittisen liikkeen, jonka tarkoituksena on vastustaa korruptiota.<\/p>\n<p class=\"aw-1gybjub aw-1p7kakr kEtdKx cEmitX yle__article__paragraph\">Mielipidetiedustelujen mukaan puolue on saamassa vahvan alun, se voisi hamuta \u00e4\u00e4nist\u00e4 10-30 prosenttia.<\/p>\n<p class=\"aw-1gybjub aw-1p7kakr kEtdKx cEmitX yle__article__paragraph\">Omaisten mukaan arvokasta todistusaineistoa tuhoutui, kun onnettomuuspaikka jyr\u00e4ttiin kaivinkoneilla pian t\u00f6rm\u00e4yksen j\u00e4lkeen.<\/p>\n<p class=\"aw-1gybjub aw-1p7kakr kEtdKx cEmitX yle__article__paragraph\">Oikeudenk\u00e4ynti alkaa maaliskuussa. Syytettyjen penkill\u00e4 on l\u00e4hes 40 ihmist\u00e4, heid\u00e4n joukossaan asemap\u00e4\u00e4llikk\u00f6 ja useita virkamiehi\u00e4.<\/p>\n<p class=\"aw-1gybjub aw-1p7kakr kEtdKx cEmitX yle__article__paragraph\">AFP<\/p>\n","protected":false},"excerpt":{"rendered":"Junaturman uhrien perheet syytt\u00e4v\u00e4t viranomaisia ja hallitusta onnettomuuden peittelyst\u00e4. Avaa kuvien katselu Maria Karystianou puhui 6.9. mielenosoituksessa, jossa&hellip;\n","protected":false},"author":2,"featured_media":139072,"comment_status":"","ping_status":"","sticky":false,"template":"","format":"standard","meta":{"footnotes":""},"categories":[14],"tags":[22,23,26,27,33,31,30,17,3351,24,25,28,29,15,837,18,21,18655,32,19,20,56,16,59,60,61],"class_list":{"0":"post-139071","1":"post","2":"type-post","3":"status-publish","4":"format-standard","5":"has-post-thumbnail","7":"category-ulkomaat","8":"tag-breaking-news","9":"tag-breakingnews","10":"tag-featured-news","11":"tag-featurednews","12":"tag-fi","13":"tag-finland","14":"tag-finnish","15":"tag-headlines","16":"tag-kreikka","17":"tag-latest-news","18":"tag-latestnews","19":"tag-main-news","20":"tag-mainnews","21":"tag-news","22":"tag-onnettomuudet","23":"tag-otsikot","24":"tag-paauutiset","25":"tag-rautatieonnettomuudet","26":"tag-suomi","27":"tag-top-stories","28":"tag-topstories","29":"tag-ulkomaat","30":"tag-uutiset","31":"tag-world","32":"tag-world-news","33":"tag-worldnews"},"share_on_mastodon":{"url":"https:\/\/pubeurope.com\/@fi\/115873626509218917","error":""},"_links":{"self":[{"href":"https:\/\/www.europesays.com\/fi\/wp-json\/wp\/v2\/posts\/139071","targetHints":{"allow":["GET"]}}],"collection":[{"href":"https:\/\/www.europesays.com\/fi\/wp-json\/wp\/v2\/posts"}],"about":[{"href":"https:\/\/www.europesays.com\/fi\/wp-json\/wp\/v2\/types\/post"}],"author":[{"embeddable":true,"href":"https:\/\/www.europesays.com\/fi\/wp-json\/wp\/v2\/users\/2"}],"replies":[{"embeddable":true,"href":"https:\/\/www.europesays.com\/fi\/wp-json\/wp\/v2\/comments?post=139071"}],"version-history":[{"count":0,"href":"https:\/\/www.europesays.com\/fi\/wp-json\/wp\/v2\/posts\/139071\/revisions"}],"wp:featuredmedia":[{"embeddable":true,"href":"https:\/\/www.europesays.com\/fi\/wp-json\/wp\/v2\/media\/139072"}],"wp:attachment":[{"href":"https:\/\/www.europesays.com\/fi\/wp-json\/wp\/v2\/media?parent=139071"}],"wp:term":[{"taxonomy":"category","embeddable":true,"href":"https:\/\/www.europesays.com\/fi\/wp-json\/wp\/v2\/categories?post=139071"},{"taxonomy":"post_tag","embeddable":true,"href":"https:\/\/www.europesays.com\/fi\/wp-json\/wp\/v2\/tags?post=139071"}],"curies":[{"name":"wp","href":"https:\/\/api.w.org\/{rel}","templated":true}]}}