{"id":139077,"date":"2026-01-11T00:39:08","date_gmt":"2026-01-11T00:39:08","guid":{"rendered":"https:\/\/www.europesays.com\/fi\/139077\/"},"modified":"2026-01-11T00:39:08","modified_gmt":"2026-01-11T00:39:08","slug":"uutta-tietoa-jari-saarion-tilanteesta","status":"publish","type":"post","link":"https:\/\/www.europesays.com\/fi\/139077\/","title":{"rendered":"Uutta tietoa Jari Saarion tilanteesta"},"content":{"rendered":"<p>Pelastustoimet ovat edelleen k\u00e4ynniss\u00e4.<\/p>\n<p><img decoding=\"async\" class=\"image image-show image-preview\" src=\"https:\/\/www.europesays.com\/fi\/wp-content\/uploads\/2026\/01\/3081e28fb9e8d1aa6da1c5e04cca86119951150cecb4230a45a98f943234ef17.jpg\" alt=\"\"\/><img decoding=\"async\" class=\"image image-show\" src=\"https:\/\/www.europesays.com\/fi\/wp-content\/uploads\/2026\/01\/1768091948_383_3081e28fb9e8d1aa6da1c5e04cca86119951150cecb4230a45a98f943234ef17.jpg\" alt=\"\"\/><\/p>\n<p> Jari Saario joutui merih\u00e4t\u00e4\u00e4n Etel\u00e4-Atlantilla. Inka Soveri<\/p>\n<p class=\"paragraph\"><a href=\"https:\/\/www.iltalehti.fi\/henkilot\/Jari Saario\" class=\"article-link-person-page\" rel=\"nofollow noopener\" target=\"_blank\">Jari Saarion<\/a> tilanteesta on saatu uutta tietoa.<\/p>\n<p class=\"paragraph\">Saariolla on nyt n\u00e4k\u00f6yhteys kohti saapuvaa Cymona Eagle -kauppa-alusta.<\/p>\n<p class=\"paragraph\">Asiasta kertoo Saarion tukitiimi Instagramissa.<\/p>\n<p class=\"paragraph\">\u2013 Aluksen miehist\u00f6 on ollut h\u00e4neen yhteydess\u00e4 radiolla, tiimi kertoo.<\/p>\n<p class=\"paragraph\">\u2013 Jari on varautunut aluksen saapumiseen.<\/p>\n<p class=\"paragraph\">Saariolla on k\u00e4yt\u00f6ss\u00e4\u00e4n soihtuja ja h\u00e4t\u00e4raketteja l\u00e4hestymisen varmistamiseksi, julkaisussa kerrotaan.<\/p>\n<p class=\"paragraph\">Saario joutui merih\u00e4t\u00e4\u00e4n perjantaina, kun h\u00e4nen <a href=\"https:\/\/www.iltalehti.fi\/muutlajit\/a9ef7c90-7984-415d-8efd-f04c81351010\" rel=\"nofollow noopener\" target=\"_blank\">aluksensa vaurioitui<\/a> rajussa aallokossa ja kovassa merenk\u00e4ynniss\u00e4.<\/p>\n<p class=\"paragraph\">\u2013 Kyseess\u00e4 on on vaativa ja syrj\u00e4inen merialue, jossa et\u00e4isyydet ovat pitki\u00e4 ja eteneminen vie aikaa, tukitiimi kertoi aiemmin Instagramissa.<\/p>\n<p class=\"paragraph\">\u2013 Kiitos kaikille ajatuksistanne, joita olette l\u00e4hett\u00e4neet Jarille!<\/p>\n<p class=\"paragraph\">Saario on ollut yksinsoutumatkalla Kap Hornista Kapkaupunkiin.<\/p>\n<p class=\"paragraph\">Pelastusoperaatiota on seurattu Suomessa j\u00e4nnityksell\u00e4. Lauantai-iltana kerrottiin, ett\u00e4 Saariota pelastavan aluksen matka <a href=\"https:\/\/www.iltalehti.fi\/muutlajit\/9584185a-b375-490a-ad19-86642b0d34b8\" rel=\"nofollow noopener\" target=\"_blank\">oli hidastunut<\/a>.<\/p>\n<p class=\"paragraph\">Aiemmin lauantaina tukitiimi kuvaili, ett\u00e4 Saarion \u201dtilanne on haastava, mutta ajatus toimii\u201d.<\/p>\n<p class=\"paragraph\">Tukitiimi lupaa jatkaa tilannetietojen p\u00e4ivitt\u00e4mist\u00e4 heti, kun se saa uutta varmistettua tietoa.<\/p>\n<p class=\"paragraph\">Kaksi kertaa maailman ymp\u00e4ri yksin purjehtinut <a href=\"https:\/\/www.iltalehti.fi\/henkilot\/Tapio Lehtinen\" class=\"article-link-person-page\" rel=\"nofollow noopener\" target=\"_blank\">Tapio Lehtinen<\/a> kertoi Iltalehdelle, ett\u00e4 h\u00e4n oli jutellut Saarion kanssa ennen t\u00e4m\u00e4n purjehdusta.<\/p>\n<p class=\"paragraph\">\u2013 Juttelin h\u00e4nen kanssaan ennen t\u00e4t\u00e4 retke\u00e4. Olimme samaa mielt\u00e4 siit\u00e4, ett\u00e4 noin pieni vene noissa olosuhteissa tulee menem\u00e4\u00e4n ymp\u00e4ri useampaan kertaan, purjehtijakonkari <a href=\"https:\/\/www.iltalehti.fi\/muutlajit\/58cec1a9-49ef-4c22-a9d8-dbf149dce14a\" rel=\"nofollow noopener\" target=\"_blank\">kertoi Iltalehdelle<\/a>.<\/p>\n<p class=\"paragraph\">Uutista korjattu 11. tammikuuta 2026 klo 1.54: Leip\u00e4tekstiss\u00e4 kirjoitettiin virheellisesti kahdessa kohdassa, ett\u00e4 tukitiimin p\u00e4ivitykset olisi julkaistu perjantaina. P\u00e4iv\u00e4t muutettu oikeaan muotoon lauantaiksi.<\/p>\n<p class=\"paragraph\">Klo 2.02: Korjattu kirjoitusvirhe kauppa-aluksen nimest\u00e4. Kyseess\u00e4 on Cymona Eagle, ei Symona Eagle.<\/p>\n","protected":false},"excerpt":{"rendered":"Pelastustoimet ovat edelleen k\u00e4ynniss\u00e4. Jari Saario joutui merih\u00e4t\u00e4\u00e4n Etel\u00e4-Atlantilla. Inka Soveri Jari Saarion tilanteesta on saatu uutta tietoa.&hellip;\n","protected":false},"author":2,"featured_media":139078,"comment_status":"","ping_status":"","sticky":false,"template":"","format":"standard","meta":{"footnotes":""},"categories":[136],"tags":[35,407,2110,137,33,31,30,408,2187,121,41,32,2568,109],"class_list":{"0":"post-139077","1":"post","2":"type-post","3":"status-publish","4":"format-standard","5":"has-post-thumbnail","7":"category-julkkikset","8":"tag-24h","9":"tag-celebrities","10":"tag-elamantapa-ja-vapaa-aika","11":"tag-entertainment","12":"tag-fi","13":"tag-finland","14":"tag-finnish","15":"tag-julkkikset","16":"tag-kulkuneuvot","17":"tag-liikenne-ja-kuljetus","18":"tag-liikunta-ja-urheilu","19":"tag-suomi","20":"tag-vesiliikenne","21":"tag-viihde"},"share_on_mastodon":{"url":"https:\/\/pubeurope.com\/@fi\/115873681430272344","error":""},"_links":{"self":[{"href":"https:\/\/www.europesays.com\/fi\/wp-json\/wp\/v2\/posts\/139077","targetHints":{"allow":["GET"]}}],"collection":[{"href":"https:\/\/www.europesays.com\/fi\/wp-json\/wp\/v2\/posts"}],"about":[{"href":"https:\/\/www.europesays.com\/fi\/wp-json\/wp\/v2\/types\/post"}],"author":[{"embeddable":true,"href":"https:\/\/www.europesays.com\/fi\/wp-json\/wp\/v2\/users\/2"}],"replies":[{"embeddable":true,"href":"https:\/\/www.europesays.com\/fi\/wp-json\/wp\/v2\/comments?post=139077"}],"version-history":[{"count":0,"href":"https:\/\/www.europesays.com\/fi\/wp-json\/wp\/v2\/posts\/139077\/revisions"}],"wp:featuredmedia":[{"embeddable":true,"href":"https:\/\/www.europesays.com\/fi\/wp-json\/wp\/v2\/media\/139078"}],"wp:attachment":[{"href":"https:\/\/www.europesays.com\/fi\/wp-json\/wp\/v2\/media?parent=139077"}],"wp:term":[{"taxonomy":"category","embeddable":true,"href":"https:\/\/www.europesays.com\/fi\/wp-json\/wp\/v2\/categories?post=139077"},{"taxonomy":"post_tag","embeddable":true,"href":"https:\/\/www.europesays.com\/fi\/wp-json\/wp\/v2\/tags?post=139077"}],"curies":[{"name":"wp","href":"https:\/\/api.w.org\/{rel}","templated":true}]}}