{"id":13908,"date":"2025-08-23T08:33:08","date_gmt":"2025-08-23T08:33:08","guid":{"rendered":"https:\/\/www.europesays.com\/fi\/13908\/"},"modified":"2025-08-23T08:33:08","modified_gmt":"2025-08-23T08:33:08","slug":"ford-toimitti-viranomaisille-hakemuksen-jonka-sisalto-on-nyt-vuotanut-julkisuuteen-salaisuudet-paljastuivat","status":"publish","type":"post","link":"https:\/\/www.europesays.com\/fi\/13908\/","title":{"rendered":"Ford toimitti viranomaisille hakemuksen, jonka sis\u00e4lt\u00f6 on nyt vuotanut julkisuuteen \u2013 Salaisuudet paljastuivat?"},"content":{"rendered":"<p>Ford on hakenut tuotesuojaa kuudelle nimelle. N\u00e4iden ep\u00e4ill\u00e4\u00e4n liittyv\u00e4n tuloillaan oleviin Fordin uusiin malleihin.<\/p>\n<p><img decoding=\"async\" class=\"image image-show image-preview\" src=\"https:\/\/www.europesays.com\/fi\/wp-content\/uploads\/2025\/08\/6c1c9763cdab7578b552508112a6cdf5184373880bc2e2c305069fd1ee61e1b6.jpg\" alt=\"\"\/><img decoding=\"async\" class=\"image image-show\" src=\"https:\/\/www.europesays.com\/fi\/wp-content\/uploads\/2025\/08\/1755937988_708_6c1c9763cdab7578b552508112a6cdf5184373880bc2e2c305069fd1ee61e1b6.jpg\" alt=\"\"\/><\/p>\n<p>Ford ei ole tuonut paljoakaan uusia mallinimi\u00e4 markkinoille viime aikoina. Kuvassa t\u00e4ysis\u00e4hk\u00f6inen Capri. TIINA SOMERPURO<\/p>\n<p class=\"paragraph\">Euroopan ja Yhdysvaltain patentti- ja nimioikeusviranomaisille j\u00e4tetyt hakemukset paljastavat Fordin hakeneen tuotesuojaa kuudelle tuotenimelle.<\/p>\n<p class=\"paragraph\">Tuotesuojaa haetaan nimille Evos, Fathom, Fuze, Hive ja Mythic. Lis\u00e4ksi hakemuksissa ilmenee nimi Ranchero.<\/p>\n<p class=\"paragraph\">Asiasta kertonut <a href=\"https:\/\/fordauthority.com\/2025\/08\/evos-fathom-fuze-hive-trademark-filings-signal-upcoming-product-onslaught\/\" rel=\"noopener nofollow\" target=\"_blank\">Ford Authority arvelee<\/a>, ett\u00e4 nimet liittyv\u00e4t Fordin tuloillaan oleviin malleihin. Mallit jakavat saman perusrakenteen. Fordin toimitusjohtaja <strong>Jim Farley<\/strong> on kertonut perusrakenteen julkaisun olevan verrattavissa Fordin historiaa tehneen legendaarisen kansanauton Model T:n julkaisuun.<\/p>\n<p class=\"paragraph\">Rancheron ep\u00e4ill\u00e4\u00e4n p\u00e4\u00e4tyv\u00e4n Fordin uuteen s\u00e4hk\u00f6isen avolavan nimikyltiksi. Evos-nimi viittaa luultavimmin uuteen v\u00e4limallin autoon. Kiinan markkinoilla ollutta Fordin v\u00e4limallia on kutsuttu Evos-nimell\u00e4, mutta hiljattain t\u00e4m\u00e4 nimettiin Kiinassa uudelleen Mondeo Sportiksi.<\/p>\n<p>Jotain vanhaa \u2013 Jotain uutta<\/p>\n<p class=\"paragraph\">Ford Authorityn mukaan on mahdollista, ett\u00e4 nimet voivat p\u00e4\u00e4ty\u00e4 kuvaamaan jotain muuta kuin uutta automallia. Ford on viime aikoina kierr\u00e4tt\u00e4nyt enemm\u00e4n vanhoja nimi\u00e4 sen sijaan, ett\u00e4 he toisivat uusia nimi\u00e4 markkinoille.<\/p>\n<p class=\"paragraph\">Asiasta kertonut <a href=\"https:\/\/www.motor1.com\/news\/769571\/ford-ev-name-trademarks\/\" rel=\"noopener nofollow\" target=\"_blank\">Motor1 kertoo<\/a>, ett\u00e4 Fordilla on ollut avoin ty\u00f6paikka \u201dnimikkeist\u00f6n strategille\u201d, mik\u00e4 viittaa siihen, ett\u00e4 valmistajalla on tiedossa br\u00e4ndiuudistus.<\/p>\n<p class=\"paragraph\">Uuden s\u00e4hk\u00f6automalliston hinta sijoittuu Yhdysvalloissa huokeaan 30 000 dollariin. N\u00e4iden kerrotaan tulevan markkinoille vuoden 2027 aikana.<\/p>\n<p>Jim Farley puhui uuden s\u00e4hk\u00f6auton perusrakenteen julkistustilaisuudessa Kentuckyssa. Ford<\/p>\n<p class=\"paragraph\">\u2013 En voi taata sataprosenttisella varmuudella ett\u00e4 kaikki menee nappiin. T\u00e4ss\u00e4 on omat riskins\u00e4, <a href=\"https:\/\/www.reuters.com\/business\/autos-transportation\/fords-new-line-affordable-evs-start-about-30000-2025-08-11\/\" rel=\"noopener nofollow\" target=\"_blank\">Farley totesi<\/a> malliston julkaisutilaisuudessa.<\/p>\n<p class=\"paragraph\">Fordilla on t\u00e4ll\u00e4 hetkell\u00e4 mallistossaan kuusi s\u00e4hk\u00f6autoa Suomessa: Puma Gen-E, Capri, Explorer, Mustang Mach-E, e-Tourneo Courier sek\u00e4 Tourneo Custom -pakettiauto.<\/p>\n","protected":false},"excerpt":{"rendered":"Ford on hakenut tuotesuojaa kuudelle nimelle. N\u00e4iden ep\u00e4ill\u00e4\u00e4n liittyv\u00e4n tuloillaan oleviin Fordin uusiin malleihin. Ford ei ole tuonut&hellip;\n","protected":false},"author":2,"featured_media":13909,"comment_status":"","ping_status":"","sticky":false,"template":"","format":"standard","meta":{"footnotes":""},"categories":[14],"tags":[35,648,22,23,26,27,33,31,30,17,2763,24,25,121,28,29,82,15,18,21,32,128,19,20,56,16,59,60,61],"class_list":{"0":"post-13908","1":"post","2":"type-post","3":"status-publish","4":"format-standard","5":"has-post-thumbnail","7":"category-ulkomaat","8":"tag-24h","9":"tag-autot","10":"tag-breaking-news","11":"tag-breakingnews","12":"tag-featured-news","13":"tag-featurednews","14":"tag-fi","15":"tag-finland","16":"tag-finnish","17":"tag-headlines","18":"tag-kulkuneuvojen-valmistus","19":"tag-latest-news","20":"tag-latestnews","21":"tag-liikenne-ja-kuljetus","22":"tag-main-news","23":"tag-mainnews","24":"tag-moottoriajoneuvot","25":"tag-news","26":"tag-otsikot","27":"tag-paauutiset","28":"tag-suomi","29":"tag-tieliikenne","30":"tag-top-stories","31":"tag-topstories","32":"tag-ulkomaat","33":"tag-uutiset","34":"tag-world","35":"tag-world-news","36":"tag-worldnews"},"share_on_mastodon":{"url":"","error":""},"_links":{"self":[{"href":"https:\/\/www.europesays.com\/fi\/wp-json\/wp\/v2\/posts\/13908","targetHints":{"allow":["GET"]}}],"collection":[{"href":"https:\/\/www.europesays.com\/fi\/wp-json\/wp\/v2\/posts"}],"about":[{"href":"https:\/\/www.europesays.com\/fi\/wp-json\/wp\/v2\/types\/post"}],"author":[{"embeddable":true,"href":"https:\/\/www.europesays.com\/fi\/wp-json\/wp\/v2\/users\/2"}],"replies":[{"embeddable":true,"href":"https:\/\/www.europesays.com\/fi\/wp-json\/wp\/v2\/comments?post=13908"}],"version-history":[{"count":0,"href":"https:\/\/www.europesays.com\/fi\/wp-json\/wp\/v2\/posts\/13908\/revisions"}],"wp:featuredmedia":[{"embeddable":true,"href":"https:\/\/www.europesays.com\/fi\/wp-json\/wp\/v2\/media\/13909"}],"wp:attachment":[{"href":"https:\/\/www.europesays.com\/fi\/wp-json\/wp\/v2\/media?parent=13908"}],"wp:term":[{"taxonomy":"category","embeddable":true,"href":"https:\/\/www.europesays.com\/fi\/wp-json\/wp\/v2\/categories?post=13908"},{"taxonomy":"post_tag","embeddable":true,"href":"https:\/\/www.europesays.com\/fi\/wp-json\/wp\/v2\/tags?post=13908"}],"curies":[{"name":"wp","href":"https:\/\/api.w.org\/{rel}","templated":true}]}}