{"id":139085,"date":"2026-01-11T00:51:09","date_gmt":"2026-01-11T00:51:09","guid":{"rendered":"https:\/\/www.europesays.com\/fi\/139085\/"},"modified":"2026-01-11T00:51:09","modified_gmt":"2026-01-11T00:51:09","slug":"somekiellot-eivat-ratkaise-kaikkia-ongelmia","status":"publish","type":"post","link":"https:\/\/www.europesays.com\/fi\/139085\/","title":{"rendered":"Somekiellot eiv\u00e4t ratkaise kaikkia ongelmia"},"content":{"rendered":"<p>Kolumni|Sosiaalisen median ik\u00e4rajoja lapsille kaavaillaan ymp\u00e4ri maailmaa ja my\u00f6s Suomessa. Jos ik\u00e4rajoja asetetaan, Suomessa kannattaisi seurata Tanskaan kaavailtua mallia.<\/p>\n<p class=\"article-body nof-ui-body-medium mb-nof-24 px-nof-16\">Kirjoittaja on HS:n kehitysjohtaja.<\/p>\n<p><img decoding=\"async\" src=\"https:\/\/www.europesays.com\/fi\/wp-content\/uploads\/2026\/01\/1768092669_699_320.jpg\" alt=\"\" class=\"_Img_1rerz_1\" style=\"aspect-ratio:1\" loading=\"eager\"\/><\/p>\n<p class=\"article-body mb-nof-24 px-nof-16\">Australiassa tuli joulu\u00adkuussa voimaan laki, joka kielt\u00e4\u00e4 sosiaaliset mediat alle 16-vuotiailta. Kiellettyj\u00e4 ovat Facebook, Instagram, Snapchat, Threads, Tiktok, X, Youtube, Reddit, Kick ja Twitch. Maan hallitus perustelee kieltoa halulla suojella lapsia ruutu\u00adaikaa maksimoivilta some\u00adyrityksilt\u00e4 ja niiden alustoilla levi\u00e4v\u00e4lt\u00e4 haitalliselta sis\u00e4ll\u00f6lt\u00e4.<\/p>\n<p class=\"article-body mb-nof-24 px-nof-16\">Monissa Euroopan ja Aasian maissa sek\u00e4 joissain Yhdys\u00advaltojen osa\u00advaltioissa suunnitellaan tai on jo voimassa saman\u00adlaisia kieltoja. Niin my\u00f6s Tanskassa, Ruotsissa ja Norjassa. P\u00e4\u00e4ministeri <a class=\"font-bold underline-offset-[0.12em] [text-decoration:var(--person-link-text-decoration)] ![text-decoration-color:var(--person-link-text-decoration-color)]\" href=\"https:\/\/www.hs.fi\/haku\/?query=Petteri%20Orpo\" rel=\"nofollow noopener\" target=\"_blank\">Petteri Orpo<\/a> (kok) ajaa niit\u00e4 my\u00f6s Suomeen. Uutissuomalaisen gallupin mukaan 62 prosenttia suomalaisista kannattaa sosiaalisen median kielt\u00e4mist\u00e4 alle 15-vuotiailta.<\/p>\n<p class=\"article-body mb-nof-24 px-nof-16\">T\u00e4st\u00e4 on tulossa somekieltojen vuosi.<\/p>\n<p class=\"article-body mb-nof-24 px-nof-16\">Parin viime vuoden aikana vahvistunut tarve kieltoihin johtuu teknoyhti\u00f6iden h\u00e4ik\u00e4ilem\u00e4tt\u00f6myydest\u00e4. Ruutujen koukuttavuus ei ole vahinko, vaan somealustojen mainosmyynnin ydint\u00e4. Rajoitukset v\u00e4hent\u00e4isiv\u00e4t voittoja, joten niit\u00e4 vastaan lobataan kiivaasti. Yksil\u00f6t ja yhteiskunnat k\u00e4rsiv\u00e4t haitat, kuten mielenterveysongelmien lis\u00e4\u00e4ntymisen.<\/p>\n<p class=\"article-body mb-nof-24 px-nof-16\">Pohjimmiltaan kyse on siit\u00e4, ett\u00e4 lasten haluttaisiin tekev\u00e4n jotain muuta kuin katsovan ruutua. Pit\u00e4isi tavata kavereita, leikki\u00e4, liikkua ja vain olla lapsia. Sen est\u00e4\u00e4 k\u00e4nnykk\u00e4ruuudun addiktiivisuus, joka n\u00e4kyy selv\u00e4sti my\u00f6s aikuisissa.<\/p>\n<p class=\"article-body mb-nof-24 px-nof-16\">Lapset ovat aikuisia helpommin manipuloitavia ja haavoittuvampia. Tampereella joulukuussa radiomastosta Tiktok-haasteen takia pudonnut ja kuollut lapsi on surullinen esimerkki siit\u00e4, ett\u00e4 yhti\u00f6t eiv\u00e4t kanna vastuutaan.<\/p>\n<p class=\"article-body mb-nof-24 px-nof-16\">Verkkorikollisuus, tyt\u00f6ille peniskuvia l\u00e4hett\u00e4v\u00e4t miehet ja verkkokiusaaminen ovat kaikki lasten digiarkea.<\/p>\n<p class=\"article-body mb-nof-24 px-nof-16\">Ongelmista on selv\u00e4 k\u00e4sitys, mutta on paljon ep\u00e4varmempaa, ratkaiseeko ik\u00e4raja niit\u00e4.<\/p>\n<p class=\"article-body mb-nof-24 px-nof-16\">Estojen helppo kierrett\u00e4vyys on ilmeinen vastav\u00e4ite. Australian p\u00e4\u00e4ministeri <a class=\"font-bold underline-offset-[0.12em] [text-decoration:var(--person-link-text-decoration)] ![text-decoration-color:var(--person-link-text-decoration-color)]\" href=\"https:\/\/www.hs.fi\/haku\/?query=Anthony%20Albanese\" rel=\"nofollow noopener\" target=\"_blank\">Anthony Albanese<\/a> on sanonut, ettei alkoholiin liittyv\u00e4 ik\u00e4rajakaan ole t\u00e4ydellinen, mutta se kannattaa. Albanese pit\u00e4\u00e4 ik\u00e4rajoja vanhempien k\u00e4yt\u00f6ss\u00e4 olevana ty\u00f6kaluna.<\/p>\n<p class=\"article-body mb-nof-24 px-nof-16\">YK:n lastenj\u00e4rjest\u00f6 Unicef muistuttaa, ett\u00e4 kieltojen taustalla oleva sin\u00e4ns\u00e4 hyv\u00e4 pyrkimys voi k\u00e4\u00e4nty\u00e4 itse\u00e4\u00e4n vastaan. Etenkin v\u00e4hemmist\u00f6ihin kuuluville nuorille sosiaalinen media on tuonut lohtua ja parantanut heid\u00e4n oloaan. Ennen kaupungit tarjosivat hengitystilaa v\u00e4hemmist\u00f6ille ja p\u00e4\u00e4h\u00e4n potkituille. Nyt he l\u00f6yt\u00e4v\u00e4t kaltaisiaan sosiaalisesta mediasta.<\/p>\n<blockquote class=\"p-[var(--citation-padding)] m-[var(--citation-margin)] border-y-[length:var(--citation-border-width)] border-y-[color:var(--citation-border-color)]\">\n<p>Rajoitukset voivat my\u00f6s vaikeuttaa valvontaa.<\/p>\n<\/blockquote>\n<p class=\"article-body mb-nof-24 px-nof-16\">Jos ruutuaika on huolena, pit\u00e4isi puhua my\u00f6s peleist\u00e4. Instagramin kielto iskisi tytt\u00f6ihin, mutta ei poikiin. Pelit ovat aivan yht\u00e4 addiktiivisia, ja Supercellin tuotteet ovat koukuttavuudessaan yht\u00e4 pahoja kuin someyritysten tarjonta.<\/p>\n<p class=\"article-body mb-nof-24 px-nof-16\">Rajoitukset voivat my\u00f6s vaikeuttaa valvontaa. Australiassa kielto toteutetaan sulkemalla alle 16-vuotaiden tilit. Esimerkiksi Youtubea voi katsoa my\u00f6s ilman tili\u00e4.<\/p>\n<p class=\"article-body mb-nof-24 px-nof-16\">Teoriassa ik\u00e4raja est\u00e4\u00e4 sosiaalisen median k\u00e4yt\u00f6n nuorilta, mutta k\u00e4yt\u00e4nn\u00f6ss\u00e4 se vie sen vanhempien luvan taakse<\/p>\n<p class=\"article-body mb-nof-24 px-nof-16\">Siksi Suomenkin mahdollisissa ik\u00e4rajoissa kannattaisi seurata Tanskaan kaavailtua mallia. Siin\u00e4 vanhemmat voivat sallia lapselleen somen k\u00e4yt\u00f6n, vaikka h\u00e4n ei olisi viel\u00e4 ehtinyt vaadittuun ik\u00e4\u00e4n. Lapset kasvavat kovin eri tahtia ja heill\u00e4 on erilaisia tarpeita. Siksi vanhemmilla pit\u00e4\u00e4 olla mahdollisuus kasvattaa lastaan niin kuin parhaaksi n\u00e4kev\u00e4t.<\/p>\n<p class=\"article-body mb-nof-24 px-nof-16\">Ei pid\u00e4 my\u00f6sk\u00e4\u00e4n ajatella, ett\u00e4 koko ongelma ratkaistaan vain yhdell\u00e4 teolla. Ik\u00e4rajojen lis\u00e4ksi pit\u00e4isi olla rohkeutta rajoittaa muidenkin kuin lasten toimintaa.<\/p>\n<p class=\"article-body mb-nof-24 px-nof-16\">Somealustojen pit\u00e4isi olla vastuussa jakamastaan sis\u00e4ll\u00f6st\u00e4. EU:n yksityisyyslait ovat osoittaneet, ett\u00e4 vain riitt\u00e4v\u00e4n kova taloudellinen uhka pakottaa yhti\u00f6t toimimaan eettisesti. Samalla on n\u00e4hty, ett\u00e4 alustojen toimintaa on mahdollista muuttaa.<\/p>\n<p class=\"article-body mb-nof-24 px-nof-16\">Puhelinten valmistajien, Googlen ja Applen pit\u00e4isi tarjota helpot, toimivat ja selke\u00e4t ty\u00f6kalut vanhemmille, jotta he voisivat rajoittaa sovellusten ja sis\u00e4lt\u00f6jen \u2013 my\u00f6s pelien ja kovaa vauhtia tulossa olevien teko\u00e4lysovellusten \u2013 k\u00e4ytt\u00f6\u00e4. Kuinka monta tuntia lapsi saa ch\u00e4tt\u00e4ill\u00e4 teko\u00e4lykaverinsa kanssa?<\/p>\n","protected":false},"excerpt":{"rendered":"Kolumni|Sosiaalisen median ik\u00e4rajoja lapsille kaavaillaan ymp\u00e4ri maailmaa ja my\u00f6s Suomessa. Jos ik\u00e4rajoja asetetaan, Suomessa kannattaisi seurata Tanskaan kaavailtua&hellip;\n","protected":false},"author":2,"featured_media":27722,"comment_status":"","ping_status":"","sticky":false,"template":"","format":"standard","meta":{"footnotes":""},"categories":[14],"tags":[22,23,26,27,33,31,30,17,46,24,25,28,29,15,18,21,32,19,20,56,16,59,60,61],"class_list":{"0":"post-139085","1":"post","2":"type-post","3":"status-publish","4":"format-standard","5":"has-post-thumbnail","7":"category-ulkomaat","8":"tag-breaking-news","9":"tag-breakingnews","10":"tag-featured-news","11":"tag-featurednews","12":"tag-fi","13":"tag-finland","14":"tag-finnish","15":"tag-headlines","16":"tag-helsingin-sanomat","17":"tag-latest-news","18":"tag-latestnews","19":"tag-main-news","20":"tag-mainnews","21":"tag-news","22":"tag-otsikot","23":"tag-paauutiset","24":"tag-suomi","25":"tag-top-stories","26":"tag-topstories","27":"tag-ulkomaat","28":"tag-uutiset","29":"tag-world","30":"tag-world-news","31":"tag-worldnews"},"share_on_mastodon":{"url":"https:\/\/pubeurope.com\/@fi\/115873728728230074","error":""},"_links":{"self":[{"href":"https:\/\/www.europesays.com\/fi\/wp-json\/wp\/v2\/posts\/139085","targetHints":{"allow":["GET"]}}],"collection":[{"href":"https:\/\/www.europesays.com\/fi\/wp-json\/wp\/v2\/posts"}],"about":[{"href":"https:\/\/www.europesays.com\/fi\/wp-json\/wp\/v2\/types\/post"}],"author":[{"embeddable":true,"href":"https:\/\/www.europesays.com\/fi\/wp-json\/wp\/v2\/users\/2"}],"replies":[{"embeddable":true,"href":"https:\/\/www.europesays.com\/fi\/wp-json\/wp\/v2\/comments?post=139085"}],"version-history":[{"count":0,"href":"https:\/\/www.europesays.com\/fi\/wp-json\/wp\/v2\/posts\/139085\/revisions"}],"wp:featuredmedia":[{"embeddable":true,"href":"https:\/\/www.europesays.com\/fi\/wp-json\/wp\/v2\/media\/27722"}],"wp:attachment":[{"href":"https:\/\/www.europesays.com\/fi\/wp-json\/wp\/v2\/media?parent=139085"}],"wp:term":[{"taxonomy":"category","embeddable":true,"href":"https:\/\/www.europesays.com\/fi\/wp-json\/wp\/v2\/categories?post=139085"},{"taxonomy":"post_tag","embeddable":true,"href":"https:\/\/www.europesays.com\/fi\/wp-json\/wp\/v2\/tags?post=139085"}],"curies":[{"name":"wp","href":"https:\/\/api.w.org\/{rel}","templated":true}]}}