{"id":139098,"date":"2026-01-11T01:17:08","date_gmt":"2026-01-11T01:17:08","guid":{"rendered":"https:\/\/www.europesays.com\/fi\/139098\/"},"modified":"2026-01-11T01:17:08","modified_gmt":"2026-01-11T01:17:08","slug":"eettinen-elain-ei-kohtele-lajitoveriaan-huonosti","status":"publish","type":"post","link":"https:\/\/www.europesays.com\/fi\/139098\/","title":{"rendered":"Eettinen el\u00e4in ei kohtele lajitoveriaan huonosti"},"content":{"rendered":"<p>Essee|Eettisen koodiston muodostuminen teki ihmisest\u00e4 ihmisen. Tuo koodisto pit\u00e4isi kaivaa esiin my\u00f6s t\u00e4ss\u00e4 ajassa, kirjoittaa toimittaja Jani Kaaro.<\/p>\n<p class=\"article-body nof-ui-body-medium mb-nof-24 px-nof-16\">Kirjoittaja on HS:n vieraileva esseisti.<\/p>\n<p class=\"article-body mb-nof-24 px-nof-16\">Sen j\u00e4lkeen kun <a class=\"font-bold underline-offset-[0.12em] [text-decoration:var(--person-link-text-decoration)] ![text-decoration-color:var(--person-link-text-decoration-color)]\" href=\"https:\/\/www.hs.fi\/haku\/?query=Donald%20Trump\" rel=\"nofollow noopener\" target=\"_blank\">Donald Trump<\/a> valittiin Yhdysvalloissa toiselle presidenttikaudelleen, h\u00e4nen tukijoukoistaan alkoi kuulua outoa napinaa empatiasta. Jotkut puhuivat empatian synnist\u00e4. Sill\u00e4 tarkoitettiin, ett\u00e4 vasemmisto ajaa empatian varjolla poliittisia tavoitteita, jotka itse asiassa vahingoittavat ihmisi\u00e4. Toiset taas puhuivat toksisesta empatiasta. Se tarkoitti, ett\u00e4 empatiaan vetoamalla koetettiin manipuloida p\u00e4\u00e4tt\u00e4ji\u00e4 luopumaan esimerkiksi ulkomaanavun leikkauksista.<\/p>\n<p class=\"article-body mb-nof-24 px-nof-16\">Sallikaa minun kysy\u00e4: jos empatia on synti, miten meid\u00e4n sitten pit\u00e4isi t\u00e4\u00e4ll\u00e4 el\u00e4\u00e4 toistemme kanssa? Miten, kun maapallolla on kahdeksan miljardia ihmist\u00e4 ja aina on toisia ihmisi\u00e4, jotka ottavat niin ankarasti pattiin? Viel\u00e4 osuvammin: miten voisimme el\u00e4\u00e4 t\u00e4\u00e4ll\u00e4 toistemme kanssa niin, ett\u00e4 jokaisella olisi parempi olla? Mink\u00e4laisen filosofisen periaatteen varassa voisimme siet\u00e4\u00e4 toisiamme paremmin ja tuntea suurempaa yhteenkuuluvuutta?<\/p>\n<p class=\"article-body mb-nof-24 px-nof-16\">T\u00e4m\u00e4 kysymys ei koske vain t\u00e4t\u00e4 p\u00e4iv\u00e4\u00e4, vaan se on ollut vastattavana aina ja kaikkialla, miss\u00e4 ihmiset ovat yritt\u00e4neet el\u00e4\u00e4 yhdess\u00e4.<\/p>\n<p class=\"article-body mb-nof-24 px-nof-16\">Katsoessamme mit\u00e4 tahansa ihmisyhteis\u00f6\u00e4 \u2013 muinaisia egyptil\u00e4isi\u00e4, antiikin kreikkalaisia, inkoja, navajoja tai igboja \u2013 l\u00f6yd\u00e4mme jokaisesta todisteita siit\u00e4, ett\u00e4 ne ovat taistelleet yll\u00e4 esitetyn kysymyksen kanssa: miten el\u00e4\u00e4 toisten kanssa? Kaikilla ihmisyhteis\u00f6ill\u00e4 on oma eettinen koodistonsa, jonka varassa ne ovat koettaneet el\u00e4\u00e4 rauhanomaisesti ja tuntea yhteenkuuluvuutta. Tunnettuja esimerkkej\u00e4 n\u00e4ist\u00e4 koodeista ovat: \u00c4l\u00e4 tee huorin! \u00c4l\u00e4 himoitse l\u00e4himm\u00e4isesi omaisuutta! Rakasta l\u00e4himm\u00e4ist\u00e4si niin kuin itse\u00e4si! Vanhusten kunnioittaminen on l\u00e4hes universaali eettinen s\u00e4\u00e4nt\u00f6.<\/p>\n<p class=\"article-body mb-nof-24 px-nof-16\">Jos kysyisimme Mooseksen aikalaisilta, mist\u00e4 n\u00e4m\u00e4 k\u00e4skyt tulivat, he vastaisivat, ett\u00e4 Jumalalta. N\u00e4in vastaavat monet uskovaiset edelleen, mutta itse arvelen, ett\u00e4 ensimm\u00e4inen eettinen koodisto oli olemassa jo ennen jumaluskoa, ja se vasta my\u00f6hemmin yhdistettiin jumaliin.<\/p>\n<p class=\"article-body mb-nof-24 px-nof-16\">Filosofit taas ovat etsineet eettisen koodiston alkuper\u00e4\u00e4 ihmisluonnosta, laista, kulttuurista, sosiaalisesta sopimuksesta tai sis\u00e4syntyisest\u00e4 moraalikoodistosta.<\/p>\n<p class=\"article-body mb-nof-24 px-nof-16\">On kolmaskin mahdollisuus: eettinen koodisto on alati k\u00e4ynniss\u00e4 oleva neuvotteluprosessi, ja se kumpuaa yhdess\u00e4 el\u00e4misen jokap\u00e4iv\u00e4isist\u00e4 realiteeteista. Yhdess\u00e4 el\u00e4ess\u00e4mme opimme nopeasti, mit\u00e4 ei voi tehd\u00e4, jos haluamme sopua. Jos haluat rauhaa, et voi ry\u00f6st\u00e4\u00e4 toisen kaatamaa antilooppia ja sy\u00f6d\u00e4 sit\u00e4 itse. Jos haluat sopua, et voi ottaa itsellesi yhteisest\u00e4 potista enemm\u00e4n kuin muut saavat. Jos alistat, n\u00f6yryyt\u00e4t ja h\u00e4p\u00e4iset, saat aikaan vain riitaa, vihaa ja katkeruutta. \u201dTee muille kuten toivot itsellesi teht\u00e4v\u00e4n\u201d on eettinen ohjenuora, jonka monet ihmisyhteis\u00f6t ovat allekirjoittaneet.<\/p>\n<p class=\"article-body mb-nof-24 px-nof-16\">Katsokaamme simpanssiyhteis\u00f6\u00e4. Kun simpanssitutkija <a class=\"font-bold underline-offset-[0.12em] [text-decoration:var(--person-link-text-decoration)] ![text-decoration-color:var(--person-link-text-decoration-color)]\" href=\"https:\/\/www.hs.fi\/haku\/?query=Jane%20Goodallilta\" rel=\"nofollow noopener\" target=\"_blank\">Jane Goodallilta<\/a> kysyttiin, mik\u00e4 on h\u00e4nen lempiel\u00e4imens\u00e4, h\u00e4n vastasi kaikkien kuvittelevan sen olevan simpanssi, mutta se olikin koira. Goodall ei valinnut simpanssia, koska simpanssit voivat olla aika ik\u00e4vi\u00e4 toisilleen.<\/p>\n<p class=\"article-body mb-nof-24 px-nof-16\">Simpanssiyhteis\u00f6n vahvimmat yksil\u00f6t eiv\u00e4t ep\u00e4r\u00f6i k\u00e4ytt\u00e4yty\u00e4 \u00f6ykk\u00e4rim\u00e4isesti heikompiaan kohtaan. Yhteis\u00f6n j\u00e4senet muodostavat \u201dyst\u00e4vyyksi\u00e4\u201d, mutta lojaliteetit ovat heikkoja ja suhteet rikkoutuvat herk\u00e4sti, kun simpansseille tulee riitaa ruoasta tai pariutumiskumppanista. Simpansseilla vaikuttaa kuitenkin olevan jonkinlainen k\u00e4sitys moraalista, sill\u00e4 ne k\u00e4ytt\u00e4v\u00e4t aikaa my\u00f6s hyvittelyyn ja suhteiden korjaamiseen. On kuin ne haluaisivat el\u00e4\u00e4 sopuisasti, mutta primitiiviset impulssit tulevat tielle ja rikkovat lauman rauhan yh\u00e4 uudestaan.<\/p>\n<blockquote class=\"p-[var(--citation-padding)] m-[var(--citation-margin)] border-y-[length:var(--citation-border-width)] border-y-[color:var(--citation-border-color)]\">\n<p>Eettinen el\u00e4in on tehnyt paljon hyv\u00e4\u00e4.<\/p>\n<\/blockquote>\n<p class=\"article-body mb-nof-24 px-nof-16\">My\u00f6s ihmiset ovat el\u00e4neet aikoinaan t\u00e4llaisissa pieniss\u00e4 ryhmiss\u00e4, ja el\u00e4m\u00e4mme on ehk\u00e4 ollut melko simpanssimaista. Filosofi <a class=\"font-bold underline-offset-[0.12em] [text-decoration:var(--person-link-text-decoration)] ![text-decoration-color:var(--person-link-text-decoration-color)]\" href=\"https:\/\/www.hs.fi\/haku\/?query=Philip%20Kitcherin\" rel=\"nofollow noopener\" target=\"_blank\">Philip Kitcherin<\/a> mukaan meist\u00e4 on tullut ihmisi\u00e4 siin\u00e4 mieless\u00e4 kuin nykyisin itsemme tunnemme, kun olemme alkaneet hillit\u00e4 primitiivisi\u00e4 impulssejamme. Olemme ymm\u00e4rt\u00e4neet, ett\u00e4 tietynlainen k\u00e4ytt\u00e4ytyminen rikkoo yhteis\u00f6n sovun, joten meille on kehittynyt estoja k\u00e4ytt\u00e4yty\u00e4 niin. Kun meille on kehittynyt kieli, olemme oppineet pukemaan n\u00e4m\u00e4 estot sanoiksi, jolloin ne on voitu kommunikoida toisille. Kehitimme siis eettisen koodiston.<\/p>\n<p class=\"article-body mb-nof-24 px-nof-16\">Onkin hyv\u00e4 kysymys, olisivatko ihmisyhteis\u00f6t koskaan voineet kehitty\u00e4 simpanssilaumoja suuremmiksi ilman itsehillint\u00e4\u00e4 ja eettist\u00e4 koodistoa. Me kuitenkin kasvoimme, ja kasvaessamme kohtasimme uudenlaisia eettisi\u00e4 kysymyksi\u00e4, joita koetimme ratkaista uusilla eettisill\u00e4 koodeilla ja ruokkimalla altruistisia ominaisuuksia itsekk\u00e4iden impulssien sijaan.<\/p>\n<p class=\"article-body mb-nof-24 px-nof-16\">N\u00e4in meist\u00e4 kasvoi eettinen el\u00e4in, ja t\u00e4m\u00e4 eettinen el\u00e4in on saanut paljon hyv\u00e4\u00e4 aikaan. Lopetimme orjuuden, sill\u00e4 eih\u00e4n toisia ihmisi\u00e4 voi orjuuttaa. Naiset saivat samat oikeudet kuin miehet, sill\u00e4 eih\u00e4n kukaan ihminen voi olla toisen omaisuutta tai m\u00e4\u00e4r\u00e4ysvallan alla. Homoseksuaalisuus ei ole en\u00e4\u00e4 synti, rikos tai mielisairaus. Mit\u00e4\u00e4n n\u00e4ist\u00e4 edistysaskelista ei otettu, koska l\u00f6ysimme jonkin eettisen totuuden, vaan siksi, ett\u00e4 meid\u00e4n piti ratkaista, miten el\u00e4\u00e4 yhdess\u00e4. K\u00e4vimme l\u00e4pi pitk\u00e4n eettisen neuvotteluprosessin yritt\u00e4ess\u00e4mme oppia kohtelemaan kanssaihmisi\u00e4mme paremmin.<\/p>\n<p class=\"article-body mb-nof-24 px-nof-16\">Kenties eri aikoina on oivallettu yh\u00e4 uudestaan ja uudestaan, ett\u00e4 el\u00e4m\u00e4 yhdess\u00e4 on helpointa, jos kaikkien tarpeet tulevat n\u00e4hdyiksi ja tyydytetyiksi \u2013 my\u00f6s niiden ihmisten, jotka ovat erilaisia kuin me. Kenties ihmiset ovat oppineet yh\u00e4 uudestaan ja uudestaan, ett\u00e4 jos alistat, n\u00f6yryyt\u00e4t ja hallitset v\u00e4kivallalla, saat aikaan vain ep\u00e4toivoa ja ep\u00e4luuloa, joka ennen pitk\u00e4\u00e4 k\u00e4\u00e4ntyy sinua vastaan \u2013 puhumattakaan vahingosta, jonka teet omalle sielullesi. Kenties ihmiset ovat oppineet, ett\u00e4 jos yhteis\u00f6ss\u00e4 on paljon niit\u00e4, joiden tarpeet eiv\u00e4t tule tyydytetyiksi, yhteis\u00f6 on tyytym\u00e4t\u00f6n ja r\u00e4j\u00e4hdysherkk\u00e4 ja ennen pitk\u00e4\u00e4 se r\u00e4j\u00e4ht\u00e4\u00e4. Yhdysvallat saattaa olla t\u00e4ss\u00e4 pisteess\u00e4 juuri nyt.<\/p>\n<p class=\"article-body mb-nof-24 px-nof-16\">Ehk\u00e4 meill\u00e4 olisi nyt j\u00e4lleen hyv\u00e4 tilaisuus k\u00e4yd\u00e4 eettist\u00e4 neuvottelua siit\u00e4, tulevatko ihmisten tarpeet n\u00e4hdyiksi ja tyydytetyiksi omassa yhteiskunnassamme. Pitkin viime vuotta saimme lukea, miten hallituksen leikkaukset heikent\u00e4v\u00e4t perusturvaa ja lis\u00e4\u00e4v\u00e4t k\u00f6yhyytt\u00e4. Ulosotossa olevien m\u00e4\u00e4r\u00e4 on kasvanut, samoin asunnottomien.<\/p>\n<p class=\"article-body mb-nof-24 px-nof-16\">Ranskalaisen taloustieteilij\u00e4n <a class=\"font-bold underline-offset-[0.12em] [text-decoration:var(--person-link-text-decoration)] ![text-decoration-color:var(--person-link-text-decoration-color)]\" href=\"https:\/\/www.hs.fi\/haku\/?query=Timoth%C3%A9e%20Parriquen\" rel=\"nofollow noopener\" target=\"_blank\">Timoth\u00e9e Parriquen<\/a> mukaan talouden yksinkertaisin m\u00e4\u00e4ritelm\u00e4 on \u201dkollektiivinen j\u00e4rjestelm\u00e4, joka tyydytt\u00e4\u00e4 ihmisten tarpeet\u201d. Ent\u00e4 jos talouden ensimm\u00e4inen teht\u00e4v\u00e4 olisikin huolehtia ihmisten perustarpeista? Ajatelkaa asian hyvi\u00e4 puolia. Kun ihmiset tiet\u00e4v\u00e4t, ett\u00e4 heid\u00e4n perustarpeensa tulevat ensin, he kokevat olevansa turvassa. Ja kun ihmiset kokevat olevansa turvassa, tyytym\u00e4tt\u00f6myys ja ep\u00e4toivo v\u00e4henev\u00e4t, valtakunta on rauhallisempi, ja ihmisten luovuus kokeilla ja yritt\u00e4\u00e4 lis\u00e4\u00e4ntyv\u00e4t.<\/p>\n<p class=\"article-body mb-nof-24 px-nof-16\">Kenties meill\u00e4 olisi hyv\u00e4 tilaisuus mietti\u00e4 my\u00f6s sit\u00e4, millaiset tarpeet riitt\u00e4v\u00e4t hyv\u00e4\u00e4n el\u00e4m\u00e4\u00e4n. <a class=\"font-bold underline-offset-[0.12em] [text-decoration:var(--person-link-text-decoration)] ![text-decoration-color:var(--person-link-text-decoration-color)]\" href=\"https:\/\/www.hs.fi\/haku\/?query=Bj%C3%B6rn%20Wahlroos\" rel=\"nofollow noopener\" target=\"_blank\">Bj\u00f6rn Wahlroos<\/a> totesi hiljattain, ett\u00e4 olisi hyv\u00e4, jos meill\u00e4 olisi enemm\u00e4n miljon\u00e4\u00e4rej\u00e4. Se her\u00e4tt\u00e4\u00e4 kysymyksen: miten kenell\u00e4k\u00e4\u00e4n voi olla niin suuret tarpeet, ett\u00e4 h\u00e4n tarvitsee miljoonia euroja, kun niin monet joutuvat tulemaan toimeen \u00e4\u00e4rimm\u00e4isen v\u00e4h\u00e4ll\u00e4. Miksi kenenk\u00e4\u00e4n pit\u00e4isi omistaa useita asuntoja niin kauan kuin p\u00e4\u00e4kaupunkiseudun y\u00f6ss\u00e4 kulkee v\u00e4synyt nukkavieru mies kasseineen, eik\u00e4 h\u00e4nell\u00e4 ole paikkaa, jossa voisi nukkua.<\/p>\n<p class=\"article-body mb-nof-24 px-nof-16\">Tulevatko ihmisten tarpeet tyydytetyiksi yhteiskunnassa, jossa pari harkitsematonta virheliikett\u00e4 voi ajaa ihmisen kadulle \u2013 tai yhteiskunnassa, jossa ylip\u00e4\u00e4ns\u00e4 joutuu pelk\u00e4\u00e4m\u00e4\u00e4n t\u00e4llaista kohtaloa?<\/p>\n<p class=\"article-body mb-nof-24 px-nof-16\">Jos tilanne on n\u00e4in julma monille suomalaisille, miten meid\u00e4n pit\u00e4isi el\u00e4\u00e4 t\u00e4\u00e4ll\u00e4 toistemme kanssa? Vastaammeko empatialla vai julmuudella? Historia osoittaa, ett\u00e4 voimme ruokkia my\u00f6s altruistia sis\u00e4ll\u00e4mme.<\/p>\n<p class=\"article-body nof-ui-body-medium mb-nof-24 px-nof-16\">Kirjoittaja on tieteeseen erikoistunut toimittaja.<\/p>\n","protected":false},"excerpt":{"rendered":"Essee|Eettisen koodiston muodostuminen teki ihmisest\u00e4 ihmisen. Tuo koodisto pit\u00e4isi kaivaa esiin my\u00f6s t\u00e4ss\u00e4 ajassa, kirjoittaa toimittaja Jani Kaaro.&hellip;\n","protected":false},"author":2,"featured_media":139099,"comment_status":"","ping_status":"","sticky":false,"template":"","format":"standard","meta":{"footnotes":""},"categories":[14],"tags":[22,23,26,27,33,31,30,17,46,24,25,28,29,15,18,21,32,19,20,56,16,59,60,61],"class_list":{"0":"post-139098","1":"post","2":"type-post","3":"status-publish","4":"format-standard","5":"has-post-thumbnail","7":"category-ulkomaat","8":"tag-breaking-news","9":"tag-breakingnews","10":"tag-featured-news","11":"tag-featurednews","12":"tag-fi","13":"tag-finland","14":"tag-finnish","15":"tag-headlines","16":"tag-helsingin-sanomat","17":"tag-latest-news","18":"tag-latestnews","19":"tag-main-news","20":"tag-mainnews","21":"tag-news","22":"tag-otsikot","23":"tag-paauutiset","24":"tag-suomi","25":"tag-top-stories","26":"tag-topstories","27":"tag-ulkomaat","28":"tag-uutiset","29":"tag-world","30":"tag-world-news","31":"tag-worldnews"},"share_on_mastodon":{"url":"https:\/\/pubeurope.com\/@fi\/115873830882901176","error":""},"_links":{"self":[{"href":"https:\/\/www.europesays.com\/fi\/wp-json\/wp\/v2\/posts\/139098","targetHints":{"allow":["GET"]}}],"collection":[{"href":"https:\/\/www.europesays.com\/fi\/wp-json\/wp\/v2\/posts"}],"about":[{"href":"https:\/\/www.europesays.com\/fi\/wp-json\/wp\/v2\/types\/post"}],"author":[{"embeddable":true,"href":"https:\/\/www.europesays.com\/fi\/wp-json\/wp\/v2\/users\/2"}],"replies":[{"embeddable":true,"href":"https:\/\/www.europesays.com\/fi\/wp-json\/wp\/v2\/comments?post=139098"}],"version-history":[{"count":0,"href":"https:\/\/www.europesays.com\/fi\/wp-json\/wp\/v2\/posts\/139098\/revisions"}],"wp:featuredmedia":[{"embeddable":true,"href":"https:\/\/www.europesays.com\/fi\/wp-json\/wp\/v2\/media\/139099"}],"wp:attachment":[{"href":"https:\/\/www.europesays.com\/fi\/wp-json\/wp\/v2\/media?parent=139098"}],"wp:term":[{"taxonomy":"category","embeddable":true,"href":"https:\/\/www.europesays.com\/fi\/wp-json\/wp\/v2\/categories?post=139098"},{"taxonomy":"post_tag","embeddable":true,"href":"https:\/\/www.europesays.com\/fi\/wp-json\/wp\/v2\/tags?post=139098"}],"curies":[{"name":"wp","href":"https:\/\/api.w.org\/{rel}","templated":true}]}}