{"id":13910,"date":"2025-08-23T08:34:07","date_gmt":"2025-08-23T08:34:07","guid":{"rendered":"https:\/\/www.europesays.com\/fi\/13910\/"},"modified":"2025-08-23T08:34:07","modified_gmt":"2025-08-23T08:34:07","slug":"suomi-lahes-jumbosijalla-hoitoon-paasyssa-uutissuomalainen","status":"publish","type":"post","link":"https:\/\/www.europesays.com\/fi\/13910\/","title":{"rendered":"Suomi l\u00e4hes jumbosijalla hoitoon p\u00e4\u00e4syss\u00e4 | Uutissuomalainen"},"content":{"rendered":"<p>Suomessa on toiseksi eniten hoitoon p\u00e4\u00e4syn ongelmia EU:ssa. Tuore Eurostatin tilasto kertoo, ett\u00e4 12,4 prosenttia suomalaisista koki, ettei saanut viime vuonna hoitoa tarvitessaan.<\/p>\n<p>Viel\u00e4 pahempi tilanne on Kreikassa, miss\u00e4 l\u00e4hes 22 prosentilla kansasta oli ongelmia hoitoon p\u00e4\u00e4syss\u00e4. Keskim\u00e4\u00e4rin 3,6 prosenttia EU-kansalaisista koki, ettei p\u00e4\u00e4ssyt hoitoon ajoissa.<\/p>\n<p>Parhaimpana hoitoon p\u00e4\u00e4sy\u00e4 pitiv\u00e4t Kyproksen, Maltan ja T\u0161ekin kansalaiset. N\u00e4iss\u00e4 maissa alle prosentti v\u00e4est\u00f6st\u00e4 koki ongelmia hoitoon p\u00e4\u00e4syss\u00e4.<\/p>\n<p><strong class=\"diks-storyline__impact\">Muihin pohjoismaihin<\/strong> verrattuna Suomi erottuu ik\u00e4v\u00e4sti. Ruotsalaisista ja tanskalaisista 3,9 prosenttia ja norjalaisista 1,8 prosenttia koki, ettei saanut hoitoa tarvitessaan.<\/p>\n<p>Virossa tilanne on huonompi, maassa 11,2 prosenttia kertoi ongelmista hoitoon p\u00e4\u00e4syss\u00e4.<\/p>\n<p>K\u00f6yhyysriskiss\u00e4 olevat kokivat hoitoon p\u00e4\u00e4syn muita huonommaksi. Suomalaisista k\u00f6yhyysriskiss\u00e4 olevista l\u00e4hes 21 prosenttia tunsi, ettei saanut hoitoa tarvittaessa. Kreikkalaisilla t\u00e4m\u00e4 lukema oli yli 30 prosenttia.<\/p>\n<p>Keskim\u00e4\u00e4rin k\u00f6yhyysriskiss\u00e4 olevista 6 prosenttia koki hoitoon p\u00e4\u00e4syss\u00e4 ongelmia.<\/p>\n<p>Eurostat m\u00e4\u00e4rittelee k\u00f6yhyysriskiss\u00e4 oleviksi ne, joiden tulotaso on alle 60 prosenttia mediaanipalkasta.<\/p>\n<p>Eurostatin tilasto pohjautuu kyselyyn, jossa ihmiset m\u00e4\u00e4ritteliv\u00e4t l\u00e4\u00e4ketieteellisen hoidon tarpeensa. Asiasta uutisoi aiemmin <a href=\"https:\/\/www.laakarilehti.fi\/terveydenhuolto\/suomessa-toiseksi-eniten-hoitoon-paasyn-pulmia-eu-ssa\/\" rel=\"nofollow noopener\" target=\"_blank\">L\u00e4\u00e4k\u00e4rilehti<\/a>.<\/p>\n","protected":false},"excerpt":{"rendered":"Suomessa on toiseksi eniten hoitoon p\u00e4\u00e4syn ongelmia EU:ssa. Tuore Eurostatin tilasto kertoo, ett\u00e4 12,4 prosenttia suomalaisista koki, ettei&hellip;\n","protected":false},"author":2,"featured_media":13911,"comment_status":"","ping_status":"","sticky":false,"template":"","format":"standard","meta":{"footnotes":""},"categories":[12],"tags":[22,23,2110,1617,26,27,33,31,30,17,5679,3351,24,25,28,29,15,18,21,2645,32,19,20,860,16,4029],"class_list":{"0":"post-13910","1":"post","2":"type-post","3":"status-publish","4":"format-standard","5":"has-post-thumbnail","7":"category-suomi","8":"tag-breaking-news","9":"tag-breakingnews","10":"tag-elamantapa-ja-vapaa-aika","11":"tag-euroopan-unioni","12":"tag-featured-news","13":"tag-featurednews","14":"tag-fi","15":"tag-finland","16":"tag-finnish","17":"tag-headlines","18":"tag-kansainvaliset-organisaatiot-ja-sopimukset","19":"tag-kreikka","20":"tag-latest-news","21":"tag-latestnews","22":"tag-main-news","23":"tag-mainnews","24":"tag-news","25":"tag-otsikot","26":"tag-paauutiset","27":"tag-palkka-ja-tyosuhde-edut","28":"tag-suomi","29":"tag-top-stories","30":"tag-topstories","31":"tag-tyoelama","32":"tag-uutiset","33":"tag-viro"},"share_on_mastodon":{"url":"","error":""},"_links":{"self":[{"href":"https:\/\/www.europesays.com\/fi\/wp-json\/wp\/v2\/posts\/13910","targetHints":{"allow":["GET"]}}],"collection":[{"href":"https:\/\/www.europesays.com\/fi\/wp-json\/wp\/v2\/posts"}],"about":[{"href":"https:\/\/www.europesays.com\/fi\/wp-json\/wp\/v2\/types\/post"}],"author":[{"embeddable":true,"href":"https:\/\/www.europesays.com\/fi\/wp-json\/wp\/v2\/users\/2"}],"replies":[{"embeddable":true,"href":"https:\/\/www.europesays.com\/fi\/wp-json\/wp\/v2\/comments?post=13910"}],"version-history":[{"count":0,"href":"https:\/\/www.europesays.com\/fi\/wp-json\/wp\/v2\/posts\/13910\/revisions"}],"wp:featuredmedia":[{"embeddable":true,"href":"https:\/\/www.europesays.com\/fi\/wp-json\/wp\/v2\/media\/13911"}],"wp:attachment":[{"href":"https:\/\/www.europesays.com\/fi\/wp-json\/wp\/v2\/media?parent=13910"}],"wp:term":[{"taxonomy":"category","embeddable":true,"href":"https:\/\/www.europesays.com\/fi\/wp-json\/wp\/v2\/categories?post=13910"},{"taxonomy":"post_tag","embeddable":true,"href":"https:\/\/www.europesays.com\/fi\/wp-json\/wp\/v2\/tags?post=13910"}],"curies":[{"name":"wp","href":"https:\/\/api.w.org\/{rel}","templated":true}]}}