{"id":139100,"date":"2026-01-11T01:18:08","date_gmt":"2026-01-11T01:18:08","guid":{"rendered":"https:\/\/www.europesays.com\/fi\/139100\/"},"modified":"2026-01-11T01:18:08","modified_gmt":"2026-01-11T01:18:08","slug":"esko-seppanen-1946-2025-hs-fi","status":"publish","type":"post","link":"https:\/\/www.europesays.com\/fi\/139100\/","title":{"rendered":"Esko Sepp\u00e4nen 1946\u20132025 | HS.fi"},"content":{"rendered":"<p class=\"article-body mb-nof-24 px-nof-16\">Toimittaja ja poliitikko, KTM <a class=\"font-bold underline-offset-[0.12em] [text-decoration:var(--person-link-text-decoration)] ![text-decoration-color:var(--person-link-text-decoration-color)]\" href=\"https:\/\/www.hs.fi\/haku\/?query=Esko%20Olavi%20Sepp%C3%A4nen\" rel=\"nofollow noopener\" target=\"_blank\">Esko Olavi Sepp\u00e4nen<\/a> kuoli Meilahden kolmiosairaalassa Helsingiss\u00e4 6. joulukuuta 2025. H\u00e4n oli 79-vuotias, syntynyt Oulussa 15. helmikuuta 1946.<\/p>\n<p class=\"article-body mb-nof-24 px-nof-16\">Pesulayritt\u00e4j\u00e4n poika Esko Sepp\u00e4nen kasvoi porvarillisessa kodissa ja sai partiolaisena 1. luokan Mannerheim-soljen. Kokoomusnuorten bileet j\u00e4iv\u00e4t, kun Esko kauppakorkeakoulussa Helsingiss\u00e4 tempautui opiskelijaradikalismin aaltoon. Palatessaan kes\u00e4t\u00f6ist\u00e4 Jugoslaviasta h\u00e4n huomasi kavereiden laittaneen h\u00e4nen nimens\u00e4 opiskelijavaaleihin SKDL:n ehdokkaaksi. Pian puolue tuntuikin ihan sopivalta.<\/p>\n<p class=\"article-body mb-nof-24 px-nof-16\">Sattuma puuttui my\u00f6s uran valintaan. Valmennuskurssin j\u00e4lkeen Eskolle tarjottiin paikkaa ulkoministeri\u00f6ss\u00e4, mutta radiosta kuultu kiinnostava talousohjelma innosti h\u00e4net kysym\u00e4\u00e4n Ylest\u00e4 t\u00f6it\u00e4.<\/p>\n<p class=\"article-body mb-nof-24 px-nof-16\">1970-luvun alussa p\u00f6rssiyhti\u00f6ist\u00e4 tiedettiin kovin v\u00e4h\u00e4n. Radikaali ekonomi Sepp\u00e4nen toimitti radioon viikoittaista ohjelmaa K\u00e4yr\u00e4 korkealla. Se sai komeat kuuntelijaluvut, ja ker\u00e4tyist\u00e4 tiedoista syntyi mm. kirja Oy Suomi-Finland Ab.<\/p>\n<p class=\"article-body mb-nof-24 px-nof-16\">Kirjan aihepiiri oli viel\u00e4 l\u00e4hes tabu: ketk\u00e4 omistavat p\u00f6rssiyhti\u00f6t ja mit\u00e4 sukua he ovat kesken\u00e4\u00e4n. Tekij\u00e4 sai tiedonjulkistamispalkinnon ja kiitoskirjeen Urho Kekkoselta. Sepp\u00e4sen merkitys talousjournalismin uranuurtajana tunnustetaan alalla laajasti.<\/p>\n<p class=\"article-body mb-nof-24 px-nof-16\">Eduskuntaan Sepp\u00e4nen valittiin 1987. Radiosta tuttu tyyli toimi my\u00f6s politiikassa. Kasinokapitalismin, laman ja erilaisten kriisien kansantajuisena erittelij\u00e4n\u00e4 Sepp\u00e4nen oli n\u00e4kyv\u00e4 asiantuntija. H\u00e4n ei siekaillut mainita nimi\u00e4 eik\u00e4 s\u00e4\u00e4st\u00e4nyt kritiikilt\u00e4 omaakaan puoluetta.<\/p>\n<p class=\"article-body mb-nof-24 px-nof-16\">Sepp\u00e4nen suuntasi 1999 Euroopan parlamenttiin. H\u00e4n ker\u00e4si kaksissa eurovaaleissa suurimman osan vasemmistoliiton \u00e4\u00e4nist\u00e4 ja oli yksi koko maan \u00e4\u00e4niharavista. EU-kriitikko ryhtyi tarmolla mepin ty\u00f6h\u00f6n ja verkostoitui kansainv\u00e4lisesti. Parlamentissa h\u00e4net tunnettiin asioihin paneutuvana ja aktiivisena. Sepp\u00e4nen julkaisi el\u00e4m\u00e4ns\u00e4 aikana yli 30 tietokirjaa ja pamflettia.<\/p>\n<p class=\"article-body mb-nof-24 px-nof-16\">Yksityishenkil\u00f6n\u00e4 Esko Sepp\u00e4nen poikkesi melkoisesti poliitikkoimagostaan. H\u00e4n oli yst\u00e4v\u00e4llinen, humaani ja huumorintajuinen sek\u00e4 poikiensa Kaapon ja Iiron rakastava is\u00e4.<\/p>\n<p class=\"article-body mb-nof-24 px-nof-16\">Sepp\u00e4nen j\u00e4tt\u00e4ytyi pois vuoden 2009 EU-vaaleista, koska oli sairastunut kolme vuotta aiemmin Parkinsonin tautiin. Muitakin syit\u00e4 oli. Niihin aikoihin h\u00e4nen Kaapo-poikansa sairastui sy\u00f6p\u00e4\u00e4n ja menehtyi 37-vuotiaana.<\/p>\n<p class=\"article-body mb-nof-24 px-nof-16\">Esikoisensa vaikeaa l\u00e4ht\u00f6\u00e4 vierest\u00e4 todistanut is\u00e4 vakuuttui eutanasian tarpeellisuudesta ja oli n\u00e4kyv\u00e4sti ajamassa lakihanketta. Vaikka tavoite on viel\u00e4 saavuttamatta, Esko Sepp\u00e4nen sai Kirsti-vaimon mukaan kuolla seesteisesti ja kivutta.<\/p>\n<p class=\"article-body mb-nof-24 px-nof-16\">Timo Hakkarainen<\/p>\n<p class=\"article-body nof-ui-body-medium mb-nof-24 px-nof-16\">Esko Sepp\u00e4sen yst\u00e4v\u00e4<\/p>\n","protected":false},"excerpt":{"rendered":"Toimittaja ja poliitikko, KTM Esko Olavi Sepp\u00e4nen kuoli Meilahden kolmiosairaalassa Helsingiss\u00e4 6. joulukuuta 2025. H\u00e4n oli 79-vuotias, syntynyt&hellip;\n","protected":false},"author":2,"featured_media":139101,"comment_status":"","ping_status":"","sticky":false,"template":"","format":"standard","meta":{"footnotes":""},"categories":[12],"tags":[22,23,26,27,33,31,30,17,46,24,25,28,29,15,18,21,32,19,20,16],"class_list":{"0":"post-139100","1":"post","2":"type-post","3":"status-publish","4":"format-standard","5":"has-post-thumbnail","7":"category-suomi","8":"tag-breaking-news","9":"tag-breakingnews","10":"tag-featured-news","11":"tag-featurednews","12":"tag-fi","13":"tag-finland","14":"tag-finnish","15":"tag-headlines","16":"tag-helsingin-sanomat","17":"tag-latest-news","18":"tag-latestnews","19":"tag-main-news","20":"tag-mainnews","21":"tag-news","22":"tag-otsikot","23":"tag-paauutiset","24":"tag-suomi","25":"tag-top-stories","26":"tag-topstories","27":"tag-uutiset"},"share_on_mastodon":{"url":"https:\/\/pubeurope.com\/@fi\/115873834834272849","error":""},"_links":{"self":[{"href":"https:\/\/www.europesays.com\/fi\/wp-json\/wp\/v2\/posts\/139100","targetHints":{"allow":["GET"]}}],"collection":[{"href":"https:\/\/www.europesays.com\/fi\/wp-json\/wp\/v2\/posts"}],"about":[{"href":"https:\/\/www.europesays.com\/fi\/wp-json\/wp\/v2\/types\/post"}],"author":[{"embeddable":true,"href":"https:\/\/www.europesays.com\/fi\/wp-json\/wp\/v2\/users\/2"}],"replies":[{"embeddable":true,"href":"https:\/\/www.europesays.com\/fi\/wp-json\/wp\/v2\/comments?post=139100"}],"version-history":[{"count":0,"href":"https:\/\/www.europesays.com\/fi\/wp-json\/wp\/v2\/posts\/139100\/revisions"}],"wp:featuredmedia":[{"embeddable":true,"href":"https:\/\/www.europesays.com\/fi\/wp-json\/wp\/v2\/media\/139101"}],"wp:attachment":[{"href":"https:\/\/www.europesays.com\/fi\/wp-json\/wp\/v2\/media?parent=139100"}],"wp:term":[{"taxonomy":"category","embeddable":true,"href":"https:\/\/www.europesays.com\/fi\/wp-json\/wp\/v2\/categories?post=139100"},{"taxonomy":"post_tag","embeddable":true,"href":"https:\/\/www.europesays.com\/fi\/wp-json\/wp\/v2\/tags?post=139100"}],"curies":[{"name":"wp","href":"https:\/\/api.w.org\/{rel}","templated":true}]}}