{"id":139102,"date":"2026-01-11T01:19:08","date_gmt":"2026-01-11T01:19:08","guid":{"rendered":"https:\/\/www.europesays.com\/fi\/139102\/"},"modified":"2026-01-11T01:19:08","modified_gmt":"2026-01-11T01:19:08","slug":"kauppalaivan-on-maara-saapua-jari-saarion-luo-puolenyon-aikaan-laivan-varustamo-kommentoi-operaatiota","status":"publish","type":"post","link":"https:\/\/www.europesays.com\/fi\/139102\/","title":{"rendered":"Kauppalaivan on m\u00e4\u00e4r\u00e4 saapua Jari Saarion luo puoleny\u00f6n aikaan \u2013 laivan varustamo kommentoi operaatiota"},"content":{"rendered":"<p>Jari Saariota pelastavan laivan varustamo kertoo muuttaneensa kurssiaan kohti Saarion venett\u00e4 perjantaina.<\/p>\n<p>10.1. 20:13 | P\u00e4ivitetty 10.1. 22:24<\/p>\n<p class=\"article-body mb-nof-24 px-nof-16\">Merih\u00e4t\u00e4\u00e4n joutunutta <a class=\"font-bold underline-offset-[0.12em] [text-decoration:var(--person-link-text-decoration)] ![text-decoration-color:var(--person-link-text-decoration-color)]\" href=\"https:\/\/www.satakunnankansa.fi\/haku\/?query=Jari%20Saariota\" rel=\"nofollow noopener\" target=\"_blank\">Jari Saariota<\/a> p\u00e4\u00e4st\u00e4\u00e4n pelastamaan arviolta puolen y\u00f6n aikaan, kerrottiin Saarion <a class=\"underline underline-offset-[0.12em] [text-decoration-thickness:var(--generic-link-underline-thickness)] [text-decoration-color:var(--generic-link-underline-color)] [text-decoration-skip-ink:var(--generic-link-underline-skip-ink)] break-words\" href=\"https:\/\/www.instagram.com\/jari_saario\/\" rel=\"nofollow noopener\" target=\"_blank\">Instagram-tilin<\/a> tarinoissa noin kello 18 lauantaina.<\/p>\n<p class=\"article-body mb-nof-24 px-nof-16\">Noin kello 20 julkaistussa p\u00e4ivityksess\u00e4 kerrottiin Saarion kunnosta. Soutaja tavoitettiin viimeksi kello 19.<\/p>\n<p class=\"article-body mb-nof-24 px-nof-16\">\u201dTilanne on haastava, mutta [Saarion] ajatus toimii ja Jari on toimintakykyinen\u201d, p\u00e4ivityksess\u00e4 lukee.<\/p>\n<p class=\"article-body mb-nof-24 px-nof-16\">Tuoreimman p\u00e4ivityksen mukaan meripelastus on vahvistanut havaitsevansa Saarion h\u00e4t\u00e4l\u00e4hettimen signaalin.<\/p>\n<p class=\"article-body mb-nof-24 px-nof-16\">Saario tavoitettiin Suomesta my\u00f6s kello kello 13 ja kello 17.<\/p>\n<p class=\"article-body mb-nof-24 px-nof-16\">Saario on edelleen soutuveneess\u00e4\u00e4n, vene on vaurioitunut ja yhteyden\u00adpito on haastavaa, kirjoitetaan p\u00e4ivityksess\u00e4. N\u00e4m\u00e4 tiedot kerrottiin my\u00f6s kello 18 julkaistussa p\u00e4ivityksess\u00e4.<\/p>\n<p class=\"article-body mb-nof-24 px-nof-16\">\u201dL\u00e4hestyv\u00e4 kauppa-alus l\u00e4hestyy Jarin sijaintia ja on arviolta puolen y\u00f6n aikaan (Suomen aikaa) l\u00e4hell\u00e4. Sijainti on vaativat ja syrj\u00e4inen merialue, jossa et\u00e4isyydet ovat pitki\u00e4 ja eteneminen vie aikaa. Operaatio on haastava\u201d, p\u00e4ivityksess\u00e4 lukee.<\/p>\n<p class=\"article-body mb-nof-24 px-nof-16\">\u201dKiitos kaikille viesteist\u00e4, kannustuksesta ja ajatuksista, joita olette l\u00e4hett\u00e4neet Jarille! P\u00e4ivit\u00e4mme heti, kun saamme uutta varmistettua tietoa.\u201d<\/p>\n<p class=\"article-body mb-nof-24 px-nof-16\">Saarion kriisiajan tiedottamisesta vastaava <a class=\"font-bold underline-offset-[0.12em] [text-decoration:var(--person-link-text-decoration)] ![text-decoration-color:var(--person-link-text-decoration-color)]\" href=\"https:\/\/www.satakunnankansa.fi\/haku\/?query=Hanni%20Marin\" rel=\"nofollow noopener\" target=\"_blank\">Hanni Marin<\/a> vahvisti tiedot toimitukselle.<\/p>\n<p class=\"article-body mb-nof-24 px-nof-16\">Marin kertoi my\u00f6s, ett\u00e4 Saario on pystynyt v\u00e4litt\u00e4m\u00e4\u00e4n koordinaattinsa Suomeen.<\/p>\n<p class=\"article-body mb-nof-24 px-nof-16\">Saario aloitti soutu-urakkaansa Etel\u00e4-Amerikan etel\u00e4k\u00e4rjest\u00e4 Kap Hornista, ja matkan oli tarkoitus p\u00e4\u00e4tty\u00e4 Etel\u00e4-Afrikan Kapkaupunkiin. H\u00e4n joutui merih\u00e4t\u00e4\u00e4n soutuveneen varioiduttua.<\/p>\n<p class=\"article-body mb-nof-24 px-nof-16\">Saario h\u00e4lytti apua syrj\u00e4isell\u00e4 merialueella. H\u00e4nt\u00e4 on menossa pelastamaan l\u00e4hin kauppa-alus Cymona Eagle, jonka matka soutuveneen luo kest\u00e4\u00e4 useita tunteja.<\/p>\n<p class=\"article-body mb-nof-24 px-nof-16\">Cymona Eagle sai jo perjantaina 9. tammikuuta tiedon, ett\u00e4 Saario soutuveneineen on merih\u00e4d\u00e4ss\u00e4 Etel\u00e4-Atlantilla. Marshallinsaarille rekister\u00f6ity alus purjehtii Argentiinan Bahia Blancasta Bangladeshin Chittagongiin.<\/p>\n<p class=\"article-body mb-nof-24 px-nof-16\">Laivan kreikkalainen varustamo kommentoi pelastusoperaatiota s\u00e4hk\u00f6postilla.<\/p>\n<p class=\"article-body mb-nof-24 px-nof-16\">\u201dVastasimme Kapkaupungin meripelastus\u00adkeskuksen tietoon ja muutimme kurssiamme kohti alusta.\u201d<\/p>\n<p class=\"article-body mb-nof-24 px-nof-16\">Lausunnon mukaan rahtilaiva on t\u00e4ll\u00e4 hetkell\u00e4 matkalla pelastamaan uppoavaa soutu\u00advenett\u00e4, jonka kyydiss\u00e4 on yksi henkil\u00f6.<\/p>\n<p class=\"article-body mb-nof-24 px-nof-16\">\u201dSeuraamme tilannetta tarkasti. Alus tekee jatkuvaa yhteisty\u00f6t\u00e4 viranomaisten kanssa\u201d, varustamosta kerrotaan.<\/p>\n<p class=\"article-body mb-nof-24 px-nof-16\">Varustamo vahvistaa, ett\u00e4 aluksen on m\u00e4\u00e4r\u00e4 saavuttaa Saario puolilta\u00f6in Suomen aikaa.<\/p>\n<p class=\"article-body mb-nof-24 px-nof-16\">P\u00e4ivitetty uusin tiedoin kello 22.24.<\/p>\n<p><script async src=\"\/\/www.instagram.com\/embed.js\"><\/script><\/p>\n","protected":false},"excerpt":{"rendered":"Jari Saariota pelastavan laivan varustamo kertoo muuttaneensa kurssiaan kohti Saarion venett\u00e4 perjantaina. 10.1. 20:13 | P\u00e4ivitetty 10.1. 22:24&hellip;\n","protected":false},"author":2,"featured_media":139103,"comment_status":"","ping_status":"","sticky":false,"template":"","format":"standard","meta":{"footnotes":""},"categories":[5],"tags":[22,23,26,27,33,31,30,17,24,25,28,29,15,18,21,80,32,19,20,16],"class_list":{"0":"post-139102","1":"post","2":"type-post","3":"status-publish","4":"format-standard","5":"has-post-thumbnail","7":"category-otsikot","8":"tag-breaking-news","9":"tag-breakingnews","10":"tag-featured-news","11":"tag-featurednews","12":"tag-fi","13":"tag-finland","14":"tag-finnish","15":"tag-headlines","16":"tag-latest-news","17":"tag-latestnews","18":"tag-main-news","19":"tag-mainnews","20":"tag-news","21":"tag-otsikot","22":"tag-paauutiset","23":"tag-satakunnan-kansa","24":"tag-suomi","25":"tag-top-stories","26":"tag-topstories","27":"tag-uutiset"},"share_on_mastodon":{"url":"https:\/\/pubeurope.com\/@fi\/115873838715080203","error":""},"_links":{"self":[{"href":"https:\/\/www.europesays.com\/fi\/wp-json\/wp\/v2\/posts\/139102","targetHints":{"allow":["GET"]}}],"collection":[{"href":"https:\/\/www.europesays.com\/fi\/wp-json\/wp\/v2\/posts"}],"about":[{"href":"https:\/\/www.europesays.com\/fi\/wp-json\/wp\/v2\/types\/post"}],"author":[{"embeddable":true,"href":"https:\/\/www.europesays.com\/fi\/wp-json\/wp\/v2\/users\/2"}],"replies":[{"embeddable":true,"href":"https:\/\/www.europesays.com\/fi\/wp-json\/wp\/v2\/comments?post=139102"}],"version-history":[{"count":0,"href":"https:\/\/www.europesays.com\/fi\/wp-json\/wp\/v2\/posts\/139102\/revisions"}],"wp:featuredmedia":[{"embeddable":true,"href":"https:\/\/www.europesays.com\/fi\/wp-json\/wp\/v2\/media\/139103"}],"wp:attachment":[{"href":"https:\/\/www.europesays.com\/fi\/wp-json\/wp\/v2\/media?parent=139102"}],"wp:term":[{"taxonomy":"category","embeddable":true,"href":"https:\/\/www.europesays.com\/fi\/wp-json\/wp\/v2\/categories?post=139102"},{"taxonomy":"post_tag","embeddable":true,"href":"https:\/\/www.europesays.com\/fi\/wp-json\/wp\/v2\/tags?post=139102"}],"curies":[{"name":"wp","href":"https:\/\/api.w.org\/{rel}","templated":true}]}}