{"id":139104,"date":"2026-01-11T01:31:09","date_gmt":"2026-01-11T01:31:09","guid":{"rendered":"https:\/\/www.europesays.com\/fi\/139104\/"},"modified":"2026-01-11T01:31:09","modified_gmt":"2026-01-11T01:31:09","slug":"ei-se-ollut-millaan-mittareilla-ok-palaa-nyt-aamuradioon-hanna-kinnusen-kanssa","status":"publish","type":"post","link":"https:\/\/www.europesays.com\/fi\/139104\/","title":{"rendered":"\u201dEi se ollut mill\u00e4\u00e4n mittareilla ok\u201d \u2013 Palaa nyt aamuradioon Hanna Kinnusen kanssa"},"content":{"rendered":"<p>Jenni Alexandrova ja Hanna Kinnunen juontavat Aito Iskelm\u00e4n aamua 12. tammikuuta alkaen. <\/p>\n<p class=\"paragraph\">Vuodenvaihde tiet\u00e4\u00e4 uutta <a href=\"https:\/\/www.iltalehti.fi\/henkilot\/Jenni Alexandrova\" class=\"article-link-person-page\" rel=\"nofollow noopener\" target=\"_blank\">Jenni Alexandrovan<\/a> ja <a href=\"https:\/\/www.iltalehti.fi\/henkilot\/Hanna Kinnunen\" class=\"article-link-person-page\" rel=\"nofollow noopener\" target=\"_blank\">Hanna Kinnusen<\/a> el\u00e4m\u00e4ss\u00e4. Jo aiemmin yhteist\u00e4 radio-ohjelmaa juontanut kaksikko hypp\u00e4\u00e4 Aito Iskelm\u00e4 -kanavan uuden aamuohjelman juontajiksi. Kaksikkoa voi kuulla jatkossa arkisin aamukuudesta kymmeneen.<\/p>\n<p class=\"paragraph\">Kaksikko on uudesta show\u2019sta innoissaan. Kinnunen kuvailee aamua radion paalupaikaksi ja Alexandrova on innoissaan p\u00e4\u00e4stess\u00e4\u00e4n iltaohjelman j\u00e4lkeen juontamaan enemm\u00e4n interaktiivista aamua.<\/p>\n<p class=\"paragraph\">\u2013 Olen radiourani aikana tehnyt aamuja, iltap\u00e4iv\u00e4ohjelmia ja nyt kolme vuotta iltaa. Jos sanon rehellisesti, illassa en ole p\u00e4\u00e4ssyt k\u00e4ytt\u00e4m\u00e4\u00e4n koko potentiaaliani tekij\u00e4n\u00e4. Illat ovat musiikkipainotteisia eiv\u00e4tk\u00e4 aamun tavoin interaktiivisia. Kun ehdotus aamuun siirtymisest\u00e4 tuli, toki piti pohtia sen tuomia muutoksia arkeen, mutta intuitio sanoi heti &#8221;let&#8217;s go!\u201d, Alexandrova sanoo.<\/p>\n<p class=\"paragraph\">T\u00e4ysin varauksetta kaksikko ei kuitenkaan aikaisiin aamuihin hypp\u00e4\u00e4. Sek\u00e4 Alexandrova ett\u00e4 Kinnunen ovat tehneet aamuradiota ennenkin ja Kinnunen on sanonut julkisuudessakin, ettei en\u00e4\u00e4 palaisi aamuradioon.<\/p>\n<p class=\"paragraph\">Toisin kuitenkin k\u00e4vi. Mutta keskustelua oli k\u00e4yt\u00e4v\u00e4 sit\u00e4 ennen.<\/p>\n<p class=\"paragraph\">\u2013 K\u00e4ytiin my\u00f6s kyll\u00e4 kriittiset keskustelut siit\u00e4, mit\u00e4 se tarkoittaa ja millaisilla reunaehdoilla t\u00e4h\u00e4n junaan uudestaan l\u00e4hdet\u00e4\u00e4n. Tied\u00e4mme my\u00f6s, miten raskasta se on, Kinnunen sanoo.<\/p>\n<p class=\"paragraph\">Kinnunen v\u00e4hensi t\u00f6it\u00e4\u00e4n radiossa viime vuoden alkupuoliskolla.<\/p>\n<p class=\"paragraph\">\u2013 Ajattelin, ett\u00e4 otan t\u00e4m\u00e4n vuoden sellaisena perspektiivin katsomisena. Olen tehnyt radiota kaksikymment\u00e4kolme vuotta kaikkinensa ja helmikuussa minulla tulee kymmenen vuotta kaupallisessa radiossa. Annoin itselleni luvan kokea ja tuntea ihan mit\u00e4 vaan, ett\u00e4 jos tuntuu, etten halua palata, se on fine, Kinnunen avaa.<\/p>\n<p class=\"paragraph\">Iloiseksi yll\u00e4tyksekseen Kinnuselle tuli kes\u00e4n j\u00e4lkeen kaipuu p\u00e4ivitt\u00e4ist\u00e4 radion tekemist\u00e4 kohtaan.<\/p>\n<p class=\"paragraph\">\u2013 Radio on minulle v\u00e4lineist\u00e4 kaikkein rakkain, koska se on t\u00e4ss\u00e4 hetkess\u00e4 tapahtuvaa ja kontakti yleis\u00f6n kanssa on v\u00e4lit\u00f6nt\u00e4. N\u00e4lk\u00e4 tehd\u00e4 on kasvanut t\u00e4m\u00e4n vuoden aikana.<\/p>\n<p><img decoding=\"async\" class=\"image image-show image-preview\" src=\"https:\/\/www.europesays.com\/fi\/wp-content\/uploads\/2026\/01\/c23e7d972131208e9a1c76097299bc18720e3cbf95a822f42dab78e0088a91ee.jpg\" alt=\"\"\/><img decoding=\"async\" class=\"image image-show\" src=\"https:\/\/www.europesays.com\/fi\/wp-content\/uploads\/2026\/01\/1768095069_804_c23e7d972131208e9a1c76097299bc18720e3cbf95a822f42dab78e0088a91ee.jpg\" alt=\"\"\/><\/p>\n<p>Hanna Kinnunen ja Jenni Alexandrova odottavat uutta aamuohjelmaansa.  ATTE KAJOVA<\/p>\n<p>Muutosta arkeen<\/p>\n<p class=\"paragraph\">Aamuradio luo arkeen uudenlaisen p\u00e4iv\u00e4rytmin ja keskustelua t\u00e4st\u00e4 on pit\u00e4nyt k\u00e4yd\u00e4 my\u00f6s kotona. Alexandrovalla ja Kinnusella on molemmilla tahoillaan teini-ik\u00e4iset lapset.<\/p>\n<p class=\"paragraph\">\u2013 Koko perheenkin el\u00e4m\u00e4 rytmittyy pitk\u00e4lti siihen, ett\u00e4 kun pit \u00e4\u00e4 menn\u00e4 nukkumaan jo silloin yhdeks\u00e4n aikaan, niin kotosalla ei voi ihan hirve\u00e4sti olla melua, Alexandrova toteaa.<\/p>\n<p class=\"paragraph\">\u2013 Joo, ei voi teinipojat soittaa r\u00e4ppi\u00e4 en\u00e4\u00e4, Kinnunen nauraa.<\/p>\n<p class=\"paragraph\">Kinnunen my\u00f6nt\u00e4\u00e4, ett\u00e4 viimeksi kuluneen vuoden aikana, kun radiot\u00f6it\u00e4 ei ole ollut joka p\u00e4iv\u00e4, h\u00e4n on tehnyt lapsilleen aamupalat. Siihen kun on ollut mahdollisuus.<\/p>\n<p class=\"paragraph\">\u2013 Kohta kuusitoistavuotias poikani sanoi, ett\u00e4 anteeksi tarkoittaako t\u00e4m\u00e4 sit\u00e4, etten ole tekem\u00e4ss\u00e4 h\u00e4nelle aamupalaa. Sanoin, ett\u00e4 t\u00e4m\u00e4 tarkoittaa juuri sit\u00e4, Kinnunen nauraa.<\/p>\n<p class=\"paragraph\">Muutosta on tulossa my\u00f6s Alexandrovan arkeen. Juontaja osti hiljattain uuden asunnon puolisonsa, yritt\u00e4j\u00e4 <strong>Toni L\u00e4hteen<\/strong> kanssa. T\u00e4m\u00e4 tiet\u00e4\u00e4 muutosta aiemmin kahdestaan poikansa kanssa asuneen Alexandrovan kotiarkeen.<\/p>\n<p class=\"paragraph\">\u2013 Kodissa py\u00f6rii nyt kolme poikaa meid\u00e4n vanhempien lis\u00e4ksi. Meill\u00e4 on sitten h\u00e4rdelli\u00e4 ja h\u00e4slinki\u00e4 enemm\u00e4n kuin mihin olen tottunut pitk\u00e4\u00e4n aikaan, Alexandrova sanoo.<\/p>\n<p class=\"paragraph\">\u2013 Juuri t\u00e4m\u00e4n kokoonpanon kanssa piti k\u00e4yd\u00e4 keskustelu aamusta, nukkumaanmenoista ja muusta. Mielenkiinnolla odotan, miten se k\u00e4yt\u00e4nn\u00f6ss\u00e4 tulee menem\u00e4\u00e4n.<\/p>\n<p>Jenni ja Hanna ovat k\u00e4yneet kotona keskustelua uudenlaisesta arjesta. ATTE KAJOVA<\/p>\n<p>Muuttuneet ajat<\/p>\n<p class=\"paragraph\">Radion tekeminen on muuttunut paljon siit\u00e4, mit\u00e4 se on ollut viel\u00e4 Alexandrovan ja Kinnusen uran alkuaikoina. Iso muutos on esimerkiksi se, miten sosiaalisen median aikakaudella ei voi en\u00e4\u00e4 piiloutua pelk\u00e4n \u00e4\u00e4nen taakse.<\/p>\n<p class=\"paragraph\">On my\u00f6s asioita, joita kaksikko ei en\u00e4\u00e4 purematta niele.<\/p>\n<p class=\"paragraph\">Alexandrova muistelee, kuinka uransa alkuaikoina Radio Rockin ensimm\u00e4isen\u00e4 naisjuontajana h\u00e4n ei saanut aina mairittelevaa kohtelua.<\/p>\n<p class=\"paragraph\">\u2013 J\u00e4lkeenp\u00e4in olen usein miettinyt, ett\u00e4 ei se ollut mill\u00e4\u00e4n mittareilla ok miten minulle ajoittain l\u00e4hetyksess\u00e4 puhuttiin. Meni aikaa, ett\u00e4 l\u00f6ysin itsest\u00e4ni itsevarmuuden sanoa vastaan, Alexandrova muistelee.<\/p>\n<p class=\"paragraph\">Jossain kohtaa Alexandrova oppi, ettei h\u00e4nen tarvitse olla se, joka ainoastaan kuuntelee. T\u00e4h\u00e4n h\u00e4nell\u00e4 on konkreettinen esimerkki.<\/p>\n<p class=\"paragraph\">\u2013 Oli joku tilanne, miss\u00e4 painoani kommentoitiin loman j\u00e4lkeen. Olin kuulemma &#8221;ottanut pari kiloa lis\u00e4\u00e4&#8221;, ja se sanottiin suorassa l\u00e4hetyksess\u00e4. Menin lukkoon enk\u00e4 muistaakseni osannut siin\u00e4 tunnetilassa sanoa oikein mit\u00e4\u00e4n. My\u00f6hemmin totesin, ett\u00e4 se tilanne ei ollut ok, Alexandrova muistelee.<\/p>\n<p class=\"paragraph\">\u2013 Nyt sanoisin aika paljon muutakin. Vitseiksi naamioiduille loukkaavalla heitoille pit\u00e4\u00e4 olla nollatoleranssi. Onneksi t\u00e4ss\u00e4kin suhteessa maailma on muuttunut.<\/p>\n<p class=\"paragraph\">Kinnunen taas muistelee olleensa vuosia sitten keskustelussa, jossa miespuolinen kollega oli todennut, ett\u00e4 miehet vain ovat hauskempia kuin naiset.<\/p>\n<p class=\"paragraph\">\u2013 Itse kun on kasvanut niin, ettei sukupuolella ole mit\u00e4\u00e4n v\u00e4li\u00e4 ja kaikki voivat tehd\u00e4 mit\u00e4 vaan. Sitten on ty\u00f6paikalla tuollaisessa keskustelussa vaan silleen, ett\u00e4 mit\u00e4 helkkaria t\u00e4\u00e4ll\u00e4 tapahtuu, Kinnunen sanoo.<\/p>\n<p class=\"paragraph\">Nyt ummehtunutta asennetta on v\u00e4hemm\u00e4n, mutta tasa-arvossa on viel\u00e4 teht\u00e4v\u00e4\u00e4. Vaikka Kinnunen ja Alexandrova eiv\u00e4t halua erikseen korostaa sit\u00e4, ett\u00e4 k\u00e4sill\u00e4 on kahden naisen aamushow, erottuu Aito Iskelm\u00e4n aamu silti radio-ohjelmien kattauksesta.<\/p>\n<p class=\"paragraph\">\u2013 Kun katsoo kattausta, niin kuinka monta kahden naisen aamuradiota meill\u00e4 Suomessa t\u00e4ll\u00e4 hetkell\u00e4 on? Tosi v\u00e4h\u00e4n, Kinnunen toteaa.<\/p>\n<p>Jenni ja Hanna eiv\u00e4t en\u00e4\u00e4 niele kaikkea purematta. ATTE KAJOVA<\/p>\n<p>Kuulijoiden merkitys<\/p>\n<p class=\"paragraph\">Kun Kinnusta ja Alexandrovaa kuuntelee, yksi asia tulee \u00e4kki\u00e4 selv\u00e4ksi. Kuulijoiden merkitys radion tekemisess\u00e4 on valtava. T\u00e4m\u00e4 korostui erityisesti yhden ajanjakson aikana.<\/p>\n<p class=\"paragraph\">Kinnunen muistaa, kuinka korona-aikana teki p\u00e4iv\u00e4l\u00e4hetyst\u00e4 yksin kotoa \u201dk\u00f6yk\u00e4isill\u00e4 et\u00e4systeemeill\u00e4\u201d. Perhe asui omakotitalon rakentamisen ajan v\u00e4ist\u00f6kerrostalossa, jossa oli Kinnusen mukaan paperinohuet sein\u00e4t. Lapset olivat ensimm\u00e4isell\u00e4 ja kolmannella luokalla ja opettelivat koulunk\u00e4ynti\u00e4 keitti\u00f6ss\u00e4.<\/p>\n<p class=\"paragraph\">\u2013 Muistan, kun oli sellainen tilanne, ett\u00e4 lapset tappeli keitti\u00f6ss\u00e4 ja oli hirve\u00e4 mekastus ja huuto. Min\u00e4 huudan sinne, ett\u00e4 \u201dnyt kaikki hiljaa, mulla on s\u00e4<\/p>\n","protected":false},"excerpt":{"rendered":"Jenni Alexandrova ja Hanna Kinnunen juontavat Aito Iskelm\u00e4n aamua 12. tammikuuta alkaen. Vuodenvaihde tiet\u00e4\u00e4 uutta Jenni Alexandrovan ja&hellip;\n","protected":false},"author":2,"featured_media":139105,"comment_status":"","ping_status":"","sticky":false,"template":"","format":"standard","meta":{"footnotes":""},"categories":[136],"tags":[35,138,407,137,33,31,30,408,47,979,1999,32,139,109],"class_list":{"0":"post-139104","1":"post","2":"type-post","3":"status-publish","4":"format-standard","5":"has-post-thumbnail","7":"category-julkkikset","8":"tag-24h","9":"tag-audio","10":"tag-celebrities","11":"tag-entertainment","12":"tag-fi","13":"tag-finland","14":"tag-finnish","15":"tag-julkkikset","16":"tag-musiikki","17":"tag-sahkoinen-media","18":"tag-suomalaiset-tv-ohjelmat","19":"tag-suomi","20":"tag-tv-ohjelmat","21":"tag-viihde"},"share_on_mastodon":{"url":"https:\/\/pubeurope.com\/@fi\/115873885884546927","error":""},"_links":{"self":[{"href":"https:\/\/www.europesays.com\/fi\/wp-json\/wp\/v2\/posts\/139104","targetHints":{"allow":["GET"]}}],"collection":[{"href":"https:\/\/www.europesays.com\/fi\/wp-json\/wp\/v2\/posts"}],"about":[{"href":"https:\/\/www.europesays.com\/fi\/wp-json\/wp\/v2\/types\/post"}],"author":[{"embeddable":true,"href":"https:\/\/www.europesays.com\/fi\/wp-json\/wp\/v2\/users\/2"}],"replies":[{"embeddable":true,"href":"https:\/\/www.europesays.com\/fi\/wp-json\/wp\/v2\/comments?post=139104"}],"version-history":[{"count":0,"href":"https:\/\/www.europesays.com\/fi\/wp-json\/wp\/v2\/posts\/139104\/revisions"}],"wp:featuredmedia":[{"embeddable":true,"href":"https:\/\/www.europesays.com\/fi\/wp-json\/wp\/v2\/media\/139105"}],"wp:attachment":[{"href":"https:\/\/www.europesays.com\/fi\/wp-json\/wp\/v2\/media?parent=139104"}],"wp:term":[{"taxonomy":"category","embeddable":true,"href":"https:\/\/www.europesays.com\/fi\/wp-json\/wp\/v2\/categories?post=139104"},{"taxonomy":"post_tag","embeddable":true,"href":"https:\/\/www.europesays.com\/fi\/wp-json\/wp\/v2\/tags?post=139104"}],"curies":[{"name":"wp","href":"https:\/\/api.w.org\/{rel}","templated":true}]}}